{"id":64912,"date":"2015-12-17T14:37:26","date_gmt":"2015-12-17T17:37:26","guid":{"rendered":"http:\/\/www.eltrabajo.cl\/portal\/?p=64912"},"modified":"2015-12-17T14:37:26","modified_gmt":"2015-12-17T17:37:26","slug":"trabajadores-agricolas-y-de-la-construccion-los-mas-afectados-con-la-radiacion-uv","status":"publish","type":"post","link":"https:\/\/eltrabajo.cl\/portal\/trabajadores-agricolas-y-de-la-construccion-los-mas-afectados-con-la-radiacion-uv\/","title":{"rendered":"Trabajadores Agr\u00edcolas y de la Construcci\u00f3n los m\u00e1s afectados con la Radiaci\u00f3n UV"},"content":{"rendered":"<figure id=\"attachment_64913\" aria-describedby=\"caption-attachment-64913\" style=\"width: 300px\" class=\"wp-caption alignleft\"><img data-recalc-dims=\"1\" loading=\"lazy\" decoding=\"async\" class=\"wp-image-64913 size-medium\" src=\"https:\/\/i0.wp.com\/www.eltrabajo.cl\/portal\/wp-content\/uploads\/2015\/12\/FOTO-3-Mario-M%C3%A9ndez-Jefe-Oficina-Provincial-SEREMI-de-Salud-San-Felipe-300x198.jpg?resize=300%2C198\" alt=\"Mario M\u00e9ndez, Jefe Oficina Provincial SEREMI de Salud San Felipe.\" width=\"300\" height=\"198\" srcset=\"https:\/\/i0.wp.com\/eltrabajo.cl\/portal\/wp-content\/uploads\/2015\/12\/FOTO-3-Mario-M%C3%A9ndez-Jefe-Oficina-Provincial-SEREMI-de-Salud-San-Felipe.jpg?resize=300%2C198&amp;ssl=1 300w, https:\/\/i0.wp.com\/eltrabajo.cl\/portal\/wp-content\/uploads\/2015\/12\/FOTO-3-Mario-M%C3%A9ndez-Jefe-Oficina-Provincial-SEREMI-de-Salud-San-Felipe.jpg?resize=200%2C132&amp;ssl=1 200w, https:\/\/i0.wp.com\/eltrabajo.cl\/portal\/wp-content\/uploads\/2015\/12\/FOTO-3-Mario-M%C3%A9ndez-Jefe-Oficina-Provincial-SEREMI-de-Salud-San-Felipe.jpg?resize=227%2C150&amp;ssl=1 227w, https:\/\/i0.wp.com\/eltrabajo.cl\/portal\/wp-content\/uploads\/2015\/12\/FOTO-3-Mario-M%C3%A9ndez-Jefe-Oficina-Provincial-SEREMI-de-Salud-San-Felipe.jpg?resize=400%2C264&amp;ssl=1 400w, https:\/\/i0.wp.com\/eltrabajo.cl\/portal\/wp-content\/uploads\/2015\/12\/FOTO-3-Mario-M%C3%A9ndez-Jefe-Oficina-Provincial-SEREMI-de-Salud-San-Felipe.jpg?w=530&amp;ssl=1 530w\" sizes=\"auto, (max-width: 300px) 100vw, 300px\" \/><figcaption id=\"caption-attachment-64913\" class=\"wp-caption-text\">Mario M\u00e9ndez, Jefe Oficina Provincial SEREMI de Salud San Felipe.<\/figcaption><\/figure>\n<p>Dentro de las tem\u00e1ticas que buscan educar a los empleados en torno a su seguridad e integridad f\u00edsica, se encuentra el alto riesgo de c\u00e1ncer a la piel que tienen aqu\u00e9llos que desempe\u00f1an sus labores bajo los inclementes rayos de sol<br \/>\nHoy jueves en el Balneario Los Manantiales de Panquehue, la Seremi de Salud de la Regi\u00f3n de Valpara\u00edso, Mar\u00eda Graciela Astudillo, se reunir\u00e1 con distintas agrupaciones de trabajadores temporeros y empresas del sector agr\u00edcola del Valle de Aconcagua, para realizar el Lanzamiento de la Campa\u00f1a Nacional \u2018Es temporada de conocer tus derechos\u2019, que apunta precisamente a la protecci\u00f3n de la salud de los trabajadores Agr\u00edcolas.<br \/>\nEn la Jornada se realizar\u00e1n dos charlas de capacitaci\u00f3n para que los temporeros y dirigentes del rubro conozcan sus derechos como trabajadores desde la perspectiva de la Salud P\u00fablica.<br \/>\nAs\u00ed lo anunci\u00f3 Mario M\u00e9ndez, Jefe Oficina Provincial Seremi de Salud San Felipe, quien asegur\u00f3 que \u201cpensamos que nuestros trabajadores agr\u00edcolas adem\u00e1s de capacitarlos, se merecen alg\u00fan reconocimiento. Esta actividad va a ser certificada por parte de la Seremi de Salud y adem\u00e1s va ser un punto de encuentro para poder intercambiar aspectos de las condiciones laborales en las cuales se desarrolla esta actividad tan importante en la temporada de verano\u201d, puntualiz\u00f3.<br \/>\nEs precisamente este grupo de trabajadores el que se ve mayormente amenazado con una de las tem\u00e1ticas que se abordar\u00e1 en esta reuni\u00f3n con la autoridad sanitaria. El riesgo de c\u00e1ncer a la piel que corren los distintos empleados que trabajan todo el d\u00eda sobreexpuestos a la radiaci\u00f3n solar y que se incrementa considerablemente en per\u00edodo estival, recordando que en esta \u00e9poca del a\u00f1o es cuando m\u00e1s se siente en este hemisferio del continente, la ruptura de la capa de ozono.<br \/>\nSeg\u00fan M\u00e9ndez, en nuestra Zona del Aconcagua los oficios que se ven m\u00e1s amenazados por la radiaci\u00f3n UV, (Ultra Violeta), adem\u00e1s de los trabajadores agr\u00edcolas, son los obreros de la construcci\u00f3n, los jardineros, los parqu\u00edmetros, etc. Este contexto ha generado que la institucionalidad ambiental y de salud chilena establezca algunas normativas generales que deben ser cumplidas por empresarios y trabajadores.<br \/>\nDe acuerdo a esto indic\u00f3 que \u201cpor la naturaleza de su trabajo, algunas personas se exponen en la v\u00eda p\u00fablica y en horario de intensa actividad solar, por ello los trabajadores deben contar principalmente con ropas adecuadas, por ejemplo, poleras manga larga, gorros tipo legionario y la utilizaci\u00f3n de lentes con filtro UV, adem\u00e1s de la obligatoriedad de entregar bloqueadores solares en crema para que se puedan aplicar\u201d, expuso.<br \/>\nSeg\u00fan el personero sanitario, aqu\u00e9llos empresarios, contratistas o empleadores, de peque\u00f1os o grandes grupos de trabajo, que no proporcionen estos elementos a sus empleados, se ver\u00e1n sometidos a sumario bajo los par\u00e1metros de la Ley de Ozono, que impera en nuestro Pa\u00eds y que conlleva la aplicaci\u00f3n de fuertes multas econ\u00f3micas a quienes no cumplan con la normativa mandante.<br \/>\nOtro punto importante relacionado con los oficios que est\u00e1n m\u00e1s expuestos a las altas temperaturas, es el tema de la hidrataci\u00f3n. Los trabajadores deben beber l\u00edquidos constantemente con el objetivo de no sufrir un cuadro de insolaci\u00f3n o deshidrataci\u00f3n severo.<br \/>\nM\u00e9ndez agreg\u00f3 que esta situaci\u00f3n se hace extensiva al resto de la sociedad, que en per\u00edodo estival frecuenta piscinas, balnearios, playas y quedan muy expuestos a la alta actividad solar que se registra entre las 11 de la ma\u00f1ana y las 4 de la tarde. Ante esto, recomend\u00f3 la utilizaci\u00f3n de bloqueador solar con un factor sobre 50, los cuales pueden jugar un papel importante en la contenci\u00f3n de la radiaci\u00f3n UV.<\/p>\n","protected":false},"excerpt":{"rendered":"<p>Dentro de las tem\u00e1ticas que buscan educar a los empleados en torno a su seguridad e integridad f\u00edsica, se encuentra el alto riesgo de c\u00e1ncer a la piel que tienen aqu\u00e9llos que&#8230;<\/p>\n","protected":false},"author":482,"featured_media":64913,"comment_status":"open","ping_status":"open","sticky":false,"template":"","format":"standard","meta":{"advanced_seo_description":"","jetpack_seo_html_title":"","jetpack_seo_noindex":false,"_jetpack_memberships_contains_paid_content":false,"footnotes":""},"categories":[15],"tags":[],"class_list":["post-64912","post","type-post","status-publish","format-standard","has-post-thumbnail","hentry","category-comunidad"],"jetpack_featured_media_url":"https:\/\/i0.wp.com\/eltrabajo.cl\/portal\/wp-content\/uploads\/2015\/12\/FOTO-3-Mario-M%C3%A9ndez-Jefe-Oficina-Provincial-SEREMI-de-Salud-San-Felipe.jpg?fit=530%2C350&ssl=1","jetpack_sharing_enabled":true,"jetpack_likes_enabled":true,"jetpack-related-posts":[],"_links":{"self":[{"href":"https:\/\/eltrabajo.cl\/portal\/wp-json\/wp\/v2\/posts\/64912","targetHints":{"allow":["GET"]}}],"collection":[{"href":"https:\/\/eltrabajo.cl\/portal\/wp-json\/wp\/v2\/posts"}],"about":[{"href":"https:\/\/eltrabajo.cl\/portal\/wp-json\/wp\/v2\/types\/post"}],"author":[{"embeddable":true,"href":"https:\/\/eltrabajo.cl\/portal\/wp-json\/wp\/v2\/users\/482"}],"replies":[{"embeddable":true,"href":"https:\/\/eltrabajo.cl\/portal\/wp-json\/wp\/v2\/comments?post=64912"}],"version-history":[{"count":0,"href":"https:\/\/eltrabajo.cl\/portal\/wp-json\/wp\/v2\/posts\/64912\/revisions"}],"wp:featuredmedia":[{"embeddable":true,"href":"https:\/\/eltrabajo.cl\/portal\/wp-json\/wp\/v2\/media\/64913"}],"wp:attachment":[{"href":"https:\/\/eltrabajo.cl\/portal\/wp-json\/wp\/v2\/media?parent=64912"}],"wp:term":[{"taxonomy":"category","embeddable":true,"href":"https:\/\/eltrabajo.cl\/portal\/wp-json\/wp\/v2\/categories?post=64912"},{"taxonomy":"post_tag","embeddable":true,"href":"https:\/\/eltrabajo.cl\/portal\/wp-json\/wp\/v2\/tags?post=64912"}],"curies":[{"name":"wp","href":"https:\/\/api.w.org\/{rel}","templated":true}]}}