{"id":64915,"date":"2015-12-17T14:41:21","date_gmt":"2015-12-17T17:41:21","guid":{"rendered":"http:\/\/www.eltrabajo.cl\/portal\/?p=64915"},"modified":"2015-12-17T14:41:21","modified_gmt":"2015-12-17T17:41:21","slug":"autoridades-inauguran-centro-de-emprendimiento-e-innovacion-en-la-provincia-de-san-felipe","status":"publish","type":"post","link":"https:\/\/eltrabajo.cl\/portal\/autoridades-inauguran-centro-de-emprendimiento-e-innovacion-en-la-provincia-de-san-felipe\/","title":{"rendered":"Autoridades inauguran Centro de Emprendimiento e Innovaci\u00f3n en la Provincia de San Felipe"},"content":{"rendered":"<figure id=\"attachment_64916\" aria-describedby=\"caption-attachment-64916\" style=\"width: 300px\" class=\"wp-caption alignleft\"><img data-recalc-dims=\"1\" loading=\"lazy\" decoding=\"async\" class=\"wp-image-64916 size-medium\" src=\"https:\/\/i0.wp.com\/www.eltrabajo.cl\/portal\/wp-content\/uploads\/2015\/12\/Centro-de-emprendimiento-300x198.jpg?resize=300%2C198\" alt=\"Diversas autoridades participaron de la inauguraci\u00f3n de este Centro de Emprendimiento e Innovaci\u00f3n para la provincia.\" width=\"300\" height=\"198\" srcset=\"https:\/\/i0.wp.com\/eltrabajo.cl\/portal\/wp-content\/uploads\/2015\/12\/Centro-de-emprendimiento.jpg?resize=300%2C198&amp;ssl=1 300w, https:\/\/i0.wp.com\/eltrabajo.cl\/portal\/wp-content\/uploads\/2015\/12\/Centro-de-emprendimiento.jpg?resize=200%2C132&amp;ssl=1 200w, https:\/\/i0.wp.com\/eltrabajo.cl\/portal\/wp-content\/uploads\/2015\/12\/Centro-de-emprendimiento.jpg?resize=228%2C150&amp;ssl=1 228w, https:\/\/i0.wp.com\/eltrabajo.cl\/portal\/wp-content\/uploads\/2015\/12\/Centro-de-emprendimiento.jpg?resize=400%2C263&amp;ssl=1 400w, https:\/\/i0.wp.com\/eltrabajo.cl\/portal\/wp-content\/uploads\/2015\/12\/Centro-de-emprendimiento.jpg?w=530&amp;ssl=1 530w\" sizes=\"auto, (max-width: 300px) 100vw, 300px\" \/><figcaption id=\"caption-attachment-64916\" class=\"wp-caption-text\">Diversas autoridades participaron de la inauguraci\u00f3n de este Centro de Emprendimiento e Innovaci\u00f3n para la provincia.<\/figcaption><\/figure>\n<ul>\n<li><strong>Oficina se logr\u00f3 gracias a un proyecto presentado por la Upla y financiado por el Gobierno Regional a trav\u00e9s del Fondo de Innovaci\u00f3n para la Competitividad.<\/strong><\/li>\n<\/ul>\n<p>Con la presencia de destacadas autoridades de diversas entidades relacionadas con el emprendimiento, es que este martes se realiz\u00f3 la inauguraci\u00f3n del CEI Aconcagua, proyecto financiado por el Gobierno Regional de Valpara\u00edso a trav\u00e9s del fondo de innovaci\u00f3n para la competitividad FIC &#8211; R 2014, que tendr\u00e1 como objetivo atender a todos los empresarios y emprendedores de la Provincia de San Felipe de Aconcagua, con el fin de generar capacidades que permitan la innovaci\u00f3n y el emprendimiento para toda la vida.<br \/>\nA pesar de estar funcionando hace algunas semanas, se escogi\u00f3 esta fecha para desarrollar esta actividad, buscando realizar un recuento de las acciones que se han desarrollado desde su puesta en marcha.<br \/>\nEste es un proyecto ejecutado por la Universidad de Playa a trav\u00e9s del N\u00facleo de Innovaci\u00f3n quienes desde abril del presente a\u00f1o han estado realizando una serie de actividades para el desarrollo de esta iniciativa.<br \/>\nEn esa l\u00ednea, Patricio Ib\u00e1\u00f1ez, vicerrector del campus San Felipe de la Upla, manifest\u00f3 que \u201cnuestra universidad no puede quedarse \u00fanicamente con la docencia, sino que requiere tener vinculaci\u00f3n con el medio y ser un aporte al desarrollo de la regi\u00f3n, y eso es lo que precisamente busca este centro: ser un aporte para el Valle de Aconcagua y apoyar todas las iniciativas de emprendimiento que existan\u201d. se\u00f1al\u00f3.<br \/>\nPor su parte, el gobernador Eduardo Le\u00f3n enfatiz\u00f3 que \u201cuna incubadora de empresas, un centro de apoyo a los empresarios, un espacio colaborativo es lo que necesita San Felipe y el Valle de Aconcagua. Hemos hablado con varios actores para que esto se haga posible. Nosotros agradecemos a la Upla por presentar este proyecto al FIC y damos la bienvenida a los innovadores, emprendedores y gente que tenga ganas de generar trabajo y empleo\u201d, manifest\u00f3 la m\u00e1xima autoridad provincial.<br \/>\nEl Consejero Regional, Mario Sottolichio, relev\u00f3 este proyecto financiado por el Gore de Valpara\u00edso, que tiene como objetivo \u201cdesarrollar investigaci\u00f3n, propuestas y discusi\u00f3n de pol\u00edticas innovadoras, de tal manera que cualquier persona que quiere emprender pueda encontrar respaldo t\u00e9cnico, profesional y econ\u00f3mico\u201d, agreg\u00f3 el Core.<br \/>\nLas oficinas del CEI (Centro de Emprendimiento e Innovaci\u00f3n) Aconcagua, ubicadas en Salinas 397 San Felipe, cuenta con espacios destinados al trabajo colaborativo de emprendedores y empresarios, una sala de reuniones, espacio de cowork, computadores, y lo necesario para que los usuarios utilicen los espacios de manera gratuita.<\/p>\n","protected":false},"excerpt":{"rendered":"<p>Oficina se logr\u00f3 gracias a un proyecto presentado por la Upla y financiado por el Gobierno Regional a trav\u00e9s del Fondo de Innovaci\u00f3n para la Competitividad. Con la presencia de destacadas autoridades&#8230;<\/p>\n","protected":false},"author":482,"featured_media":64916,"comment_status":"open","ping_status":"open","sticky":false,"template":"","format":"standard","meta":{"advanced_seo_description":"","jetpack_seo_html_title":"","jetpack_seo_noindex":false,"_jetpack_memberships_contains_paid_content":false,"footnotes":""},"categories":[1],"tags":[],"class_list":["post-64915","post","type-post","status-publish","format-standard","has-post-thumbnail","hentry","category-cronica"],"jetpack_featured_media_url":"https:\/\/i0.wp.com\/eltrabajo.cl\/portal\/wp-content\/uploads\/2015\/12\/Centro-de-emprendimiento.jpg?fit=530%2C349&ssl=1","jetpack_sharing_enabled":true,"jetpack_likes_enabled":true,"jetpack-related-posts":[],"_links":{"self":[{"href":"https:\/\/eltrabajo.cl\/portal\/wp-json\/wp\/v2\/posts\/64915","targetHints":{"allow":["GET"]}}],"collection":[{"href":"https:\/\/eltrabajo.cl\/portal\/wp-json\/wp\/v2\/posts"}],"about":[{"href":"https:\/\/eltrabajo.cl\/portal\/wp-json\/wp\/v2\/types\/post"}],"author":[{"embeddable":true,"href":"https:\/\/eltrabajo.cl\/portal\/wp-json\/wp\/v2\/users\/482"}],"replies":[{"embeddable":true,"href":"https:\/\/eltrabajo.cl\/portal\/wp-json\/wp\/v2\/comments?post=64915"}],"version-history":[{"count":0,"href":"https:\/\/eltrabajo.cl\/portal\/wp-json\/wp\/v2\/posts\/64915\/revisions"}],"wp:featuredmedia":[{"embeddable":true,"href":"https:\/\/eltrabajo.cl\/portal\/wp-json\/wp\/v2\/media\/64916"}],"wp:attachment":[{"href":"https:\/\/eltrabajo.cl\/portal\/wp-json\/wp\/v2\/media?parent=64915"}],"wp:term":[{"taxonomy":"category","embeddable":true,"href":"https:\/\/eltrabajo.cl\/portal\/wp-json\/wp\/v2\/categories?post=64915"},{"taxonomy":"post_tag","embeddable":true,"href":"https:\/\/eltrabajo.cl\/portal\/wp-json\/wp\/v2\/tags?post=64915"}],"curies":[{"name":"wp","href":"https:\/\/api.w.org\/{rel}","templated":true}]}}