{"id":64918,"date":"2015-12-17T14:43:06","date_gmt":"2015-12-17T17:43:06","guid":{"rendered":"http:\/\/www.eltrabajo.cl\/portal\/?p=64918"},"modified":"2015-12-17T14:43:06","modified_gmt":"2015-12-17T17:43:06","slug":"pdc-san-felipe-aun-no-define-si-apoyara-reeleccion-de-freire-o-presentara-candidato","status":"publish","type":"post","link":"https:\/\/eltrabajo.cl\/portal\/pdc-san-felipe-aun-no-define-si-apoyara-reeleccion-de-freire-o-presentara-candidato\/","title":{"rendered":"PDC San Felipe a\u00fan no define si apoyar\u00e1 reelecci\u00f3n de Freire o presentar\u00e1 Candidato"},"content":{"rendered":"<figure id=\"attachment_64919\" aria-describedby=\"caption-attachment-64919\" style=\"width: 300px\" class=\"wp-caption alignleft\"><img data-recalc-dims=\"1\" loading=\"lazy\" decoding=\"async\" class=\"wp-image-64919 size-medium\" src=\"https:\/\/i0.wp.com\/www.eltrabajo.cl\/portal\/wp-content\/uploads\/2015\/12\/Basilio-Muena-Concejal-de-San-Felipe-300x198.jpg?resize=300%2C198\" alt=\"Basilio Muena, Presidente distrital del PDC.\" width=\"300\" height=\"198\" srcset=\"https:\/\/i0.wp.com\/eltrabajo.cl\/portal\/wp-content\/uploads\/2015\/12\/Basilio-Muena-Concejal-de-San-Felipe.jpg?resize=300%2C198&amp;ssl=1 300w, https:\/\/i0.wp.com\/eltrabajo.cl\/portal\/wp-content\/uploads\/2015\/12\/Basilio-Muena-Concejal-de-San-Felipe.jpg?resize=200%2C132&amp;ssl=1 200w, https:\/\/i0.wp.com\/eltrabajo.cl\/portal\/wp-content\/uploads\/2015\/12\/Basilio-Muena-Concejal-de-San-Felipe.jpg?resize=228%2C150&amp;ssl=1 228w, https:\/\/i0.wp.com\/eltrabajo.cl\/portal\/wp-content\/uploads\/2015\/12\/Basilio-Muena-Concejal-de-San-Felipe.jpg?resize=400%2C263&amp;ssl=1 400w, https:\/\/i0.wp.com\/eltrabajo.cl\/portal\/wp-content\/uploads\/2015\/12\/Basilio-Muena-Concejal-de-San-Felipe.jpg?w=530&amp;ssl=1 530w\" sizes=\"auto, (max-width: 300px) 100vw, 300px\" \/><figcaption id=\"caption-attachment-64919\" class=\"wp-caption-text\">Basilio Muena, Presidente distrital del PDC.<\/figcaption><\/figure>\n<ul>\n<li><strong>Lo que s\u00ed ya se defini\u00f3 en la DC es la precandidatura de 8 candidatos a concejal que ser\u00e1n sometidos a un proceso de elecci\u00f3n primaria el pr\u00f3ximo 13 de marzo.<\/strong><\/li>\n<\/ul>\n<p>El presidente distrital de la Democracia Cristiana, condicion\u00f3 el apoyo que eventualmente le brindar\u00eda el PDC a la reelecci\u00f3n del alcalde Patricio Freire en las pr\u00f3ximas elecciones municipales en octubre de 2016 y junto con esto anunci\u00f3 que ya est\u00e1n definidos los 8 candidatos a Concejales que en San Felipe tendr\u00e1n que competir en elecciones primarias, para representar a la falange en aqu\u00e9l proceso democr\u00e1tico.<br \/>\nSeg\u00fan Muena, a\u00fan no existe consenso ni definici\u00f3n respecto de la postura que tomar\u00e1 su partido ante la eventual candidatura a reelecci\u00f3n del edil sanfelipe\u00f1o Patricio Freire y asegur\u00f3 que \u00abactualmente no existe una disposici\u00f3n de los partidos de la nueva mayor\u00eda de apoyar al actual alcalde, eso ha salido a partir de algunos trascendidos de algunos integrantes de la coalici\u00f3n, pero a\u00fan no est\u00e1 resuelto. Estamos en conversaciones de poder definir qu\u00e9 es lo mejor para los intereses de la Nueva Mayor\u00eda, ver los candidatos de cada uno de los partidos que se puedan presentar. La DC est\u00e1 con la intenci\u00f3n de levantar una propuesta, una alternativa para San Felipe y obviamente tendremos que conversarlo y definir en conjunto de acuerdo a las condiciones del escenario pol\u00edtico que tengamos en la ciudad\u00bb, expres\u00f3.<br \/>\nRespecto de cu\u00e1les son las directrices que pretende establecer el PDC para las pr\u00f3ximas elecciones municipales, Muena afirm\u00f3 que \u00abel principio que rige la negociaci\u00f3n de los partidos de la nueva mayor\u00eda es obviamente el candidato \u00fanico, en las comunas que tenemos un alcalde con una buena votaci\u00f3n obviamente es proteger a ese edil en ejercicio, poder respaldarlo en su gesti\u00f3n. En las comunas que no tenemos alcaldes del conglomerado ah\u00ed se tendr\u00e1 que determinar con el resto de los partidos; el mecanismo para elegir un candidato \u00fanico est\u00e1 establecido, los pactos, las alianzas, las encuestas y por supuesto las primarias democr\u00e1ticas\u00bb, enfatiz\u00f3.<br \/>\nEn cuanto a la candidatura de los concejales, Muena adujo que pese a que hay que esperar la postura nacional de su partido, se est\u00e1 trabajando a\u00fan en la posibilidad de generar un pacto con el Partido Socialista, PS, para definir a los postulantes, esto avalado en el muy buen antecedente que dej\u00f3 esta uni\u00f3n el a\u00f1o 2012 y de forma paralela, reconoci\u00f3 cierto acercamiento con el Partido Radical.<br \/>\n\u00abEsperamos hacer una buena lista de concejales, lo importante es establecer una lista equilibrada en la cual todos los partidos de la nueva mayor\u00eda podamos competir en igualdad de condiciones, pero lo m\u00e1s probable es q se selle un pacto con el PS y eso tiene mucho de historia porque la alianza democr\u00e1tica que dio origen a la Concertaci\u00f3n fue precisamente la convergencia entre el PS Y la DC\u00bb, apunt\u00f3.<br \/>\nAs\u00ed mismo Muena recalc\u00f3 que \u00abes un tema que a\u00fan est\u00e1 en desarrollo, para poder sellar pr\u00f3ximamente lo que son los pactos y subpactos, sin embargo, en los \u00faltimos a\u00f1os eso se ha visto reflejado en las listas de concejales, el 2012 alcanzamos una importante votaci\u00f3n en todo el pa\u00eds y logramos un n\u00famero importante de concejales electos\u00bb, ratific\u00f3.<br \/>\nFinalmente el personero se mostr\u00f3 muy contento ante el n\u00famero de candidatos que ha logrado la DC a nivel local y junto con esto ratific\u00f3 la fecha de realizaci\u00f3n de las elecciones primarias del partido, describiendo que \u00abtenemos una importante lista de candidatos a concejales, hombres y mujeres, militantes e independientes, que est\u00e1n dispuestos a competir en esta primera instancia que se va a desarrollar el domingo 13 de marzo, as\u00ed que no queda m\u00e1s que invitar a toda la comunidad a votar, ya que, es el \u00fanico partido que, por el momento, ac\u00e1 en el Valle de Aconcagua, elige a sus representantes a los cargos de elecci\u00f3n popular, con un proceso de cara a la comunidad como son las primarias abiertas\u00bb, enfatiz\u00f3<br \/>\nSeg\u00fan Muena, los candidatos del PDC son: Adelaida Escalona, Elizabeth Reyes, Enrique Contreras, Fernando Jara, Felipe Vallespir, Pierina Rivillo, Susy Meza y Luis Pinilla. Ellos tendr\u00e1n que medirse en las urnas el pr\u00f3ximo 13 de marzo para definir a los definitivos candidatos a concejales del PDC en la comuna de San Felipe.<\/p>\n","protected":false},"excerpt":{"rendered":"<p>Lo que s\u00ed ya se defini\u00f3 en la DC es la precandidatura de 8 candidatos a concejal que ser\u00e1n sometidos a un proceso de elecci\u00f3n primaria el pr\u00f3ximo 13 de marzo. El&#8230;<\/p>\n","protected":false},"author":482,"featured_media":64919,"comment_status":"open","ping_status":"open","sticky":false,"template":"","format":"standard","meta":{"advanced_seo_description":"","jetpack_seo_html_title":"","jetpack_seo_noindex":false,"_jetpack_memberships_contains_paid_content":false,"footnotes":""},"categories":[1],"tags":[],"class_list":["post-64918","post","type-post","status-publish","format-standard","has-post-thumbnail","hentry","category-cronica"],"jetpack_featured_media_url":"https:\/\/i0.wp.com\/eltrabajo.cl\/portal\/wp-content\/uploads\/2015\/12\/Basilio-Muena-Concejal-de-San-Felipe.jpg?fit=530%2C349&ssl=1","jetpack_sharing_enabled":true,"jetpack_likes_enabled":true,"jetpack-related-posts":[],"_links":{"self":[{"href":"https:\/\/eltrabajo.cl\/portal\/wp-json\/wp\/v2\/posts\/64918","targetHints":{"allow":["GET"]}}],"collection":[{"href":"https:\/\/eltrabajo.cl\/portal\/wp-json\/wp\/v2\/posts"}],"about":[{"href":"https:\/\/eltrabajo.cl\/portal\/wp-json\/wp\/v2\/types\/post"}],"author":[{"embeddable":true,"href":"https:\/\/eltrabajo.cl\/portal\/wp-json\/wp\/v2\/users\/482"}],"replies":[{"embeddable":true,"href":"https:\/\/eltrabajo.cl\/portal\/wp-json\/wp\/v2\/comments?post=64918"}],"version-history":[{"count":0,"href":"https:\/\/eltrabajo.cl\/portal\/wp-json\/wp\/v2\/posts\/64918\/revisions"}],"wp:featuredmedia":[{"embeddable":true,"href":"https:\/\/eltrabajo.cl\/portal\/wp-json\/wp\/v2\/media\/64919"}],"wp:attachment":[{"href":"https:\/\/eltrabajo.cl\/portal\/wp-json\/wp\/v2\/media?parent=64918"}],"wp:term":[{"taxonomy":"category","embeddable":true,"href":"https:\/\/eltrabajo.cl\/portal\/wp-json\/wp\/v2\/categories?post=64918"},{"taxonomy":"post_tag","embeddable":true,"href":"https:\/\/eltrabajo.cl\/portal\/wp-json\/wp\/v2\/tags?post=64918"}],"curies":[{"name":"wp","href":"https:\/\/api.w.org\/{rel}","templated":true}]}}