{"id":64921,"date":"2015-12-17T14:45:29","date_gmt":"2015-12-17T17:45:29","guid":{"rendered":"http:\/\/www.eltrabajo.cl\/portal\/?p=64921"},"modified":"2015-12-17T14:45:29","modified_gmt":"2015-12-17T17:45:29","slug":"cuatro-damnificados-en-incendio-que-destruyo-totalmente-casa-de-madera","status":"publish","type":"post","link":"https:\/\/eltrabajo.cl\/portal\/cuatro-damnificados-en-incendio-que-destruyo-totalmente-casa-de-madera\/","title":{"rendered":"Cuatro damnificados en incendio que destruy\u00f3 totalmente casa de madera"},"content":{"rendered":"<figure id=\"attachment_64922\" aria-describedby=\"caption-attachment-64922\" style=\"width: 300px\" class=\"wp-caption alignleft\"><img data-recalc-dims=\"1\" loading=\"lazy\" decoding=\"async\" class=\"wp-image-64922 size-medium\" src=\"https:\/\/i0.wp.com\/www.eltrabajo.cl\/portal\/wp-content\/uploads\/2015\/12\/cobre3-300x198.jpg?resize=300%2C198\" alt=\"La imagen es elocuente para graficar los da\u00f1os causados por el fuego.\" width=\"300\" height=\"198\" srcset=\"https:\/\/i0.wp.com\/eltrabajo.cl\/portal\/wp-content\/uploads\/2015\/12\/cobre3.jpg?resize=300%2C198&amp;ssl=1 300w, https:\/\/i0.wp.com\/eltrabajo.cl\/portal\/wp-content\/uploads\/2015\/12\/cobre3.jpg?resize=200%2C132&amp;ssl=1 200w, https:\/\/i0.wp.com\/eltrabajo.cl\/portal\/wp-content\/uploads\/2015\/12\/cobre3.jpg?resize=228%2C150&amp;ssl=1 228w, https:\/\/i0.wp.com\/eltrabajo.cl\/portal\/wp-content\/uploads\/2015\/12\/cobre3.jpg?resize=400%2C263&amp;ssl=1 400w, https:\/\/i0.wp.com\/eltrabajo.cl\/portal\/wp-content\/uploads\/2015\/12\/cobre3.jpg?w=530&amp;ssl=1 530w\" sizes=\"auto, (max-width: 300px) 100vw, 300px\" \/><figcaption id=\"caption-attachment-64922\" class=\"wp-caption-text\">La imagen es elocuente para graficar los da\u00f1os causados por el fuego.<\/figcaption><\/figure>\n<p><strong>SAN ESTEBAN.<\/strong>&#8211; Un incendio de proporciones destruy\u00f3 por completo una vivienda de madera en el sector El Cobre en la comuna de San Esteban.<br \/>\nEl siniestro se declar\u00f3 cerca de las 17 horas en el inmueble ubicado en el pasaje Santa Marta de la villa El Mirador, de propiedad de Cecilia Campos Figueroa.<br \/>\nEl Capit\u00e1n de la Primera Compa\u00f1\u00eda de Bomberos de San Esteban \u2018Bomba 26 de Diciembre\u2019, Capit\u00e1n Mitchel Herrera, indic\u00f3 que por el tipo de construcci\u00f3n las llamas consumieron la totalidad del inmueble compuesto de tres habitaciones.<br \/>\nPrecis\u00f3 que al momento del inicio del siniestro estaba la madre y su hijo, un ni\u00f1o de 6 a\u00f1os. El menor estaba en una pieza y se percat\u00f3 de humo, avis\u00f3 a la mam\u00e1, pidi\u00f3 auxilio a vecinos, quienes intentaron controlar el fuego pero no pudieron.<br \/>\nEl oficial confirm\u00f3 que cuatro personas resultaron damnificadas, dos de ellos menores de edad y quedaron casi con lo puesto debido a que el r\u00e1pido avance del fuego no les permiti\u00f3 rescatar ninguno de sus enseres.<br \/>\nAl lugar debieron concurrir tres carros bomba con 15 voluntarios m\u00e1s el apoyo del carro aljibe de la municipalidad para evitar la propagaci\u00f3n a casas contiguas.<br \/>\nEl oficial dijo que por el momento no hay indicios sobre la causa del siniestro, lo cual deber\u00e1 ser establecido por los peritajes del departamento t\u00e9cnico de la instituci\u00f3n.<\/p>\n","protected":false},"excerpt":{"rendered":"<p>SAN ESTEBAN.&#8211; Un incendio de proporciones destruy\u00f3 por completo una vivienda de madera en el sector El Cobre en la comuna de San Esteban. El siniestro se declar\u00f3 cerca de las 17&#8230;<\/p>\n","protected":false},"author":482,"featured_media":64922,"comment_status":"open","ping_status":"open","sticky":false,"template":"","format":"standard","meta":{"advanced_seo_description":"","jetpack_seo_html_title":"","jetpack_seo_noindex":false,"_jetpack_memberships_contains_paid_content":false,"footnotes":""},"categories":[21],"tags":[],"class_list":["post-64921","post","type-post","status-publish","format-standard","has-post-thumbnail","hentry","category-policial"],"jetpack_featured_media_url":"https:\/\/i0.wp.com\/eltrabajo.cl\/portal\/wp-content\/uploads\/2015\/12\/cobre3.jpg?fit=530%2C349&ssl=1","jetpack_sharing_enabled":true,"jetpack_likes_enabled":true,"jetpack-related-posts":[],"_links":{"self":[{"href":"https:\/\/eltrabajo.cl\/portal\/wp-json\/wp\/v2\/posts\/64921","targetHints":{"allow":["GET"]}}],"collection":[{"href":"https:\/\/eltrabajo.cl\/portal\/wp-json\/wp\/v2\/posts"}],"about":[{"href":"https:\/\/eltrabajo.cl\/portal\/wp-json\/wp\/v2\/types\/post"}],"author":[{"embeddable":true,"href":"https:\/\/eltrabajo.cl\/portal\/wp-json\/wp\/v2\/users\/482"}],"replies":[{"embeddable":true,"href":"https:\/\/eltrabajo.cl\/portal\/wp-json\/wp\/v2\/comments?post=64921"}],"version-history":[{"count":0,"href":"https:\/\/eltrabajo.cl\/portal\/wp-json\/wp\/v2\/posts\/64921\/revisions"}],"wp:featuredmedia":[{"embeddable":true,"href":"https:\/\/eltrabajo.cl\/portal\/wp-json\/wp\/v2\/media\/64922"}],"wp:attachment":[{"href":"https:\/\/eltrabajo.cl\/portal\/wp-json\/wp\/v2\/media?parent=64921"}],"wp:term":[{"taxonomy":"category","embeddable":true,"href":"https:\/\/eltrabajo.cl\/portal\/wp-json\/wp\/v2\/categories?post=64921"},{"taxonomy":"post_tag","embeddable":true,"href":"https:\/\/eltrabajo.cl\/portal\/wp-json\/wp\/v2\/tags?post=64921"}],"curies":[{"name":"wp","href":"https:\/\/api.w.org\/{rel}","templated":true}]}}