{"id":64930,"date":"2015-12-17T14:51:06","date_gmt":"2015-12-17T17:51:06","guid":{"rendered":"http:\/\/www.eltrabajo.cl\/portal\/?p=64930"},"modified":"2021-06-11T16:40:31","modified_gmt":"2021-06-11T20:40:31","slug":"carcel-para-trio-delictual-que-apunalo-y-robo-a-taxista-en-michimalongo","status":"publish","type":"post","link":"https:\/\/eltrabajo.cl\/portal\/carcel-para-trio-delictual-que-apunalo-y-robo-a-taxista-en-michimalongo\/","title":{"rendered":"C\u00e1rcel para tr\u00edo delictual que apu\u00f1al\u00f3 y rob\u00f3 a taxista en Michimalongo"},"content":{"rendered":"<figure id=\"attachment_64931\" aria-describedby=\"caption-attachment-64931\" style=\"width: 530px\" class=\"wp-caption alignleft\"><img data-recalc-dims=\"1\" loading=\"lazy\" decoding=\"async\" class=\"wp-image-64931 size-full\" src=\"https:\/\/i0.wp.com\/eltrabajo.cl\/portal\/wp-content\/uploads\/2015\/12\/hombres-de-negro.jpg?resize=530%2C348&#038;ssl=1\" alt=\"Jonathan Wladimir Caro Lafqu\u00e9n (23) y J. A.C.C., domiciliados en la comuna de San Felipe, de la misma forma deber\u00e1n pagar el crimen tras las rejas.\" width=\"530\" height=\"348\" srcset=\"https:\/\/i0.wp.com\/eltrabajo.cl\/portal\/wp-content\/uploads\/2015\/12\/hombres-de-negro.jpg?w=530&amp;ssl=1 530w, https:\/\/i0.wp.com\/eltrabajo.cl\/portal\/wp-content\/uploads\/2015\/12\/hombres-de-negro.jpg?resize=200%2C131&amp;ssl=1 200w, https:\/\/i0.wp.com\/eltrabajo.cl\/portal\/wp-content\/uploads\/2015\/12\/hombres-de-negro.jpg?resize=300%2C197&amp;ssl=1 300w, https:\/\/i0.wp.com\/eltrabajo.cl\/portal\/wp-content\/uploads\/2015\/12\/hombres-de-negro.jpg?resize=228%2C150&amp;ssl=1 228w, https:\/\/i0.wp.com\/eltrabajo.cl\/portal\/wp-content\/uploads\/2015\/12\/hombres-de-negro.jpg?resize=400%2C263&amp;ssl=1 400w\" sizes=\"auto, (max-width: 530px) 100vw, 530px\" \/><figcaption id=\"caption-attachment-64931\" class=\"wp-caption-text\">Jonathan Wladimir Caro Lafqu\u00e9n (23) y J. A.C.C., domiciliados en la comuna de San Felipe, de la misma forma deber\u00e1n pagar el crimen tras las rejas.<\/figcaption><\/figure>\n<ul>\n<li><strong>Los integrantes de la banda, entre ellos una mujer, propinaron heridas cortopunzantes en el hombro del joven taxista a quien adem\u00e1s golpearon y dejaron abandonado en calle Michimalongo. Los condenados huyeron en el veh\u00edculo de la v\u00edctima que fue hallado en medio de la carretera San Mart\u00edn de San Felipe.<\/strong><\/li>\n<\/ul>\n<p>El Tribunal Oral en Lo Penal de San Felipe conden\u00f3 a siete a\u00f1os de c\u00e1rcel a cada uno de los tres integrantes de una banda delictual que perpetr\u00f3 un robo con intimidaci\u00f3n a un taxista. En este hecho, la v\u00edctima fue apu\u00f1alada y abandonada en calle Michimalongo de esta comuna, sufriendo adem\u00e1s el robo de diversas especies que se encontraban dentro de su autom\u00f3vil.<br \/>\nEl caso fue investigado por la Fiscal\u00eda que acus\u00f3 durante el juicio a la banda compuesta por J.A.C.C., Jonathan Wladimir Caro Lafqu\u00e9n y Jesabel Ester L\u00f3pez Pino, quienes el d\u00eda 18 de agosto de 2014 a eso de las 02:40 horas de la madrugada, abordaron al taxista que conduc\u00eda su veh\u00edculo marca Toyota por calle Merced esquina Combate de Las Coimas de San Felipe, solicitando trasladarlos hasta el sector de Tierras Blancas.<br \/>\nEl chofer, al observar actitudes sospechosas de estos sujetos, les requiri\u00f3 que cancelaran la totalidad de carrera, pero estos delincuentes le manifestaron que no contaban con dinero y uno de ellos extrajo de entre sus vestimentas un cuchillo tipo mariposa y propin\u00f3 diversas puntadas sobre el hombro del conductor de iniciales Y.S.B. de 30 a\u00f1os de edad.<\/p>\n<figure id=\"attachment_64932\" aria-describedby=\"caption-attachment-64932\" style=\"width: 300px\" class=\"wp-caption alignright\"><img data-recalc-dims=\"1\" loading=\"lazy\" decoding=\"async\" class=\"wp-image-64932 size-medium\" src=\"https:\/\/i0.wp.com\/www.eltrabajo.cl\/portal\/wp-content\/uploads\/2015\/12\/JESABEL-LOPEZ-PINO-300x198.jpg?resize=300%2C198\" alt=\"La mujer integrante de la banda delictual Jesabel Ester L\u00f3pez Pino de 20 a\u00f1os de edad, fue condenada a siete a\u00f1os de c\u00e1rcel por su participaci\u00f3n en el robo con intimidaci\u00f3n.\" width=\"300\" height=\"198\" srcset=\"https:\/\/i0.wp.com\/eltrabajo.cl\/portal\/wp-content\/uploads\/2015\/12\/JESABEL-LOPEZ-PINO.jpg?resize=300%2C198&amp;ssl=1 300w, https:\/\/i0.wp.com\/eltrabajo.cl\/portal\/wp-content\/uploads\/2015\/12\/JESABEL-LOPEZ-PINO.jpg?resize=200%2C132&amp;ssl=1 200w, https:\/\/i0.wp.com\/eltrabajo.cl\/portal\/wp-content\/uploads\/2015\/12\/JESABEL-LOPEZ-PINO.jpg?resize=228%2C150&amp;ssl=1 228w, https:\/\/i0.wp.com\/eltrabajo.cl\/portal\/wp-content\/uploads\/2015\/12\/JESABEL-LOPEZ-PINO.jpg?resize=400%2C263&amp;ssl=1 400w, https:\/\/i0.wp.com\/eltrabajo.cl\/portal\/wp-content\/uploads\/2015\/12\/JESABEL-LOPEZ-PINO.jpg?w=530&amp;ssl=1 530w\" sizes=\"auto, (max-width: 300px) 100vw, 300px\" \/><figcaption id=\"caption-attachment-64932\" class=\"wp-caption-text\">La mujer integrante de la banda delictual Jesabel Ester L\u00f3pez Pino de 20 a\u00f1os de edad, fue condenada a siete a\u00f1os de c\u00e1rcel por su participaci\u00f3n en el robo con intimidaci\u00f3n.<\/figcaption><\/figure>\n<p><strong>PIDI\u00d3 AUXILIO<\/strong><br \/>\nAl mismo tiempo, la mujer antisocial habr\u00eda propinado golpes de pu\u00f1os a la v\u00edctima para apoderarse de equipos celulares. El taxista absolutamente inmovilizado y herido, sin que los delincuentes se dieran cuenta, apret\u00f3 reiteradas veces el \u2018petete\u2019 de la radio de comunicaciones con la central, forma que ten\u00edan para requerir auxilio en caso de una emergencia como la que estaba sufriendo en esos momentos.<br \/>\nSin embargo en cuesti\u00f3n de segundos, uno de los delincuentes empuj\u00f3 al taxista fuera del m\u00f3vil para dejarlo a su suerte en calle Michimalongo. Los sujetos huyeron en el mismo veh\u00edculo en direcci\u00f3n a Tierras Blancas por la Carretera San Mart\u00edn, dejando abandonado el m\u00f3vil.<br \/>\nLos colegas de la v\u00edctima lograron rescatarlo y dar cuenta de los hechos a Carabineros donde se iniciaron los patrullajes respectivos en b\u00fasqueda de los antisociales, a cargo de efectivos del Ret\u00e9n Curim\u00f3n, quienes observaron en el kil\u00f3metro 12 de la Carretera San Mart\u00edn, un veh\u00edculo en medio de la ruta con una de sus puertas abiertas y sin el panel de control de la radio musical ni la radio de comunicaciones.<\/p>\n<p><strong>DELINCUENTES CAPTURADOS<\/strong><br \/>\nCerca de las 03:30 horas, en la misma ruta a la altura del callej\u00f3n Los Gallardos, fueron avistados tres sujetos con caracter\u00edsticas similares indicadas por la v\u00edctima, a los cuales se les practic\u00f3 un control de identidad, comprob\u00e1ndose que portaban los celulares de la v\u00edctima, siendo reconocidos como los autores del delito.<br \/>\nUno de los sujetos portaba once papelillos de pasta base de coca\u00edna y un tel\u00e9fono celular, adem\u00e1s de un arma blanca tipo mariposa de doce cent\u00edmetros, un panel de radio marca Pionner y un panel de radio comunicaciones de propiedad del conductor del radio taxi, quien reconoci\u00f3 a los tres sujetos como los autores del asalto y las heridas punzocortantes.<br \/>\nLos tres acusados fueron sometidos a juicio oral y tras las contundentes pruebas presentadas por la Fiscal\u00eda, fueron considerados culpables del delito de robo con intimidaci\u00f3n. El Tribunal Oral los sentenci\u00f3 a la pena de siete a\u00f1os de c\u00e1rcel para cada uno de los involucrados en este delito.<br \/>\nEl Fiscal Alejandro Bustos se\u00f1al\u00f3 a Diario El Trabajo que pese a que se persegu\u00edan doce a\u00f1os de c\u00e1rcel para cada uno de los condenados, la sentencia se ajusta a derecho y como Fiscal\u00eda quedan conformes: \u00abLa sentencia a\u00fan no se encuentra ejecutoriada debido a que existen diez d\u00edas para que la defensa eventualmente elevara un recurso de nulidad. La sentencia se ajusta a derecho, eso es lo que estimamos nosotros como Fiscal\u00eda. Los imputados fueron condenados, se acogieron todas las alegaciones, la pena se sit\u00faa dentro del marco legal. El condenado Caro Lafqu\u00e9n adem\u00e1s fue multado con 1 UTM por porte de 11 papelillos de pasta base de coca\u00edna\u00bb, afirm\u00f3 el persecutor.<br \/>\n<strong>Pablo Salinas Sald\u00edas<\/strong><\/p>\n","protected":false},"excerpt":{"rendered":"<p>Los integrantes de la banda, entre ellos una mujer, propinaron heridas cortopunzantes en el hombro del joven taxista a quien adem\u00e1s golpearon y dejaron abandonado en calle Michimalongo. Los condenados huyeron en&#8230;<\/p>\n","protected":false},"author":482,"featured_media":64931,"comment_status":"open","ping_status":"open","sticky":false,"template":"","format":"standard","meta":{"advanced_seo_description":"","jetpack_seo_html_title":"","jetpack_seo_noindex":false,"_jetpack_memberships_contains_paid_content":false,"footnotes":""},"categories":[21],"tags":[],"class_list":["post-64930","post","type-post","status-publish","format-standard","has-post-thumbnail","hentry","category-policial"],"jetpack_featured_media_url":"https:\/\/i0.wp.com\/eltrabajo.cl\/portal\/wp-content\/uploads\/2015\/12\/hombres-de-negro.jpg?fit=530%2C348&ssl=1","jetpack_sharing_enabled":true,"jetpack_likes_enabled":true,"jetpack-related-posts":[],"_links":{"self":[{"href":"https:\/\/eltrabajo.cl\/portal\/wp-json\/wp\/v2\/posts\/64930","targetHints":{"allow":["GET"]}}],"collection":[{"href":"https:\/\/eltrabajo.cl\/portal\/wp-json\/wp\/v2\/posts"}],"about":[{"href":"https:\/\/eltrabajo.cl\/portal\/wp-json\/wp\/v2\/types\/post"}],"author":[{"embeddable":true,"href":"https:\/\/eltrabajo.cl\/portal\/wp-json\/wp\/v2\/users\/482"}],"replies":[{"embeddable":true,"href":"https:\/\/eltrabajo.cl\/portal\/wp-json\/wp\/v2\/comments?post=64930"}],"version-history":[{"count":0,"href":"https:\/\/eltrabajo.cl\/portal\/wp-json\/wp\/v2\/posts\/64930\/revisions"}],"wp:featuredmedia":[{"embeddable":true,"href":"https:\/\/eltrabajo.cl\/portal\/wp-json\/wp\/v2\/media\/64931"}],"wp:attachment":[{"href":"https:\/\/eltrabajo.cl\/portal\/wp-json\/wp\/v2\/media?parent=64930"}],"wp:term":[{"taxonomy":"category","embeddable":true,"href":"https:\/\/eltrabajo.cl\/portal\/wp-json\/wp\/v2\/categories?post=64930"},{"taxonomy":"post_tag","embeddable":true,"href":"https:\/\/eltrabajo.cl\/portal\/wp-json\/wp\/v2\/tags?post=64930"}],"curies":[{"name":"wp","href":"https:\/\/api.w.org\/{rel}","templated":true}]}}