{"id":64934,"date":"2015-12-18T14:31:06","date_gmt":"2015-12-18T17:31:06","guid":{"rendered":"http:\/\/www.eltrabajo.cl\/portal\/?p=64934"},"modified":"2015-12-18T14:31:06","modified_gmt":"2015-12-18T17:31:06","slug":"el-corina-urbina-en-el-final-de-un-ciclo-tendra-otra-cita-con-la-historia","status":"publish","type":"post","link":"https:\/\/eltrabajo.cl\/portal\/el-corina-urbina-en-el-final-de-un-ciclo-tendra-otra-cita-con-la-historia\/","title":{"rendered":"El Corina Urbina en el final de un ciclo tendr\u00e1 otra cita con la historia"},"content":{"rendered":"<figure id=\"attachment_64935\" aria-describedby=\"caption-attachment-64935\" style=\"width: 300px\" class=\"wp-caption alignleft\"><img data-recalc-dims=\"1\" loading=\"lazy\" decoding=\"async\" class=\"wp-image-64935 size-medium\" src=\"https:\/\/i0.wp.com\/www.eltrabajo.cl\/portal\/wp-content\/uploads\/2015\/12\/corina-urbina-300x198.jpg?resize=300%2C198\" alt=\"El equipo juvenil del Corina Urbina buscar\u00e1 quedarse con la corona U18 de la Asociaci\u00f3n Santiago.\" width=\"300\" height=\"198\" srcset=\"https:\/\/i0.wp.com\/eltrabajo.cl\/portal\/wp-content\/uploads\/2015\/12\/corina-urbina.jpg?resize=300%2C198&amp;ssl=1 300w, https:\/\/i0.wp.com\/eltrabajo.cl\/portal\/wp-content\/uploads\/2015\/12\/corina-urbina.jpg?resize=200%2C132&amp;ssl=1 200w, https:\/\/i0.wp.com\/eltrabajo.cl\/portal\/wp-content\/uploads\/2015\/12\/corina-urbina.jpg?resize=227%2C150&amp;ssl=1 227w, https:\/\/i0.wp.com\/eltrabajo.cl\/portal\/wp-content\/uploads\/2015\/12\/corina-urbina.jpg?resize=400%2C264&amp;ssl=1 400w, https:\/\/i0.wp.com\/eltrabajo.cl\/portal\/wp-content\/uploads\/2015\/12\/corina-urbina.jpg?w=530&amp;ssl=1 530w\" sizes=\"auto, (max-width: 300px) 100vw, 300px\" \/><figcaption id=\"caption-attachment-64935\" class=\"wp-caption-text\">El equipo juvenil del Corina Urbina buscar\u00e1 quedarse con la corona U18 de la Asociaci\u00f3n Santiago.<\/figcaption><\/figure>\n<p>Para el Corina Urbina se avecinan 48 horas muy intensas y llenas de adrenalina, porque las liceanas aparte de jugar ma\u00f1ana la final del torneo Abar (ver nota aparte), el domingo tendr\u00e1n otro encuentro con la historia cuando en el gimnasio del club Sergio Ceppi, jueguen la final U18 de la Asociaci\u00f3n Santiago ante su similar de Boston College.<br \/>\nEl pleito entre los conjuntos femeninos estudiantiles est\u00e1 programado para las seis de la tarde y ese pleito marcar\u00e1 la finalizaci\u00f3n de un proceso lleno de alegr\u00edas y satisfacciones para el Corina Urbina. \u201cEs el cierre de un ciclo para cinco de nuestras jugadoras que pasar\u00e1n al equipo adulto, son las mismas chicas que jugaron Binacionales y que le dieron muchas alegr\u00edas a San Felipe, esperamos cerrar todo con el t\u00edtulo de la asociaci\u00f3n cestera m\u00e1s importante del pa\u00eds\u201d, dijo a El Trabajo Deportivo, el profesor Rodrigo Marianjel, el hombre encargado de guiar el proceso m\u00e1s exitoso de los \u00faltimos a\u00f1os en el b\u00e1squet femenino de San Felipe.<br \/>\nEn el campeonato de la Asociaci\u00f3n Santiago, el equipo del Corina Urbina enfrent\u00f3 a rivales de la talla de Sergio Ceppi, La Universidad de Chile, Ferm\u00edn Osorio, Boston College, Palmares , Soberan\u00eda y Brisas, la victima de las liceanas en las semifinales.<\/p>\n","protected":false},"excerpt":{"rendered":"<p>Para el Corina Urbina se avecinan 48 horas muy intensas y llenas de adrenalina, porque las liceanas aparte de jugar ma\u00f1ana la final del torneo Abar (ver nota aparte), el domingo tendr\u00e1n&#8230;<\/p>\n","protected":false},"author":482,"featured_media":64935,"comment_status":"open","ping_status":"open","sticky":false,"template":"","format":"standard","meta":{"advanced_seo_description":"","jetpack_seo_html_title":"","jetpack_seo_noindex":false,"_jetpack_memberships_contains_paid_content":false,"footnotes":""},"categories":[19],"tags":[],"class_list":["post-64934","post","type-post","status-publish","format-standard","has-post-thumbnail","hentry","category-deportes"],"jetpack_featured_media_url":"https:\/\/i0.wp.com\/eltrabajo.cl\/portal\/wp-content\/uploads\/2015\/12\/corina-urbina.jpg?fit=530%2C350&ssl=1","jetpack_sharing_enabled":true,"jetpack_likes_enabled":true,"jetpack-related-posts":[],"_links":{"self":[{"href":"https:\/\/eltrabajo.cl\/portal\/wp-json\/wp\/v2\/posts\/64934","targetHints":{"allow":["GET"]}}],"collection":[{"href":"https:\/\/eltrabajo.cl\/portal\/wp-json\/wp\/v2\/posts"}],"about":[{"href":"https:\/\/eltrabajo.cl\/portal\/wp-json\/wp\/v2\/types\/post"}],"author":[{"embeddable":true,"href":"https:\/\/eltrabajo.cl\/portal\/wp-json\/wp\/v2\/users\/482"}],"replies":[{"embeddable":true,"href":"https:\/\/eltrabajo.cl\/portal\/wp-json\/wp\/v2\/comments?post=64934"}],"version-history":[{"count":0,"href":"https:\/\/eltrabajo.cl\/portal\/wp-json\/wp\/v2\/posts\/64934\/revisions"}],"wp:featuredmedia":[{"embeddable":true,"href":"https:\/\/eltrabajo.cl\/portal\/wp-json\/wp\/v2\/media\/64935"}],"wp:attachment":[{"href":"https:\/\/eltrabajo.cl\/portal\/wp-json\/wp\/v2\/media?parent=64934"}],"wp:term":[{"taxonomy":"category","embeddable":true,"href":"https:\/\/eltrabajo.cl\/portal\/wp-json\/wp\/v2\/categories?post=64934"},{"taxonomy":"post_tag","embeddable":true,"href":"https:\/\/eltrabajo.cl\/portal\/wp-json\/wp\/v2\/tags?post=64934"}],"curies":[{"name":"wp","href":"https:\/\/api.w.org\/{rel}","templated":true}]}}