{"id":64940,"date":"2015-12-18T14:34:10","date_gmt":"2015-12-18T17:34:10","guid":{"rendered":"http:\/\/www.eltrabajo.cl\/portal\/?p=64940"},"modified":"2015-12-18T14:34:10","modified_gmt":"2015-12-18T17:34:10","slug":"voluntariados-de-hosla-cierran-ano-con-jornada-de-autoayuda","status":"publish","type":"post","link":"https:\/\/eltrabajo.cl\/portal\/voluntariados-de-hosla-cierran-ano-con-jornada-de-autoayuda\/","title":{"rendered":"Voluntariados de Hosla cierran a\u00f1o con jornada de autoayuda"},"content":{"rendered":"<figure id=\"attachment_64941\" aria-describedby=\"caption-attachment-64941\" style=\"width: 300px\" class=\"wp-caption alignleft\"><img data-recalc-dims=\"1\" loading=\"lazy\" decoding=\"async\" class=\"wp-image-64941 size-medium\" src=\"https:\/\/i0.wp.com\/www.eltrabajo.cl\/portal\/wp-content\/uploads\/2015\/12\/Voluntarios-Hosla-1-300x198.jpg?resize=300%2C198\" alt=\"A esta actividad organizada en el marco del D\u00eda del Voluntario, asistieron m\u00e1s de 50 facultativos de las agrupaciones de ayuda a pacientes del Hospital de Los Andes.\" width=\"300\" height=\"198\" srcset=\"https:\/\/i0.wp.com\/eltrabajo.cl\/portal\/wp-content\/uploads\/2015\/12\/Voluntarios-Hosla-1.jpg?resize=300%2C198&amp;ssl=1 300w, https:\/\/i0.wp.com\/eltrabajo.cl\/portal\/wp-content\/uploads\/2015\/12\/Voluntarios-Hosla-1.jpg?resize=200%2C132&amp;ssl=1 200w, https:\/\/i0.wp.com\/eltrabajo.cl\/portal\/wp-content\/uploads\/2015\/12\/Voluntarios-Hosla-1.jpg?resize=227%2C150&amp;ssl=1 227w, https:\/\/i0.wp.com\/eltrabajo.cl\/portal\/wp-content\/uploads\/2015\/12\/Voluntarios-Hosla-1.jpg?resize=400%2C264&amp;ssl=1 400w, https:\/\/i0.wp.com\/eltrabajo.cl\/portal\/wp-content\/uploads\/2015\/12\/Voluntarios-Hosla-1.jpg?w=530&amp;ssl=1 530w\" sizes=\"auto, (max-width: 300px) 100vw, 300px\" \/><figcaption id=\"caption-attachment-64941\" class=\"wp-caption-text\">A esta actividad organizada en el marco del D\u00eda del Voluntario, asistieron m\u00e1s de 50 facultativos de las agrupaciones de ayuda a pacientes del Hospital de Los Andes.<\/figcaption><\/figure>\n<p><strong>LOS ANDES.<\/strong>&#8211; En el marco de la celebraci\u00f3n del D\u00eda del Voluntariado, las distintas agrupaciones de voluntariado que entregan sus servicios a los pacientes del Hospital San Juan de Dios de Los Andes, se reunieron para participar en una actividad de evaluaci\u00f3n y autoayuda para sus integrantes. As\u00ed lo inform\u00f3 la encargada de participaci\u00f3n social del establecimiento de salud, Rosa Guzm\u00e1n.<br \/>\nRosa Guzm\u00e1n indic\u00f3 que la actividad tuvo como prop\u00f3sito dar un realce a la labor que las voluntarias y los integrantes del Consejo Consultivo desempe\u00f1an, en forma totalmente gratuita y a veces an\u00f3nima. \u201cEn esta actividad los participantes analizaron la raz\u00f3n de por qu\u00e9 est\u00e1n en el voluntariado, se conocieron mutuamente y analizaron la proyecci\u00f3n del trabajo que llevan a cabo con los pacientes del Hospital\u201d, indic\u00f3 la asistente social.<br \/>\nLa actividad fue conducida por el psic\u00f3logo Tom\u00e1s Covarrubias, quien motiv\u00f3 a los participantes a reflexionar sobre el rol que cumplen en las agrupaciones, c\u00f3mo ha sido el proceso de ayudar a otros y los desaf\u00edos que esta labor implica para encantar a las nuevas generaciones, a fin de inculcar en ellas un rol altruista en la sociedad.<br \/>\nLa actividad se realiz\u00f3 en la Uni\u00f3n Comunal de Juntas Vecinos de Los Andes y cont\u00f3 con la asistencia de m\u00e1s de 50 voluntarios de las agrupaciones de ayuda los pacientes del Hospital andino.<\/p>\n","protected":false},"excerpt":{"rendered":"<p>LOS ANDES.&#8211; En el marco de la celebraci\u00f3n del D\u00eda del Voluntariado, las distintas agrupaciones de voluntariado que entregan sus servicios a los pacientes del Hospital San Juan de Dios de Los&#8230;<\/p>\n","protected":false},"author":482,"featured_media":64941,"comment_status":"open","ping_status":"open","sticky":false,"template":"","format":"standard","meta":{"advanced_seo_description":"","jetpack_seo_html_title":"","jetpack_seo_noindex":false,"_jetpack_memberships_contains_paid_content":false,"footnotes":""},"categories":[15],"tags":[],"class_list":["post-64940","post","type-post","status-publish","format-standard","has-post-thumbnail","hentry","category-comunidad"],"jetpack_featured_media_url":"https:\/\/i0.wp.com\/eltrabajo.cl\/portal\/wp-content\/uploads\/2015\/12\/Voluntarios-Hosla-1.jpg?fit=530%2C350&ssl=1","jetpack_sharing_enabled":true,"jetpack_likes_enabled":true,"jetpack-related-posts":[],"_links":{"self":[{"href":"https:\/\/eltrabajo.cl\/portal\/wp-json\/wp\/v2\/posts\/64940","targetHints":{"allow":["GET"]}}],"collection":[{"href":"https:\/\/eltrabajo.cl\/portal\/wp-json\/wp\/v2\/posts"}],"about":[{"href":"https:\/\/eltrabajo.cl\/portal\/wp-json\/wp\/v2\/types\/post"}],"author":[{"embeddable":true,"href":"https:\/\/eltrabajo.cl\/portal\/wp-json\/wp\/v2\/users\/482"}],"replies":[{"embeddable":true,"href":"https:\/\/eltrabajo.cl\/portal\/wp-json\/wp\/v2\/comments?post=64940"}],"version-history":[{"count":0,"href":"https:\/\/eltrabajo.cl\/portal\/wp-json\/wp\/v2\/posts\/64940\/revisions"}],"wp:featuredmedia":[{"embeddable":true,"href":"https:\/\/eltrabajo.cl\/portal\/wp-json\/wp\/v2\/media\/64941"}],"wp:attachment":[{"href":"https:\/\/eltrabajo.cl\/portal\/wp-json\/wp\/v2\/media?parent=64940"}],"wp:term":[{"taxonomy":"category","embeddable":true,"href":"https:\/\/eltrabajo.cl\/portal\/wp-json\/wp\/v2\/categories?post=64940"},{"taxonomy":"post_tag","embeddable":true,"href":"https:\/\/eltrabajo.cl\/portal\/wp-json\/wp\/v2\/tags?post=64940"}],"curies":[{"name":"wp","href":"https:\/\/api.w.org\/{rel}","templated":true}]}}