{"id":64943,"date":"2015-12-18T14:35:36","date_gmt":"2015-12-18T17:35:36","guid":{"rendered":"http:\/\/www.eltrabajo.cl\/portal\/?p=64943"},"modified":"2015-12-18T14:35:36","modified_gmt":"2015-12-18T17:35:36","slug":"autoridades-inauguran-mejoramiento-de-apr-el-cobre-la-colonia-en-catemu","status":"publish","type":"post","link":"https:\/\/eltrabajo.cl\/portal\/autoridades-inauguran-mejoramiento-de-apr-el-cobre-la-colonia-en-catemu\/","title":{"rendered":"Autoridades inauguran mejoramiento de APR El Cobre-La Colonia en Catemu"},"content":{"rendered":"<figure id=\"attachment_64944\" aria-describedby=\"caption-attachment-64944\" style=\"width: 300px\" class=\"wp-caption alignleft\"><img data-recalc-dims=\"1\" loading=\"lazy\" decoding=\"async\" class=\"wp-image-64944 size-medium\" src=\"https:\/\/i0.wp.com\/www.eltrabajo.cl\/portal\/wp-content\/uploads\/2015\/12\/Mejoramiento-APR-300x198.jpg?resize=300%2C198\" alt=\"Diversas autoridades participaron de la inauguraci\u00f3n de las obras de ampliaci\u00f3n y mejoramiento del APR El Cobre-La Colonia en Catemu.\" width=\"300\" height=\"198\" srcset=\"https:\/\/i0.wp.com\/eltrabajo.cl\/portal\/wp-content\/uploads\/2015\/12\/Mejoramiento-APR.jpg?resize=300%2C198&amp;ssl=1 300w, https:\/\/i0.wp.com\/eltrabajo.cl\/portal\/wp-content\/uploads\/2015\/12\/Mejoramiento-APR.jpg?resize=200%2C132&amp;ssl=1 200w, https:\/\/i0.wp.com\/eltrabajo.cl\/portal\/wp-content\/uploads\/2015\/12\/Mejoramiento-APR.jpg?resize=227%2C150&amp;ssl=1 227w, https:\/\/i0.wp.com\/eltrabajo.cl\/portal\/wp-content\/uploads\/2015\/12\/Mejoramiento-APR.jpg?resize=400%2C264&amp;ssl=1 400w, https:\/\/i0.wp.com\/eltrabajo.cl\/portal\/wp-content\/uploads\/2015\/12\/Mejoramiento-APR.jpg?w=530&amp;ssl=1 530w\" sizes=\"auto, (max-width: 300px) 100vw, 300px\" \/><figcaption id=\"caption-attachment-64944\" class=\"wp-caption-text\">Diversas autoridades participaron de la inauguraci\u00f3n de las obras de ampliaci\u00f3n y mejoramiento del APR El Cobre-La Colonia en Catemu.<\/figcaption><\/figure>\n<ul>\n<li><strong>Inversi\u00f3n super\u00f3 los $800 millones y beneficiar\u00e1 a m\u00e1s de 3 mil personas que habitan en la comuna.<\/strong><\/li>\n<\/ul>\n<p>Hasta la Escuela El Cobre-La Colonia de Catemu, arribaron el intendente Gabriel Aldoney junto al gobernador Eduardo Le\u00f3n y autoridades regionales y locales, para inaugurar las obras de ampliaci\u00f3n y mejoramiento del APR de ese sector.<br \/>\nEsta obra, que tuvo un costo de inversi\u00f3n de $ 833.524.905 y una duraci\u00f3n de 320 d\u00edas, se transform\u00f3 en un alivio para los vecinos de esta zona, ya que esta cooperativa cuenta con 47 a\u00f1os de existencia y las matrices originales necesitaban un recambio hace al menos 10 a\u00f1os, lo que se traduc\u00eda en roturas permanentes y cortes del suministro del recurso h\u00eddrico para las familias.<br \/>\nAnte esto, la m\u00e1xima autoridad regional abord\u00f3 el trabajo que se est\u00e1 desarrollando a nivel macro para lograr una gesti\u00f3n h\u00eddrica a nivel de toda la regi\u00f3n. \u201cEl pr\u00f3ximo martes constituiremos un consejo de desarrollo del recurso h\u00eddrico para generar una estrategia destinada a crear las condiciones para que la regi\u00f3n, con el tiempo, podamos contar con este recurso en todas las zonas donde hoy d\u00eda es necesaria para desarrollar la potencialidad que tiene la zona\u201d, afirm\u00f3 Aldoney.<br \/>\nAsimismo, agreg\u00f3 que \u201ccon esta inauguraci\u00f3n de proyectos necesarios para la vida rural, nos damos cuenta que es imperioso valorar esta forma de vida que tiene un sentido humano, cultural y patrimonial. El hecho de que se logre asegurar un recurso que en la ciudad parece normal, pero que en la vida rural es dificultoso, lo que estamos haciendo es permitir que esta vida rural se mantenga y sea un apoyo para el desarrollo del pa\u00eds\u201d, finaliz\u00f3.<br \/>\nPor su parte, el Seremi de Obras P\u00fablicas, Miguel Saavedra, explic\u00f3 que este proyecto consisti\u00f3 en \u201cla construcci\u00f3n de pozo, nuevos estanques de 200 mt3, red de impulsi\u00f3n, planta elevadora, red de distribuci\u00f3n, todo un sistema que permiti\u00f3 ir incorporando nuevos arrancas y mejorar los existentes. Esto reafirma el compromiso que tenemos como Gobierno en apoyar la gesti\u00f3n de cada APR en el Valle de Aconcagua\u201d.<br \/>\nEn tanto, el gobernador Eduardo Le\u00f3n sostuvo que \u201cel Valle de Aconcagua se ha visto afectada por el cambio clim\u00e1tico y nosotros hemos iniciado un trabajo apoyo a los comit\u00e9s de APR, lo que ha significado su asociaci\u00f3n y nos ha permitido una mejor gesti\u00f3n, lo que es fundamental. Adem\u00e1s, agradecemos al Gobierno Regional, quienes han financiado estos proyectos que permiten mejorar la calidad de vida de las personas\u201d sostuvo Le\u00f3n.<br \/>\nSon el 20% de la comuna, es decir, cerca de 3 mil personas las que se ven beneficiadas con este importante proyecto, lo que fue agradecido por el alcalde Boris Luksic.<\/p>\n","protected":false},"excerpt":{"rendered":"<p>Inversi\u00f3n super\u00f3 los $800 millones y beneficiar\u00e1 a m\u00e1s de 3 mil personas que habitan en la comuna. Hasta la Escuela El Cobre-La Colonia de Catemu, arribaron el intendente Gabriel Aldoney junto&#8230;<\/p>\n","protected":false},"author":482,"featured_media":64944,"comment_status":"open","ping_status":"open","sticky":false,"template":"","format":"standard","meta":{"advanced_seo_description":"","jetpack_seo_html_title":"","jetpack_seo_noindex":false,"_jetpack_memberships_contains_paid_content":false,"footnotes":""},"categories":[1],"tags":[],"class_list":["post-64943","post","type-post","status-publish","format-standard","has-post-thumbnail","hentry","category-cronica"],"jetpack_featured_media_url":"https:\/\/i0.wp.com\/eltrabajo.cl\/portal\/wp-content\/uploads\/2015\/12\/Mejoramiento-APR.jpg?fit=530%2C350&ssl=1","jetpack_sharing_enabled":true,"jetpack_likes_enabled":true,"jetpack-related-posts":[],"_links":{"self":[{"href":"https:\/\/eltrabajo.cl\/portal\/wp-json\/wp\/v2\/posts\/64943","targetHints":{"allow":["GET"]}}],"collection":[{"href":"https:\/\/eltrabajo.cl\/portal\/wp-json\/wp\/v2\/posts"}],"about":[{"href":"https:\/\/eltrabajo.cl\/portal\/wp-json\/wp\/v2\/types\/post"}],"author":[{"embeddable":true,"href":"https:\/\/eltrabajo.cl\/portal\/wp-json\/wp\/v2\/users\/482"}],"replies":[{"embeddable":true,"href":"https:\/\/eltrabajo.cl\/portal\/wp-json\/wp\/v2\/comments?post=64943"}],"version-history":[{"count":0,"href":"https:\/\/eltrabajo.cl\/portal\/wp-json\/wp\/v2\/posts\/64943\/revisions"}],"wp:featuredmedia":[{"embeddable":true,"href":"https:\/\/eltrabajo.cl\/portal\/wp-json\/wp\/v2\/media\/64944"}],"wp:attachment":[{"href":"https:\/\/eltrabajo.cl\/portal\/wp-json\/wp\/v2\/media?parent=64943"}],"wp:term":[{"taxonomy":"category","embeddable":true,"href":"https:\/\/eltrabajo.cl\/portal\/wp-json\/wp\/v2\/categories?post=64943"},{"taxonomy":"post_tag","embeddable":true,"href":"https:\/\/eltrabajo.cl\/portal\/wp-json\/wp\/v2\/tags?post=64943"}],"curies":[{"name":"wp","href":"https:\/\/api.w.org\/{rel}","templated":true}]}}