{"id":64946,"date":"2015-12-18T14:38:11","date_gmt":"2015-12-18T17:38:11","guid":{"rendered":"http:\/\/www.eltrabajo.cl\/portal\/?p=64946"},"modified":"2015-12-18T14:38:11","modified_gmt":"2015-12-18T17:38:11","slug":"atencion-primaria-cumple-el-2015-con-el-100-de-las-metas-presidenciales-en-aconcagua","status":"publish","type":"post","link":"https:\/\/eltrabajo.cl\/portal\/atencion-primaria-cumple-el-2015-con-el-100-de-las-metas-presidenciales-en-aconcagua\/","title":{"rendered":"Atenci\u00f3n Primaria cumple el 2015 con el 100% \u00a0de las metas presidenciales en Aconcagua"},"content":{"rendered":"<figure id=\"attachment_64947\" aria-describedby=\"caption-attachment-64947\" style=\"width: 300px\" class=\"wp-caption alignleft\"><img data-recalc-dims=\"1\" loading=\"lazy\" decoding=\"async\" class=\"wp-image-64947 size-medium\" src=\"https:\/\/i0.wp.com\/www.eltrabajo.cl\/portal\/wp-content\/uploads\/2015\/12\/FOTO-2-Autoridades-Locales-presentes-en-La-Feria-de-los-programas-de-Atenci%C3%B3n-Primaria-de-Salud-Aconcagua-300x199.jpg?resize=300%2C199\" alt=\"Autoridades Locales presentes en La Feria de los programas de Atenci\u00f3n Primaria de Salud Aconcagua.\" width=\"300\" height=\"199\" srcset=\"https:\/\/i0.wp.com\/eltrabajo.cl\/portal\/wp-content\/uploads\/2015\/12\/FOTO-2-Autoridades-Locales-presentes-en-La-Feria-de-los-programas-de-Atenci%C3%B3n-Primaria-de-Salud-Aconcagua.jpg?resize=300%2C199&amp;ssl=1 300w, https:\/\/i0.wp.com\/eltrabajo.cl\/portal\/wp-content\/uploads\/2015\/12\/FOTO-2-Autoridades-Locales-presentes-en-La-Feria-de-los-programas-de-Atenci%C3%B3n-Primaria-de-Salud-Aconcagua.jpg?resize=200%2C133&amp;ssl=1 200w, https:\/\/i0.wp.com\/eltrabajo.cl\/portal\/wp-content\/uploads\/2015\/12\/FOTO-2-Autoridades-Locales-presentes-en-La-Feria-de-los-programas-de-Atenci%C3%B3n-Primaria-de-Salud-Aconcagua.jpg?resize=226%2C150&amp;ssl=1 226w, https:\/\/i0.wp.com\/eltrabajo.cl\/portal\/wp-content\/uploads\/2015\/12\/FOTO-2-Autoridades-Locales-presentes-en-La-Feria-de-los-programas-de-Atenci%C3%B3n-Primaria-de-Salud-Aconcagua.jpg?resize=400%2C265&amp;ssl=1 400w, https:\/\/i0.wp.com\/eltrabajo.cl\/portal\/wp-content\/uploads\/2015\/12\/FOTO-2-Autoridades-Locales-presentes-en-La-Feria-de-los-programas-de-Atenci%C3%B3n-Primaria-de-Salud-Aconcagua.jpg?w=528&amp;ssl=1 528w\" sizes=\"auto, (max-width: 300px) 100vw, 300px\" \/><figcaption id=\"caption-attachment-64947\" class=\"wp-caption-text\">Autoridades Locales presentes en La Feria de los programas de Atenci\u00f3n Primaria de Salud Aconcagua.<\/figcaption><\/figure>\n<ul>\n<li><strong>La Directora del Servicio de Salud Aconcagua, alab\u00f3 el trabajo realizado durante el presente a\u00f1o y desliz\u00f3 ciertos objetivos a cumplir en 2016.<\/strong><\/li>\n<\/ul>\n<p>La Plaza C\u00edvica de San Felipe fue el escenario escogido para celebrar el cierre de actividades y cumplimento de metas gubernamentales de la Atenci\u00f3n Primaria de Salud del Valle de Aconcagua, a trav\u00e9s de una feria en donde se expusieron stands con los distintos programas del \u00e1rea.<br \/>\nLa actividad cont\u00f3 con la participaron de equipos de salud de ambas provincias (San Felipe y Los Andes) y con La presencia del gobernador Eduardo Le\u00f3n, el, alcalde de San Felipe Patricio Freire y la Directora del Servicio de Salud Aconcagua Vilma Olave.<br \/>\nFue precisamente Olave quien se encarg\u00f3 de detallar que finalmente durante el presente a\u00f1o se lograron cumplir un 100 % de las metas presidenciales y manifest\u00f3 que \u201cestamos cerrando el a\u00f1o muy felices y contentos porque podemos decir que hemos cumplido con los objetivos impuestos por la Presidenta Bachelet durante el a\u00f1o 2015\u201d, afirm\u00f3.<br \/>\nRespecto de cu\u00e1les fueron los logros del \u00e1rea de la salud en Aconcagua durante el presente a\u00f1o, la profesional describi\u00f3 el avance en infraestructura, \u00e1mbito en el cual, dijo haber dado cumplimiento al cronograma de la Red de Atenci\u00f3n Primaria y proyect\u00f3 que \u201cdurante el 2016 se iniciar\u00e1 la Construcci\u00f3n de los Cesfam de las comunas de Panquehue y Calle Larga, los Centros Comunitarios de Salud Familiar, Cecof de Putaendo y Los Andes y el inicio del proceso durante el 2017 de la edificaci\u00f3n del Servicio de Alta Resoluci\u00f3n, SAR San Felipe\u201d, puntualiz\u00f3.<br \/>\nEn relaci\u00f3n al cumplimiento de los programas, Olave destac\u00f3 el cumplimiento que se le dio al Fondo de Farmacias, estrategia iniciada durante el 2014, que consiste en asegurar la provisi\u00f3n de medicamentos en todos los centros de Atenci\u00f3n Primaria en el tratamiento de Diabetes tipo 2, Hipertensi\u00f3n y Dislipidemia. \u201cDurante el presente a\u00f1o hab\u00eda que implementar la segunda etapa y se ha cumplido con eso, no hay pacientes en el Valle de Aconcagua a quien no se le hayan despachado los f\u00e1rmacos porque no hab\u00eda disposici\u00f3n, lo que antes significaba una queja constante por parte de los usuarios\u201d, valor\u00f3.<br \/>\nEn este mismo \u00e1mbito, la Directora destac\u00f3 el aumento en los tiempos de atenci\u00f3n de las farmacias, aludiendo que \u201cse ampli\u00f3 la cobertura horaria de las farmacias de 8 de la ma\u00f1ana a 20 horas, puesto que anteriormente lo que suced\u00eda con relativa frecuencia era que el horario de entrega de medicamentos para los pacientes que estaban en programa Cr\u00f3nicos ten\u00eda cierta restricci\u00f3n y eso ahora cambi\u00f3\u201d, expuso.<br \/>\nJunto a esto alab\u00f3 la implementaci\u00f3n de dos nuevos programas odontol\u00f3gicos puestos a disposici\u00f3n de la comunidad durante el 2015 y narr\u00f3 que \u201cse implementaron dos instancias adicionales, uno que permiti\u00f3 la atenci\u00f3n de pacientes adultos, el programa anteriormente no consideraba la atenci\u00f3n de este grupo et\u00e1reo, y este a\u00f1o se han atendido cerca de 1200 adultos, con atenci\u00f3n completa de acuerdo a requerimientos\u201d, sostuvo y a\u00f1adi\u00f3 que \u201cadem\u00e1s est\u00e1 la Atenci\u00f3n Alta Integral de los alumnos de Cuarto a\u00f1o medio, lo que implica dejar completamente atendida la salud bucal de este grupo, el a\u00f1o 2015 logramos una cobertura del 20 % del total de muchachos egresados beneficiarios de colegios de la zona y vamos a ampliar a un 40% la cobertura el 2016\u201d, sostuvo<br \/>\nOlave tambi\u00e9n hizo referencia al programa Vida Sana, el cual, termin\u00f3 su implementaci\u00f3n el presente a\u00f1o y est\u00e1 funcionando en todas las comunas del Valle de Aconcagua y, por \u00faltimo, mencion\u00f3 el apoyo brindado a los adultos mayores de la zona, mediante el programa M\u00e1s Adultos Autovalentes, pues \u00e9ste ampli\u00f3 la cobertura de atenci\u00f3n de salud en un 10 % y logr\u00f3 que m\u00e1s de la mitad mejoren sus capacidades f\u00edsicas y cognitivas, en definitiva su calidad de vida<br \/>\nMuy complacido se mostr\u00f3 tambi\u00e9n el gobernador Eduardo Le\u00f3n al ver como en la Provincia de San Felipe se han ido cumpliendo los lineamientos gubernamentales en el espectro Salud, aunque reconoci\u00f3 que \u201csabemos que la ciudadan\u00eda requiere mucho m\u00e1s y por eso la Ministra Castillo ha implementado un plan con m\u00e1s especialistas, tenemos pendiente el tema de la UCI Pedi\u00e1trica, as\u00ed que tenemos un gran desaf\u00edo para el pr\u00f3ximo a\u00f1o, pero podemos decir con tranquilidad que estamos cumpliendo con el plan de Gobierno\u201d, enfatiz\u00f3.<\/p>\n<div class=\"tiled-gallery type-rectangular tiled-gallery-unresized\" data-original-width=\"640\" data-carousel-extra='null' itemscope itemtype=\"http:\/\/schema.org\/ImageGallery\" > <div class=\"gallery-row\" style=\"width: 640px; height: 284px;\" data-original-width=\"640\" data-original-height=\"284\" > <div class=\"gallery-group images-1\" style=\"width: 427px; height: 284px;\" data-original-width=\"427\" data-original-height=\"284\" > <div class=\"tiled-gallery-item tiled-gallery-item-large\" itemprop=\"associatedMedia\" itemscope itemtype=\"http:\/\/schema.org\/ImageObject\"> <a href=\"https:\/\/eltrabajo.cl\/portal\/atencion-primaria-cumple-el-2015-con-el-100-de-las-metas-presidenciales-en-aconcagua\/foto-3-presntacion-artistica-del-grupo-de-adultos-mayores-autovalentes-del-cesfam-san-felipe-e-l-real\/\" border=\"0\" itemprop=\"url\"> <meta itemprop=\"width\" content=\"423\"> <meta itemprop=\"height\" content=\"280\"> <img decoding=\"async\" class=\"\" data-attachment-id=\"64948\" data-orig-file=\"https:\/\/eltrabajo.cl\/portal\/wp-content\/uploads\/2015\/12\/Foto-3-Presntacion-artistica-del-Grupo-de-Adultos-Mayores-autovalentes-del-CESFAM-San-Felipe-E-l-Real.jpg\" data-orig-size=\"528,350\" data-comments-opened=\"1\" data-image-meta=\"{&quot;aperture&quot;:&quot;0&quot;,&quot;credit&quot;:&quot;&quot;,&quot;camera&quot;:&quot;&quot;,&quot;caption&quot;:&quot;&quot;,&quot;created_timestamp&quot;:&quot;0&quot;,&quot;copyright&quot;:&quot;Copyright 2012&quot;,&quot;focal_length&quot;:&quot;0&quot;,&quot;iso&quot;:&quot;0&quot;,&quot;shutter_speed&quot;:&quot;0&quot;,&quot;title&quot;:&quot;&quot;,&quot;orientation&quot;:&quot;0&quot;}\" data-image-title=\"Foto 3 Presntacion artistica del Grupo de Adultos Mayores autovalentes del CESFAM San Felipe E l Real\" data-image-description=\"&lt;p&gt;Presntaci\u00f3n art\u00edstica del Grupo de Adultos Mayores Autovalentes del Cesfam San Felipe E l Real.&lt;\/p&gt; \" data-medium-file=\"https:\/\/i0.wp.com\/eltrabajo.cl\/portal\/wp-content\/uploads\/2015\/12\/Foto-3-Presntacion-artistica-del-Grupo-de-Adultos-Mayores-autovalentes-del-CESFAM-San-Felipe-E-l-Real.jpg?fit=300%2C199&#038;ssl=1\" data-large-file=\"https:\/\/i0.wp.com\/eltrabajo.cl\/portal\/wp-content\/uploads\/2015\/12\/Foto-3-Presntacion-artistica-del-Grupo-de-Adultos-Mayores-autovalentes-del-CESFAM-San-Felipe-E-l-Real.jpg?fit=528%2C350&#038;ssl=1\" src=\"https:\/\/i0.wp.com\/eltrabajo.cl\/portal\/wp-content\/uploads\/2015\/12\/Foto-3-Presntacion-artistica-del-Grupo-de-Adultos-Mayores-autovalentes-del-CESFAM-San-Felipe-E-l-Real.jpg?w=423&#038;h=280&#038;ssl=1\" srcset=\"https:\/\/i0.wp.com\/eltrabajo.cl\/portal\/wp-content\/uploads\/2015\/12\/Foto-3-Presntacion-artistica-del-Grupo-de-Adultos-Mayores-autovalentes-del-CESFAM-San-Felipe-E-l-Real.jpg?w=528&amp;ssl=1 528w, https:\/\/i0.wp.com\/eltrabajo.cl\/portal\/wp-content\/uploads\/2015\/12\/Foto-3-Presntacion-artistica-del-Grupo-de-Adultos-Mayores-autovalentes-del-CESFAM-San-Felipe-E-l-Real.jpg?resize=200%2C133&amp;ssl=1 200w, https:\/\/i0.wp.com\/eltrabajo.cl\/portal\/wp-content\/uploads\/2015\/12\/Foto-3-Presntacion-artistica-del-Grupo-de-Adultos-Mayores-autovalentes-del-CESFAM-San-Felipe-E-l-Real.jpg?resize=300%2C199&amp;ssl=1 300w, https:\/\/i0.wp.com\/eltrabajo.cl\/portal\/wp-content\/uploads\/2015\/12\/Foto-3-Presntacion-artistica-del-Grupo-de-Adultos-Mayores-autovalentes-del-CESFAM-San-Felipe-E-l-Real.jpg?resize=226%2C150&amp;ssl=1 226w, https:\/\/i0.wp.com\/eltrabajo.cl\/portal\/wp-content\/uploads\/2015\/12\/Foto-3-Presntacion-artistica-del-Grupo-de-Adultos-Mayores-autovalentes-del-CESFAM-San-Felipe-E-l-Real.jpg?resize=400%2C265&amp;ssl=1 400w\" width=\"423\" height=\"280\" loading=\"lazy\" data-original-width=\"423\" data-original-height=\"280\" itemprop=\"http:\/\/schema.org\/image\" title=\"Foto 3 Presntacion artistica del Grupo de Adultos Mayores autovalentes del CESFAM San Felipe E l Real\" alt=\"Presntaci\u00f3n art\u00edstica del Grupo de Adultos Mayores Autovalentes del Cesfam San Felipe E l Real.\" style=\"width: 423px; height: 280px;\" \/> <\/a> <div class=\"tiled-gallery-caption\" itemprop=\"caption description\"> Presntaci\u00f3n art\u00edstica del Grupo de Adultos Mayores Autovalentes del Cesfam San Felipe E l Real. <\/div> <\/div> <\/div> <!-- close group --> <div class=\"gallery-group images-2\" style=\"width: 213px; height: 284px;\" data-original-width=\"213\" data-original-height=\"284\" > <div class=\"tiled-gallery-item tiled-gallery-item-small\" itemprop=\"associatedMedia\" itemscope itemtype=\"http:\/\/schema.org\/ImageObject\"> <a href=\"https:\/\/eltrabajo.cl\/portal\/atencion-primaria-cumple-el-2015-con-el-100-de-las-metas-presidenciales-en-aconcagua\/foto-4-uno-de-los-stands-presentados-en-la-feria-de-salud-en-plaza-civica\/\" border=\"0\" itemprop=\"url\"> <meta itemprop=\"width\" content=\"209\"> <meta itemprop=\"height\" content=\"139\"> <img decoding=\"async\" class=\"\" data-attachment-id=\"64949\" data-orig-file=\"https:\/\/eltrabajo.cl\/portal\/wp-content\/uploads\/2015\/12\/FOTO-4-Uno-de-los-Stands-presentados-en-la-Feria-de-Salud-en-Plaza-Civica.jpg\" data-orig-size=\"528,350\" data-comments-opened=\"1\" data-image-meta=\"{&quot;aperture&quot;:&quot;0&quot;,&quot;credit&quot;:&quot;&quot;,&quot;camera&quot;:&quot;&quot;,&quot;caption&quot;:&quot;&quot;,&quot;created_timestamp&quot;:&quot;0&quot;,&quot;copyright&quot;:&quot;Copyright 2012&quot;,&quot;focal_length&quot;:&quot;0&quot;,&quot;iso&quot;:&quot;0&quot;,&quot;shutter_speed&quot;:&quot;0&quot;,&quot;title&quot;:&quot;&quot;,&quot;orientation&quot;:&quot;0&quot;}\" data-image-title=\"FOTO 4 Uno de los Stands presentados en la Feria de Salud en Plaza Civica\" data-image-description=\"&lt;p&gt;Uno de los Stands presentados en la Feria de Salud en Plaza C\u00edvica.&lt;\/p&gt; \" data-medium-file=\"https:\/\/i0.wp.com\/eltrabajo.cl\/portal\/wp-content\/uploads\/2015\/12\/FOTO-4-Uno-de-los-Stands-presentados-en-la-Feria-de-Salud-en-Plaza-Civica.jpg?fit=300%2C199&#038;ssl=1\" data-large-file=\"https:\/\/i0.wp.com\/eltrabajo.cl\/portal\/wp-content\/uploads\/2015\/12\/FOTO-4-Uno-de-los-Stands-presentados-en-la-Feria-de-Salud-en-Plaza-Civica.jpg?fit=528%2C350&#038;ssl=1\" src=\"https:\/\/i0.wp.com\/eltrabajo.cl\/portal\/wp-content\/uploads\/2015\/12\/FOTO-4-Uno-de-los-Stands-presentados-en-la-Feria-de-Salud-en-Plaza-Civica.jpg?w=209&#038;h=139&#038;ssl=1\" srcset=\"https:\/\/i0.wp.com\/eltrabajo.cl\/portal\/wp-content\/uploads\/2015\/12\/FOTO-4-Uno-de-los-Stands-presentados-en-la-Feria-de-Salud-en-Plaza-Civica.jpg?w=528&amp;ssl=1 528w, https:\/\/i0.wp.com\/eltrabajo.cl\/portal\/wp-content\/uploads\/2015\/12\/FOTO-4-Uno-de-los-Stands-presentados-en-la-Feria-de-Salud-en-Plaza-Civica.jpg?resize=200%2C133&amp;ssl=1 200w, https:\/\/i0.wp.com\/eltrabajo.cl\/portal\/wp-content\/uploads\/2015\/12\/FOTO-4-Uno-de-los-Stands-presentados-en-la-Feria-de-Salud-en-Plaza-Civica.jpg?resize=300%2C199&amp;ssl=1 300w, https:\/\/i0.wp.com\/eltrabajo.cl\/portal\/wp-content\/uploads\/2015\/12\/FOTO-4-Uno-de-los-Stands-presentados-en-la-Feria-de-Salud-en-Plaza-Civica.jpg?resize=226%2C150&amp;ssl=1 226w, https:\/\/i0.wp.com\/eltrabajo.cl\/portal\/wp-content\/uploads\/2015\/12\/FOTO-4-Uno-de-los-Stands-presentados-en-la-Feria-de-Salud-en-Plaza-Civica.jpg?resize=400%2C265&amp;ssl=1 400w\" width=\"209\" height=\"139\" loading=\"lazy\" data-original-width=\"209\" data-original-height=\"139\" itemprop=\"http:\/\/schema.org\/image\" title=\"FOTO 4 Uno de los Stands presentados en la Feria de Salud en Plaza Civica\" alt=\"Uno de los Stands presentados en la Feria de Salud en Plaza C\u00edvica.\" style=\"width: 209px; height: 139px;\" \/> <\/a> <div class=\"tiled-gallery-caption\" itemprop=\"caption description\"> Uno de los Stands presentados en la Feria de Salud en Plaza C\u00edvica. <\/div> <\/div> <div class=\"tiled-gallery-item tiled-gallery-item-small\" itemprop=\"associatedMedia\" itemscope itemtype=\"http:\/\/schema.org\/ImageObject\"> <a href=\"https:\/\/eltrabajo.cl\/portal\/atencion-primaria-cumple-el-2015-con-el-100-de-las-metas-presidenciales-en-aconcagua\/foto-5-gobernador-de-la-provincia-de-san-felipe-eduardo-leon\/\" border=\"0\" itemprop=\"url\"> <meta itemprop=\"width\" content=\"209\"> <meta itemprop=\"height\" content=\"137\"> <img decoding=\"async\" class=\"\" data-attachment-id=\"64950\" data-orig-file=\"https:\/\/eltrabajo.cl\/portal\/wp-content\/uploads\/2015\/12\/Foto-5-Gobernador-de-la-Provincia-de-San-Felipe-Eduardo-Leon.jpg\" data-orig-size=\"530,348\" data-comments-opened=\"1\" data-image-meta=\"{&quot;aperture&quot;:&quot;0&quot;,&quot;credit&quot;:&quot;&quot;,&quot;camera&quot;:&quot;&quot;,&quot;caption&quot;:&quot;&quot;,&quot;created_timestamp&quot;:&quot;0&quot;,&quot;copyright&quot;:&quot;Copyright 2012&quot;,&quot;focal_length&quot;:&quot;0&quot;,&quot;iso&quot;:&quot;0&quot;,&quot;shutter_speed&quot;:&quot;0&quot;,&quot;title&quot;:&quot;&quot;,&quot;orientation&quot;:&quot;0&quot;}\" data-image-title=\"Foto 5 Gobernador de la Provincia de San Felipe Eduardo Leon\" data-image-description=\"&lt;p&gt;Gobernador de la Provincia de San Felipe, Eduardo Le\u00f3n.&lt;\/p&gt; \" data-medium-file=\"https:\/\/i0.wp.com\/eltrabajo.cl\/portal\/wp-content\/uploads\/2015\/12\/Foto-5-Gobernador-de-la-Provincia-de-San-Felipe-Eduardo-Leon.jpg?fit=300%2C197&#038;ssl=1\" data-large-file=\"https:\/\/i0.wp.com\/eltrabajo.cl\/portal\/wp-content\/uploads\/2015\/12\/Foto-5-Gobernador-de-la-Provincia-de-San-Felipe-Eduardo-Leon.jpg?fit=530%2C348&#038;ssl=1\" src=\"https:\/\/i0.wp.com\/eltrabajo.cl\/portal\/wp-content\/uploads\/2015\/12\/Foto-5-Gobernador-de-la-Provincia-de-San-Felipe-Eduardo-Leon.jpg?w=209&#038;h=137&#038;ssl=1\" srcset=\"https:\/\/i0.wp.com\/eltrabajo.cl\/portal\/wp-content\/uploads\/2015\/12\/Foto-5-Gobernador-de-la-Provincia-de-San-Felipe-Eduardo-Leon.jpg?w=530&amp;ssl=1 530w, https:\/\/i0.wp.com\/eltrabajo.cl\/portal\/wp-content\/uploads\/2015\/12\/Foto-5-Gobernador-de-la-Provincia-de-San-Felipe-Eduardo-Leon.jpg?resize=200%2C131&amp;ssl=1 200w, https:\/\/i0.wp.com\/eltrabajo.cl\/portal\/wp-content\/uploads\/2015\/12\/Foto-5-Gobernador-de-la-Provincia-de-San-Felipe-Eduardo-Leon.jpg?resize=300%2C197&amp;ssl=1 300w, https:\/\/i0.wp.com\/eltrabajo.cl\/portal\/wp-content\/uploads\/2015\/12\/Foto-5-Gobernador-de-la-Provincia-de-San-Felipe-Eduardo-Leon.jpg?resize=228%2C150&amp;ssl=1 228w, https:\/\/i0.wp.com\/eltrabajo.cl\/portal\/wp-content\/uploads\/2015\/12\/Foto-5-Gobernador-de-la-Provincia-de-San-Felipe-Eduardo-Leon.jpg?resize=400%2C263&amp;ssl=1 400w\" width=\"209\" height=\"137\" loading=\"lazy\" data-original-width=\"209\" data-original-height=\"137\" itemprop=\"http:\/\/schema.org\/image\" title=\"Foto 5 Gobernador de la Provincia de San Felipe Eduardo Leon\" alt=\"Gobernador de la Provincia de San Felipe, Eduardo Le\u00f3n.\" style=\"width: 209px; height: 137px;\" \/> <\/a> <div class=\"tiled-gallery-caption\" itemprop=\"caption description\"> Gobernador de la Provincia de San Felipe, Eduardo Le\u00f3n. <\/div> <\/div> <\/div> <!-- close group --> <\/div> <!-- close row --> <\/div>\n","protected":false},"excerpt":{"rendered":"<p>La Directora del Servicio de Salud Aconcagua, alab\u00f3 el trabajo realizado durante el presente a\u00f1o y desliz\u00f3 ciertos objetivos a cumplir en 2016. La Plaza C\u00edvica de San Felipe fue el escenario&#8230;<\/p>\n","protected":false},"author":482,"featured_media":64947,"comment_status":"open","ping_status":"open","sticky":false,"template":"","format":"standard","meta":{"advanced_seo_description":"","jetpack_seo_html_title":"","jetpack_seo_noindex":false,"_jetpack_memberships_contains_paid_content":false,"footnotes":""},"categories":[15],"tags":[],"class_list":["post-64946","post","type-post","status-publish","format-standard","has-post-thumbnail","hentry","category-comunidad"],"jetpack_featured_media_url":"https:\/\/i0.wp.com\/eltrabajo.cl\/portal\/wp-content\/uploads\/2015\/12\/FOTO-2-Autoridades-Locales-presentes-en-La-Feria-de-los-programas-de-Atenci%C3%B3n-Primaria-de-Salud-Aconcagua.jpg?fit=528%2C350&ssl=1","jetpack_sharing_enabled":true,"jetpack_likes_enabled":true,"jetpack-related-posts":[],"_links":{"self":[{"href":"https:\/\/eltrabajo.cl\/portal\/wp-json\/wp\/v2\/posts\/64946","targetHints":{"allow":["GET"]}}],"collection":[{"href":"https:\/\/eltrabajo.cl\/portal\/wp-json\/wp\/v2\/posts"}],"about":[{"href":"https:\/\/eltrabajo.cl\/portal\/wp-json\/wp\/v2\/types\/post"}],"author":[{"embeddable":true,"href":"https:\/\/eltrabajo.cl\/portal\/wp-json\/wp\/v2\/users\/482"}],"replies":[{"embeddable":true,"href":"https:\/\/eltrabajo.cl\/portal\/wp-json\/wp\/v2\/comments?post=64946"}],"version-history":[{"count":0,"href":"https:\/\/eltrabajo.cl\/portal\/wp-json\/wp\/v2\/posts\/64946\/revisions"}],"wp:featuredmedia":[{"embeddable":true,"href":"https:\/\/eltrabajo.cl\/portal\/wp-json\/wp\/v2\/media\/64947"}],"wp:attachment":[{"href":"https:\/\/eltrabajo.cl\/portal\/wp-json\/wp\/v2\/media?parent=64946"}],"wp:term":[{"taxonomy":"category","embeddable":true,"href":"https:\/\/eltrabajo.cl\/portal\/wp-json\/wp\/v2\/categories?post=64946"},{"taxonomy":"post_tag","embeddable":true,"href":"https:\/\/eltrabajo.cl\/portal\/wp-json\/wp\/v2\/tags?post=64946"}],"curies":[{"name":"wp","href":"https:\/\/api.w.org\/{rel}","templated":true}]}}