{"id":64952,"date":"2015-12-18T14:39:49","date_gmt":"2015-12-18T17:39:49","guid":{"rendered":"http:\/\/www.eltrabajo.cl\/portal\/?p=64952"},"modified":"2015-12-18T14:39:49","modified_gmt":"2015-12-18T17:39:49","slug":"campana-contra-el-sarampion-se-extiende-hasta-el-23-de-diciembre","status":"publish","type":"post","link":"https:\/\/eltrabajo.cl\/portal\/campana-contra-el-sarampion-se-extiende-hasta-el-23-de-diciembre\/","title":{"rendered":"Campa\u00f1a contra el Sarampi\u00f3n se extiende hasta el 23 de diciembre"},"content":{"rendered":"<figure id=\"attachment_64953\" aria-describedby=\"caption-attachment-64953\" style=\"width: 300px\" class=\"wp-caption alignleft\"><img data-recalc-dims=\"1\" loading=\"lazy\" decoding=\"async\" class=\"wp-image-64953 size-medium\" src=\"https:\/\/i0.wp.com\/www.eltrabajo.cl\/portal\/wp-content\/uploads\/2015\/12\/Mario-Mendez-Jefe-Oficina-Provincial-SEREMI-de-Salud-San-Felipe-1-300x197.jpg?resize=300%2C197\" alt=\"Mario M\u00e9ndez, jefe de oficina provincial de la Seremi de Salud.\" width=\"300\" height=\"197\" srcset=\"https:\/\/i0.wp.com\/eltrabajo.cl\/portal\/wp-content\/uploads\/2015\/12\/Mario-Mendez-Jefe-Oficina-Provincial-SEREMI-de-Salud-San-Felipe-1.jpg?resize=300%2C197&amp;ssl=1 300w, https:\/\/i0.wp.com\/eltrabajo.cl\/portal\/wp-content\/uploads\/2015\/12\/Mario-Mendez-Jefe-Oficina-Provincial-SEREMI-de-Salud-San-Felipe-1.jpg?resize=200%2C131&amp;ssl=1 200w, https:\/\/i0.wp.com\/eltrabajo.cl\/portal\/wp-content\/uploads\/2015\/12\/Mario-Mendez-Jefe-Oficina-Provincial-SEREMI-de-Salud-San-Felipe-1.jpg?resize=228%2C150&amp;ssl=1 228w, https:\/\/i0.wp.com\/eltrabajo.cl\/portal\/wp-content\/uploads\/2015\/12\/Mario-Mendez-Jefe-Oficina-Provincial-SEREMI-de-Salud-San-Felipe-1.jpg?resize=400%2C263&amp;ssl=1 400w, https:\/\/i0.wp.com\/eltrabajo.cl\/portal\/wp-content\/uploads\/2015\/12\/Mario-Mendez-Jefe-Oficina-Provincial-SEREMI-de-Salud-San-Felipe-1.jpg?w=530&amp;ssl=1 530w\" sizes=\"auto, (max-width: 300px) 100vw, 300px\" \/><figcaption id=\"caption-attachment-64953\" class=\"wp-caption-text\">Mario M\u00e9ndez, jefe de oficina provincial de la Seremi de Salud.<\/figcaption><\/figure>\n<ul>\n<li><strong>Inoculaci\u00f3n en el Valle est\u00e1 a 2 puntos porcentuales de cumplir con la meta establecida de un 95% y supera ampliamente los registros regionales y nacionales.<\/strong><\/li>\n<\/ul>\n<p>Un tremendo \u00e9xito ha tenido en el Valle de Aconcagua la campa\u00f1a de Vacunaci\u00f3n contra el Sarampi\u00f3n, la cual indica que al 13 de diciembre se ha alcanzado un 93 % de inmunizaci\u00f3n en la poblaci\u00f3n objetivo, correspondiente a ni\u00f1os entre 1 y 5 a\u00f1os, superando ampliamente el promedio regional de un 73% y tambi\u00e9n la cifra nacional de un 78,1 % de inoculaci\u00f3n.<br \/>\nLos datos fueron entregados por Mario M\u00e9ndez, Jefe de Oficina Provincial de la Seremi de Salud San Felipe, quien se mostr\u00f3 muy satisfecho de estar cumpliendo con el objetivo y manifest\u00f3 que \u201ces una campa\u00f1a corta que en un mes, ya al 30 de noviembre, hab\u00eda alcanzado un 75 %, se ampli\u00f3 el plazo hasta el 23 de diciembre y estamos cumpliendo plenamente con lograr una gran inmunizaci\u00f3n respecto de esta patolog\u00eda, esto para que nuestros ni\u00f1os no se enfermen\u201d, destac\u00f3.<br \/>\nAs\u00ed mismo, M\u00e9ndez agreg\u00f3 que a\u00fan existe plazo para cumplir con la meta final y describi\u00f3 que \u201ctodav\u00eda tenemos un par de semanitas m\u00e1s para elevar la cifra, aunque hay que entender que las enfermedades no se resuelven por porcentajes, un ni\u00f1o o ni\u00f1a que no tenga inmunizaci\u00f3n, podr\u00eda presentar la enfermedad y eso es lo que no queremos\u201d, apunt\u00f3.<br \/>\nRespecto de c\u00f3mo continuar\u00e1n trabajando, la autoridad sanitaria cont\u00f3 que \u201cnosotros vamos a seguir monitoreando, vigilando y asegurando el suministro de vacunas y el control del programa y, por otro lado, funcionando con el Servicio de Salud Aconcagua y sus redes asistenciales a trav\u00e9s de los Centros de Salud Familiar, Cesfam, aplicando vacunas para poder cumplir con esta campa\u00f1a\u201d, enfatiz\u00f3.<br \/>\nLas cifras actualizadas al 13 de diciembre, indican que el detalle de inoculaci\u00f3n por comuna en el Valle de Aconcagua presenta a San Felipe con un 93%, Catemu 92%, Panquehue 91.2%, Los Andes 90,8%, Santa Mar\u00eda 88,4%, Rinconada 98,1%, LLay, LLay 97,8%, Putaendo 81, 2%, Calle Larga 78, 8%.<br \/>\nM\u00e9ndez atribuye estos altos porcentajes de inoculaci\u00f3n al apoyo que efectu\u00f3 la Organizaci\u00f3n Panamericana de Salud, que contrat\u00f3 T\u00e9cnicos Param\u00e9dicos para vacunar en algunas comunas del Valle de Aconcagua y ante esto se mostr\u00f3 seguro de cumplir con la meta de 95% de inmunizaci\u00f3n establecida para combatir esta patolog\u00eda.<\/p>\n","protected":false},"excerpt":{"rendered":"<p>Inoculaci\u00f3n en el Valle est\u00e1 a 2 puntos porcentuales de cumplir con la meta establecida de un 95% y supera ampliamente los registros regionales y nacionales. Un tremendo \u00e9xito ha tenido en&#8230;<\/p>\n","protected":false},"author":482,"featured_media":64953,"comment_status":"open","ping_status":"open","sticky":false,"template":"","format":"standard","meta":{"advanced_seo_description":"","jetpack_seo_html_title":"","jetpack_seo_noindex":false,"_jetpack_memberships_contains_paid_content":false,"footnotes":""},"categories":[1],"tags":[],"class_list":["post-64952","post","type-post","status-publish","format-standard","has-post-thumbnail","hentry","category-cronica"],"jetpack_featured_media_url":"https:\/\/i0.wp.com\/eltrabajo.cl\/portal\/wp-content\/uploads\/2015\/12\/Mario-Mendez-Jefe-Oficina-Provincial-SEREMI-de-Salud-San-Felipe-1.jpg?fit=530%2C348&ssl=1","jetpack_sharing_enabled":true,"jetpack_likes_enabled":true,"jetpack-related-posts":[],"_links":{"self":[{"href":"https:\/\/eltrabajo.cl\/portal\/wp-json\/wp\/v2\/posts\/64952","targetHints":{"allow":["GET"]}}],"collection":[{"href":"https:\/\/eltrabajo.cl\/portal\/wp-json\/wp\/v2\/posts"}],"about":[{"href":"https:\/\/eltrabajo.cl\/portal\/wp-json\/wp\/v2\/types\/post"}],"author":[{"embeddable":true,"href":"https:\/\/eltrabajo.cl\/portal\/wp-json\/wp\/v2\/users\/482"}],"replies":[{"embeddable":true,"href":"https:\/\/eltrabajo.cl\/portal\/wp-json\/wp\/v2\/comments?post=64952"}],"version-history":[{"count":0,"href":"https:\/\/eltrabajo.cl\/portal\/wp-json\/wp\/v2\/posts\/64952\/revisions"}],"wp:featuredmedia":[{"embeddable":true,"href":"https:\/\/eltrabajo.cl\/portal\/wp-json\/wp\/v2\/media\/64953"}],"wp:attachment":[{"href":"https:\/\/eltrabajo.cl\/portal\/wp-json\/wp\/v2\/media?parent=64952"}],"wp:term":[{"taxonomy":"category","embeddable":true,"href":"https:\/\/eltrabajo.cl\/portal\/wp-json\/wp\/v2\/categories?post=64952"},{"taxonomy":"post_tag","embeddable":true,"href":"https:\/\/eltrabajo.cl\/portal\/wp-json\/wp\/v2\/tags?post=64952"}],"curies":[{"name":"wp","href":"https:\/\/api.w.org\/{rel}","templated":true}]}}