{"id":64955,"date":"2015-12-18T14:40:52","date_gmt":"2015-12-18T17:40:52","guid":{"rendered":"http:\/\/www.eltrabajo.cl\/portal\/?p=64955"},"modified":"2015-12-18T14:40:52","modified_gmt":"2015-12-18T17:40:52","slug":"entregan-compilacion-de-cuentos-participantes-en-concurso-la-vuelta-a-san-felipe-en-80-palabras","status":"publish","type":"post","link":"https:\/\/eltrabajo.cl\/portal\/entregan-compilacion-de-cuentos-participantes-en-concurso-la-vuelta-a-san-felipe-en-80-palabras\/","title":{"rendered":"Entregan compilaci\u00f3n de cuentos participantes en concurso \u2018La vuelta a San Felipe en 80 palabras\u2019"},"content":{"rendered":"<figure id=\"attachment_64956\" aria-describedby=\"caption-attachment-64956\" style=\"width: 300px\" class=\"wp-caption alignleft\"><img data-recalc-dims=\"1\" loading=\"lazy\" decoding=\"async\" class=\"wp-image-64956 size-medium\" src=\"https:\/\/i0.wp.com\/www.eltrabajo.cl\/portal\/wp-content\/uploads\/2015\/12\/entrega-de-libro-1-300x197.jpg?resize=300%2C197\" alt=\"Diversas autoridades participaron de la entrega a la comunidad del libro \u2018La vuelta a San Felipe en 80 palabras\u2019, en la Biblioteca P\u00fablica Municipal.\" width=\"300\" height=\"197\" srcset=\"https:\/\/i0.wp.com\/eltrabajo.cl\/portal\/wp-content\/uploads\/2015\/12\/entrega-de-libro-1.jpg?resize=300%2C197&amp;ssl=1 300w, https:\/\/i0.wp.com\/eltrabajo.cl\/portal\/wp-content\/uploads\/2015\/12\/entrega-de-libro-1.jpg?resize=200%2C131&amp;ssl=1 200w, https:\/\/i0.wp.com\/eltrabajo.cl\/portal\/wp-content\/uploads\/2015\/12\/entrega-de-libro-1.jpg?resize=228%2C150&amp;ssl=1 228w, https:\/\/i0.wp.com\/eltrabajo.cl\/portal\/wp-content\/uploads\/2015\/12\/entrega-de-libro-1.jpg?resize=400%2C263&amp;ssl=1 400w, https:\/\/i0.wp.com\/eltrabajo.cl\/portal\/wp-content\/uploads\/2015\/12\/entrega-de-libro-1.jpg?w=530&amp;ssl=1 530w\" sizes=\"auto, (max-width: 300px) 100vw, 300px\" \/><figcaption id=\"caption-attachment-64956\" class=\"wp-caption-text\">Diversas autoridades participaron de la entrega a la comunidad del libro \u2018La vuelta a San Felipe en 80 palabras\u2019, en la Biblioteca P\u00fablica Municipal.<\/figcaption><\/figure>\n<p>Este mi\u00e9rcoles, la Biblioteca P\u00fablica Municipal entreg\u00f3 a la comunidad el libro \u2018La vuelta a San Felipe en 80 palabras\u2019, ejemplar que contiene 80 de los cuentos que participaron en la segunda versi\u00f3n del exitoso concurso.<br \/>\nEste 2015 se realiz\u00f3 la segunda versi\u00f3n del concurso, que sum\u00f3 a m\u00e1s de 300 participantes, quienes en 80 palabras contaron alguna historia de la comuna o una experiencia personal, en peque\u00f1os textos que encantaron al jurado, que tuvo una dif\u00edcil misi\u00f3n al elegir a los ganadores.<br \/>\n\u201cUna felicidad tremenda porque esto culmina por este a\u00f1o, gracias al Consejo Nacional de la Cultura y las Artes, a trav\u00e9s del Fondo Nacional de Fomento del Libro y la Lectura, que financi\u00f3 este proyecto, con un \u00e9xito de convocatoria importante para la comuna de San Felipe y con la idea de que esto contin\u00fae en el tiempo\u201d, se\u00f1al\u00f3 Macarena Blanca, encargada de la Biblioteca.<br \/>\nPara Macarena Blanca esta iniciativa es un aporte a la comuna, especialmente en torno al resguardo del patrimonio local, porque est\u00e1n insertos muchos contenidos del San Felipe urbano y contempor\u00e1neo. \u201cHay cuentos de todo tipo escritos por ni\u00f1os, por j\u00f3venes, por adultos y por adultos mayores, que en el fondo reflejan el sentir del sanfelipe\u00f1o, a trav\u00e9s del tiempo\u201d.<br \/>\nEl alcalde Patricio Freire tambi\u00e9n destac\u00f3 el trabajo realizado por los participantes, se\u00f1alando que \u201cen el concurso se hacen notar las an\u00e9cdotas, vivencias y la historia misma de San Felipe, sus rincones, las alamedas, los leones de la plaza si fueron reales o no, y destacar la gran cantidad de sanfelipe\u00f1os que se han sumado a esta iniciativa\u201d.<br \/>\nPor su parte, el concejal Rodolfo Silva felicit\u00f3 a los participantes y destac\u00f3 el aporte a la identidad de la comuna, \u201cen cada hoja que uno ve del libro trae un recuerdo, eso hay que destacarlo, tiene que seguir ejecut\u00e1ndose, quiz\u00e1s con mayor n\u00famero de libros, porque eso a la gente le fascina y cada persona tiene una historia y algo que aportar, por ello es importante que esto quede como elemento tangible para las futuras generaciones\u201d.<br \/>\nDebido al \u00e9xito del concurso, el alcalde Patricio Freire anunci\u00f3 la realizaci\u00f3n de una tercera versi\u00f3n el a\u00f1o 2016, y la invitaci\u00f3n es a todos los sanfelipe\u00f1os a participar de una iniciativa que deja plasmada, en cada cuento participante, la historia de San Felipe.<\/p>\n","protected":false},"excerpt":{"rendered":"<p>Este mi\u00e9rcoles, la Biblioteca P\u00fablica Municipal entreg\u00f3 a la comunidad el libro \u2018La vuelta a San Felipe en 80 palabras\u2019, ejemplar que contiene 80 de los cuentos que participaron en la segunda&#8230;<\/p>\n","protected":false},"author":482,"featured_media":64956,"comment_status":"open","ping_status":"open","sticky":false,"template":"","format":"standard","meta":{"advanced_seo_description":"","jetpack_seo_html_title":"","jetpack_seo_noindex":false,"_jetpack_memberships_contains_paid_content":false,"footnotes":""},"categories":[1],"tags":[],"class_list":["post-64955","post","type-post","status-publish","format-standard","has-post-thumbnail","hentry","category-cronica"],"jetpack_featured_media_url":"https:\/\/i0.wp.com\/eltrabajo.cl\/portal\/wp-content\/uploads\/2015\/12\/entrega-de-libro-1.jpg?fit=530%2C348&ssl=1","jetpack_sharing_enabled":true,"jetpack_likes_enabled":true,"jetpack-related-posts":[],"_links":{"self":[{"href":"https:\/\/eltrabajo.cl\/portal\/wp-json\/wp\/v2\/posts\/64955","targetHints":{"allow":["GET"]}}],"collection":[{"href":"https:\/\/eltrabajo.cl\/portal\/wp-json\/wp\/v2\/posts"}],"about":[{"href":"https:\/\/eltrabajo.cl\/portal\/wp-json\/wp\/v2\/types\/post"}],"author":[{"embeddable":true,"href":"https:\/\/eltrabajo.cl\/portal\/wp-json\/wp\/v2\/users\/482"}],"replies":[{"embeddable":true,"href":"https:\/\/eltrabajo.cl\/portal\/wp-json\/wp\/v2\/comments?post=64955"}],"version-history":[{"count":0,"href":"https:\/\/eltrabajo.cl\/portal\/wp-json\/wp\/v2\/posts\/64955\/revisions"}],"wp:featuredmedia":[{"embeddable":true,"href":"https:\/\/eltrabajo.cl\/portal\/wp-json\/wp\/v2\/media\/64956"}],"wp:attachment":[{"href":"https:\/\/eltrabajo.cl\/portal\/wp-json\/wp\/v2\/media?parent=64955"}],"wp:term":[{"taxonomy":"category","embeddable":true,"href":"https:\/\/eltrabajo.cl\/portal\/wp-json\/wp\/v2\/categories?post=64955"},{"taxonomy":"post_tag","embeddable":true,"href":"https:\/\/eltrabajo.cl\/portal\/wp-json\/wp\/v2\/tags?post=64955"}],"curies":[{"name":"wp","href":"https:\/\/api.w.org\/{rel}","templated":true}]}}