{"id":64958,"date":"2015-12-18T14:43:02","date_gmt":"2015-12-18T17:43:02","guid":{"rendered":"http:\/\/www.eltrabajo.cl\/portal\/?p=64958"},"modified":"2015-12-18T14:43:02","modified_gmt":"2015-12-18T17:43:02","slug":"victima-sorprendio-a-delincuente-intentando-robar-en-su-vehiculo","status":"publish","type":"post","link":"https:\/\/eltrabajo.cl\/portal\/victima-sorprendio-a-delincuente-intentando-robar-en-su-vehiculo\/","title":{"rendered":"V\u00edctima sorprendi\u00f3 a delincuente intentando robar en su veh\u00edculo"},"content":{"rendered":"<figure id=\"attachment_64959\" aria-describedby=\"caption-attachment-64959\" style=\"width: 300px\" class=\"wp-caption alignleft\"><img data-recalc-dims=\"1\" loading=\"lazy\" decoding=\"async\" class=\"wp-image-64959 size-medium\" src=\"https:\/\/i0.wp.com\/www.eltrabajo.cl\/portal\/wp-content\/uploads\/2015\/12\/FRANCISCO-POGGI-300x198.jpg?resize=300%2C198\" alt=\"El imputado Francisco Poggi Carre\u00f1o fue condenado al pago de una multa por su falta cometida a un veh\u00edculo estacionado en la v\u00eda p\u00fablica de San Felipe. \" width=\"300\" height=\"198\" srcset=\"https:\/\/i0.wp.com\/eltrabajo.cl\/portal\/wp-content\/uploads\/2015\/12\/FRANCISCO-POGGI.jpg?resize=300%2C198&amp;ssl=1 300w, https:\/\/i0.wp.com\/eltrabajo.cl\/portal\/wp-content\/uploads\/2015\/12\/FRANCISCO-POGGI.jpg?resize=200%2C132&amp;ssl=1 200w, https:\/\/i0.wp.com\/eltrabajo.cl\/portal\/wp-content\/uploads\/2015\/12\/FRANCISCO-POGGI.jpg?resize=228%2C150&amp;ssl=1 228w, https:\/\/i0.wp.com\/eltrabajo.cl\/portal\/wp-content\/uploads\/2015\/12\/FRANCISCO-POGGI.jpg?resize=400%2C263&amp;ssl=1 400w, https:\/\/i0.wp.com\/eltrabajo.cl\/portal\/wp-content\/uploads\/2015\/12\/FRANCISCO-POGGI.jpg?w=530&amp;ssl=1 530w\" sizes=\"auto, (max-width: 300px) 100vw, 300px\" \/><figcaption id=\"caption-attachment-64959\" class=\"wp-caption-text\">El imputado Francisco Poggi Carre\u00f1o fue condenado al pago de una multa por su falta cometida a un veh\u00edculo estacionado en la v\u00eda p\u00fablica de San Felipe.<\/figcaption><\/figure>\n<p>Por el delito de robo frustrado a un veh\u00edculo, fue detenido por Carabineros un sujeto que minutos antes fue sorprendido por la v\u00edctima quebrando la luneta delantera de su camioneta Chevrolet Luv estacionada en las fuera de su domicilio en calle Joaqu\u00edn Oliva de la Poblaci\u00f3n Yungay en San Felipe.<br \/>\nEl hecho se registr\u00f3 a eso de las 05:00 horas de la madrugada del martes en los momentos que el propietario del veh\u00edculo se percat\u00f3 de la presencia del delincuente que provocaba da\u00f1os en la estructura de la carrocer\u00eda, quien al advertir su presencia huy\u00f3 movilizado a bordo de una bicicleta sin lograr apoderarse de ninguna especie.<br \/>\nInmediatamente el afectado denunci\u00f3 el delito a Carabineros quienes minutos m\u00e1s tarde, tras patrullajes por distintos sectores, interceptaron a un sujeto con las caracter\u00edsticas proporcionadas por la v\u00edctima a bordo en una bicicleta, a quien se le practic\u00f3 un control de identidad en calle Artem\u00f3n Cifuentes esquina Portus de San Felipe.<br \/>\nEl propietario del m\u00f3vil posteriormente reconoci\u00f3 al sujeto como el autor de los da\u00f1os provocados a su camioneta, avaluados en la suma de $25.000, quedando en calidad de detenido. El imputado fue individualizado como Francisco Javier Poggi Carre\u00f1o de 27 a\u00f1os de edad, quien cuenta con un amplio prontuario por delitos de robo en bienes nacionales, robo en lugar habitado y hurto.<br \/>\nTras ser sometido a control de detenci\u00f3n en el Juzgado de Garant\u00eda de San Felipe, el acusado fue formalizado por esta falta siendo condenado al pago de un tercio de una unidad tributaria mensual.<br \/>\n<strong>Pablo Salinas Sald\u00edas<\/strong><\/p>\n","protected":false},"excerpt":{"rendered":"<p>Por el delito de robo frustrado a un veh\u00edculo, fue detenido por Carabineros un sujeto que minutos antes fue sorprendido por la v\u00edctima quebrando la luneta delantera de su camioneta Chevrolet Luv&#8230;<\/p>\n","protected":false},"author":482,"featured_media":64959,"comment_status":"open","ping_status":"open","sticky":false,"template":"","format":"standard","meta":{"advanced_seo_description":"","jetpack_seo_html_title":"","jetpack_seo_noindex":false,"_jetpack_memberships_contains_paid_content":false,"footnotes":""},"categories":[21],"tags":[],"class_list":["post-64958","post","type-post","status-publish","format-standard","has-post-thumbnail","hentry","category-policial"],"jetpack_featured_media_url":"https:\/\/i0.wp.com\/eltrabajo.cl\/portal\/wp-content\/uploads\/2015\/12\/FRANCISCO-POGGI.jpg?fit=530%2C349&ssl=1","jetpack_sharing_enabled":true,"jetpack_likes_enabled":true,"jetpack-related-posts":[],"_links":{"self":[{"href":"https:\/\/eltrabajo.cl\/portal\/wp-json\/wp\/v2\/posts\/64958","targetHints":{"allow":["GET"]}}],"collection":[{"href":"https:\/\/eltrabajo.cl\/portal\/wp-json\/wp\/v2\/posts"}],"about":[{"href":"https:\/\/eltrabajo.cl\/portal\/wp-json\/wp\/v2\/types\/post"}],"author":[{"embeddable":true,"href":"https:\/\/eltrabajo.cl\/portal\/wp-json\/wp\/v2\/users\/482"}],"replies":[{"embeddable":true,"href":"https:\/\/eltrabajo.cl\/portal\/wp-json\/wp\/v2\/comments?post=64958"}],"version-history":[{"count":0,"href":"https:\/\/eltrabajo.cl\/portal\/wp-json\/wp\/v2\/posts\/64958\/revisions"}],"wp:featuredmedia":[{"embeddable":true,"href":"https:\/\/eltrabajo.cl\/portal\/wp-json\/wp\/v2\/media\/64959"}],"wp:attachment":[{"href":"https:\/\/eltrabajo.cl\/portal\/wp-json\/wp\/v2\/media?parent=64958"}],"wp:term":[{"taxonomy":"category","embeddable":true,"href":"https:\/\/eltrabajo.cl\/portal\/wp-json\/wp\/v2\/categories?post=64958"},{"taxonomy":"post_tag","embeddable":true,"href":"https:\/\/eltrabajo.cl\/portal\/wp-json\/wp\/v2\/tags?post=64958"}],"curies":[{"name":"wp","href":"https:\/\/api.w.org\/{rel}","templated":true}]}}