{"id":64964,"date":"2015-12-18T14:45:54","date_gmt":"2015-12-18T17:45:54","guid":{"rendered":"http:\/\/www.eltrabajo.cl\/portal\/?p=64964"},"modified":"2015-12-18T14:45:54","modified_gmt":"2015-12-18T17:45:54","slug":"detienen-a-vecino-de-san-esteban-que-poseia-39-plantas-de-marihuana-en-su-casa","status":"publish","type":"post","link":"https:\/\/eltrabajo.cl\/portal\/detienen-a-vecino-de-san-esteban-que-poseia-39-plantas-de-marihuana-en-su-casa\/","title":{"rendered":"Detienen a vecino de San Esteban que pose\u00eda 39 plantas de marihuana en su casa"},"content":{"rendered":"<figure id=\"attachment_64965\" aria-describedby=\"caption-attachment-64965\" style=\"width: 300px\" class=\"wp-caption alignleft\"><img data-recalc-dims=\"1\" loading=\"lazy\" decoding=\"async\" class=\"wp-image-64965 size-medium\" src=\"https:\/\/i0.wp.com\/www.eltrabajo.cl\/portal\/wp-content\/uploads\/2015\/12\/marihuana_corazon1-300x199.jpg?resize=300%2C199\" alt=\"El due\u00f1o de casa, que no pose\u00eda antecedentes penales, ten\u00eda en total 39 plantas de marihuana en su patio.\" width=\"300\" height=\"199\" srcset=\"https:\/\/i0.wp.com\/eltrabajo.cl\/portal\/wp-content\/uploads\/2015\/12\/marihuana_corazon1.jpg?resize=300%2C199&amp;ssl=1 300w, https:\/\/i0.wp.com\/eltrabajo.cl\/portal\/wp-content\/uploads\/2015\/12\/marihuana_corazon1.jpg?resize=200%2C133&amp;ssl=1 200w, https:\/\/i0.wp.com\/eltrabajo.cl\/portal\/wp-content\/uploads\/2015\/12\/marihuana_corazon1.jpg?resize=226%2C150&amp;ssl=1 226w, https:\/\/i0.wp.com\/eltrabajo.cl\/portal\/wp-content\/uploads\/2015\/12\/marihuana_corazon1.jpg?resize=400%2C265&amp;ssl=1 400w, https:\/\/i0.wp.com\/eltrabajo.cl\/portal\/wp-content\/uploads\/2015\/12\/marihuana_corazon1.jpg?w=528&amp;ssl=1 528w\" sizes=\"auto, (max-width: 300px) 100vw, 300px\" \/><figcaption id=\"caption-attachment-64965\" class=\"wp-caption-text\">El due\u00f1o de casa, que no pose\u00eda antecedentes penales, ten\u00eda en total 39 plantas de marihuana en su patio.<\/figcaption><\/figure>\n<ul>\n<li><strong>Denuncia an\u00f3nima permiti\u00f3 a Carabineros descubrir las matas de cannabis y detener a su propietario.<\/strong><\/li>\n<\/ul>\n<p><strong>SAN ESTEBAN.<\/strong>&#8211; Un vecino de la comuna de San Esteban fue detenido por Carabineros al ser sorprendido manteniendo en el interior de su domicilio una plantaci\u00f3n clandestina de cannabis sativa.<br \/>\nConforme a los antecedentes entregados por el Jefe de la Tenencia de Carabineros de San Esteban, Teniente Marco Cornejo Mendoza, un llamado an\u00f3nimo alert\u00f3 a la polic\u00eda de que en un domicilio ubicado en el pasaje 26 de septiembre de la villa El Coraz\u00f3n, su propietario manten\u00eda matas de marihuana.<br \/>\nPersonal de ese destacamento se dirigi\u00f3 hasta el lugar y pudo observar desde el exterior que en el patio posterior se divisaban matas de marihuana.<br \/>\nLos Carabineros se entrevistaron con el due\u00f1o de casa quien accedi\u00f3 voluntariamente a un registro del inmueble.<br \/>\nDe esta manera se encontraron en el patio un total de 39 plantas de marihuana de entre 60 cent\u00edmetros y 2,30 metros de altura.<br \/>\nEl due\u00f1o de casa fue identificado con las iniciales A.F.T.D., de 54 a\u00f1os, sin antecedentes penales quien pas\u00f3 a control de detenci\u00f3n en el Tribunal de Garant\u00eda de Los Andes siendo formalizado por cultivo de plantas prohibidas.<\/p>\n","protected":false},"excerpt":{"rendered":"<p>Denuncia an\u00f3nima permiti\u00f3 a Carabineros descubrir las matas de cannabis y detener a su propietario. SAN ESTEBAN.&#8211; Un vecino de la comuna de San Esteban fue detenido por Carabineros al ser sorprendido&#8230;<\/p>\n","protected":false},"author":482,"featured_media":64965,"comment_status":"open","ping_status":"open","sticky":false,"template":"","format":"standard","meta":{"advanced_seo_description":"","jetpack_seo_html_title":"","jetpack_seo_noindex":false,"_jetpack_memberships_contains_paid_content":false,"footnotes":""},"categories":[21],"tags":[],"class_list":["post-64964","post","type-post","status-publish","format-standard","has-post-thumbnail","hentry","category-policial"],"jetpack_featured_media_url":"https:\/\/i0.wp.com\/eltrabajo.cl\/portal\/wp-content\/uploads\/2015\/12\/marihuana_corazon1.jpg?fit=528%2C350&ssl=1","jetpack_sharing_enabled":true,"jetpack_likes_enabled":true,"jetpack-related-posts":[],"_links":{"self":[{"href":"https:\/\/eltrabajo.cl\/portal\/wp-json\/wp\/v2\/posts\/64964","targetHints":{"allow":["GET"]}}],"collection":[{"href":"https:\/\/eltrabajo.cl\/portal\/wp-json\/wp\/v2\/posts"}],"about":[{"href":"https:\/\/eltrabajo.cl\/portal\/wp-json\/wp\/v2\/types\/post"}],"author":[{"embeddable":true,"href":"https:\/\/eltrabajo.cl\/portal\/wp-json\/wp\/v2\/users\/482"}],"replies":[{"embeddable":true,"href":"https:\/\/eltrabajo.cl\/portal\/wp-json\/wp\/v2\/comments?post=64964"}],"version-history":[{"count":0,"href":"https:\/\/eltrabajo.cl\/portal\/wp-json\/wp\/v2\/posts\/64964\/revisions"}],"wp:featuredmedia":[{"embeddable":true,"href":"https:\/\/eltrabajo.cl\/portal\/wp-json\/wp\/v2\/media\/64965"}],"wp:attachment":[{"href":"https:\/\/eltrabajo.cl\/portal\/wp-json\/wp\/v2\/media?parent=64964"}],"wp:term":[{"taxonomy":"category","embeddable":true,"href":"https:\/\/eltrabajo.cl\/portal\/wp-json\/wp\/v2\/categories?post=64964"},{"taxonomy":"post_tag","embeddable":true,"href":"https:\/\/eltrabajo.cl\/portal\/wp-json\/wp\/v2\/tags?post=64964"}],"curies":[{"name":"wp","href":"https:\/\/api.w.org\/{rel}","templated":true}]}}