{"id":64967,"date":"2015-12-18T14:47:25","date_gmt":"2015-12-18T17:47:25","guid":{"rendered":"http:\/\/www.eltrabajo.cl\/portal\/?p=64967"},"modified":"2015-12-18T14:47:25","modified_gmt":"2015-12-18T17:47:25","slug":"directora-de-servicio-de-salud-aconcagua-vilma-olave-estamos-ad-portas-del-pleno-funcionamiento-de-la-uci-pediatrica-en-san-felipe","status":"publish","type":"post","link":"https:\/\/eltrabajo.cl\/portal\/directora-de-servicio-de-salud-aconcagua-vilma-olave-estamos-ad-portas-del-pleno-funcionamiento-de-la-uci-pediatrica-en-san-felipe\/","title":{"rendered":"Directora de Servicio de Salud Aconcagua, Vilma Olave:\u00a0\u201cEstamos ad portas del pleno funcionamiento de la UCI Pedi\u00e1trica en San Felipe\u201d"},"content":{"rendered":"<figure id=\"attachment_64968\" aria-describedby=\"caption-attachment-64968\" style=\"width: 300px\" class=\"wp-caption alignleft\"><img data-recalc-dims=\"1\" loading=\"lazy\" decoding=\"async\" class=\"wp-image-64968 size-medium\" src=\"https:\/\/i0.wp.com\/www.eltrabajo.cl\/portal\/wp-content\/uploads\/2015\/12\/FOTO-1-Directora-del-Servicio-de-Salud-Aconcagua-Vilma-Olave-300x197.jpg?resize=300%2C197\" alt=\"Vilma Olave, Directora del Servicio de Salud Aconcagua.\" width=\"300\" height=\"197\" srcset=\"https:\/\/i0.wp.com\/eltrabajo.cl\/portal\/wp-content\/uploads\/2015\/12\/FOTO-1-Directora-del-Servicio-de-Salud-Aconcagua-Vilma-Olave.jpg?resize=300%2C197&amp;ssl=1 300w, https:\/\/i0.wp.com\/eltrabajo.cl\/portal\/wp-content\/uploads\/2015\/12\/FOTO-1-Directora-del-Servicio-de-Salud-Aconcagua-Vilma-Olave.jpg?resize=200%2C131&amp;ssl=1 200w, https:\/\/i0.wp.com\/eltrabajo.cl\/portal\/wp-content\/uploads\/2015\/12\/FOTO-1-Directora-del-Servicio-de-Salud-Aconcagua-Vilma-Olave.jpg?resize=228%2C150&amp;ssl=1 228w, https:\/\/i0.wp.com\/eltrabajo.cl\/portal\/wp-content\/uploads\/2015\/12\/FOTO-1-Directora-del-Servicio-de-Salud-Aconcagua-Vilma-Olave.jpg?resize=400%2C263&amp;ssl=1 400w, https:\/\/i0.wp.com\/eltrabajo.cl\/portal\/wp-content\/uploads\/2015\/12\/FOTO-1-Directora-del-Servicio-de-Salud-Aconcagua-Vilma-Olave.jpg?w=530&amp;ssl=1 530w\" sizes=\"auto, (max-width: 300px) 100vw, 300px\" \/><figcaption id=\"caption-attachment-64968\" class=\"wp-caption-text\">Vilma Olave, Directora del Servicio de Salud Aconcagua.<\/figcaption><\/figure>\n<ul>\n<li><strong>La m\u00e1xima autoridad de salud en el Valle asegur\u00f3 que ya se encuentran a disposici\u00f3n los recursos humanos y tecnol\u00f3gicos para implementar esta unidad hospitalaria y que s\u00f3lo restan detalles legales para hacerla realidad<\/strong><\/li>\n<\/ul>\n<p>Tras 6 a\u00f1os de una lucha, encabezada por Paola Flores y Jos\u00e9 Vicencio, padres de Francisca Ignacia, ni\u00f1a de 7 a\u00f1os quien falleciera el 2009 tras a agonizar por 12 d\u00edas en un Centro Hospitalario de Valpara\u00edso, el sue\u00f1o de contar con una Unidad de Cuidados Intensivos, UCI Pedi\u00e1trica en San Felipe, parece estar muy cerca de concretarse,<br \/>\nAs\u00ed al menos lo plante\u00f3 la Directora del Servicio de Salud Aconcagua, Vilma Olave, quien afirm\u00f3 que actualmente se cuenta con todos los recursos para atender en forma adecuada a todos los ni\u00f1os del Valle, independiente de las necesidades de atenci\u00f3n que presente cada uno.<br \/>\n\u201cAlgunos de ellos se pueden atender en los centros de atenci\u00f3n primaria, otros ni\u00f1os requieren atenci\u00f3n con car\u00e1cter de hospitalizaci\u00f3n y cuando eso ocurre, se presentan distintas necesidades m\u00e9dicas, hoy en d\u00eda nosotros tenemos una atenci\u00f3n pedi\u00e1trica m\u00e1s especializada, hemos tenido camas de cuidados agudos e intermedios pedi\u00e1tricos y durante los \u00faltimos meses se ha estado trabajando para la implementaci\u00f3n de las camas cr\u00edticas, es decir, intensivo pedi\u00e1trico\u201d, asever\u00f3 la m\u00e1xima autoridad de Salud en la zona.<br \/>\nRespecto de las razones que han provocado que este proyecto demore tanto en su instauraci\u00f3n definitiva, Olave sostuvo que \u201cesto es un proceso que hemos venido trabajando, en primer lugar contar con el equipamiento, infraestructura, las horas pedi\u00e1tricas y la capacitaci\u00f3n del equipo cl\u00ednico y todo eso est\u00e1 completo\u2026la dotaci\u00f3n de profesionales est\u00e1 completa, en los \u00faltimos a\u00f1os tanto enfermeras como t\u00e9cnicos param\u00e9dicos y los mismos pediatras se han ido a especializar a centros de alta complejidad\u201d, ratific\u00f3<br \/>\nSeg\u00fan la autoridad, actualmente se cuenta con seis camas cr\u00edticas, las cuales, por definici\u00f3n legal est\u00e1n catalogadas como \u2018intermedias\u2019, sin embargo ratifica que dos de esas camas est\u00e1n en pleno proceso de reconocimiento para que sean categorizadas de atenciones \u2018cr\u00edticas\u2019 o \u2018intensivas\u2019.<br \/>\nDe acuerdo a las normas nacionales, la necesidad de contar con cierta cantidad de Camas Intensivas Pedi\u00e1tricas, va en directa relaci\u00f3n con el n\u00famero de ni\u00f1os y ni\u00f1as habitantes de la zona en cuesti\u00f3n, que en el caso de Aconcagua representa un Universo de 60 mil, por lo que, el requerimiento es obtener la autorizaci\u00f3n para el funcionamiento de dos Camas destinadas a atenciones complejas.<br \/>\nEn cuanto a qu\u00e9 es lo que resta para la implementaci\u00f3n total de la UCI Pedi\u00e1trica, Olave cont\u00f3 que \u201cEs el proceso de reconocimiento de las camas como cr\u00edticas y eso es un proceso legal que se realiza en la autoridad sanitaria y que posteriormente debe ser reconocido por la Superintendencia de Salud, Fonasa, la autoridad sanitaria y el Ministerio\u201d, detall\u00f3.<br \/>\nFinalmente, en relaci\u00f3n a cu\u00e1ndo podr\u00eda estar funcionando en un 100 %, Olave reiter\u00f3 que \u201cnosotros hoy en d\u00eda estamos resolviendo pr\u00e1cticamente todos los requerimientos de atenci\u00f3n compleja a nivel pedi\u00e1trico. Pareciera que no contamos con cama cr\u00edtica pero no es as\u00ed, contamos con una unidad de tratamientos intermedios que posee personal cl\u00ednico altamente capacitado y todas las prestaciones m\u00e1s complejas se resuelven dentro del establecimiento y salvo algunos casos muy excepcionales, el porcentaje de derivaci\u00f3n es m\u00ednimo\u201d, expres\u00f3.<br \/>\nDe esta forma, comienza a brillar la luz al final de un t\u00fanel que extendi\u00f3 su recorrido durante seis a\u00f1os y que hoy para los padres de la peque\u00f1a Francisca Ignacia, significa un suspiro de esperanza para que ning\u00fan padre de Aconcagua tenga que sufrir lo vivido por ellos en el a\u00f1o 2009.<\/p>\n","protected":false},"excerpt":{"rendered":"<p>La m\u00e1xima autoridad de salud en el Valle asegur\u00f3 que ya se encuentran a disposici\u00f3n los recursos humanos y tecnol\u00f3gicos para implementar esta unidad hospitalaria y que s\u00f3lo restan detalles legales para&#8230;<\/p>\n","protected":false},"author":482,"featured_media":64968,"comment_status":"open","ping_status":"open","sticky":false,"template":"","format":"standard","meta":{"advanced_seo_description":"","jetpack_seo_html_title":"","jetpack_seo_noindex":false,"_jetpack_memberships_contains_paid_content":false,"footnotes":""},"categories":[15],"tags":[],"class_list":["post-64967","post","type-post","status-publish","format-standard","has-post-thumbnail","hentry","category-comunidad"],"jetpack_featured_media_url":"https:\/\/i0.wp.com\/eltrabajo.cl\/portal\/wp-content\/uploads\/2015\/12\/FOTO-1-Directora-del-Servicio-de-Salud-Aconcagua-Vilma-Olave.jpg?fit=530%2C348&ssl=1","jetpack_sharing_enabled":true,"jetpack_likes_enabled":true,"jetpack-related-posts":[],"_links":{"self":[{"href":"https:\/\/eltrabajo.cl\/portal\/wp-json\/wp\/v2\/posts\/64967","targetHints":{"allow":["GET"]}}],"collection":[{"href":"https:\/\/eltrabajo.cl\/portal\/wp-json\/wp\/v2\/posts"}],"about":[{"href":"https:\/\/eltrabajo.cl\/portal\/wp-json\/wp\/v2\/types\/post"}],"author":[{"embeddable":true,"href":"https:\/\/eltrabajo.cl\/portal\/wp-json\/wp\/v2\/users\/482"}],"replies":[{"embeddable":true,"href":"https:\/\/eltrabajo.cl\/portal\/wp-json\/wp\/v2\/comments?post=64967"}],"version-history":[{"count":0,"href":"https:\/\/eltrabajo.cl\/portal\/wp-json\/wp\/v2\/posts\/64967\/revisions"}],"wp:featuredmedia":[{"embeddable":true,"href":"https:\/\/eltrabajo.cl\/portal\/wp-json\/wp\/v2\/media\/64968"}],"wp:attachment":[{"href":"https:\/\/eltrabajo.cl\/portal\/wp-json\/wp\/v2\/media?parent=64967"}],"wp:term":[{"taxonomy":"category","embeddable":true,"href":"https:\/\/eltrabajo.cl\/portal\/wp-json\/wp\/v2\/categories?post=64967"},{"taxonomy":"post_tag","embeddable":true,"href":"https:\/\/eltrabajo.cl\/portal\/wp-json\/wp\/v2\/tags?post=64967"}],"curies":[{"name":"wp","href":"https:\/\/api.w.org\/{rel}","templated":true}]}}