{"id":64970,"date":"2015-12-18T14:49:17","date_gmt":"2015-12-18T17:49:17","guid":{"rendered":"http:\/\/www.eltrabajo.cl\/portal\/?p=64970"},"modified":"2015-12-18T14:49:17","modified_gmt":"2015-12-18T17:49:17","slug":"bestias-que-robaron-y-golpearon-brutalmente-a-mujer-mayor-aun-no-son-detenidos","status":"publish","type":"post","link":"https:\/\/eltrabajo.cl\/portal\/bestias-que-robaron-y-golpearon-brutalmente-a-mujer-mayor-aun-no-son-detenidos\/","title":{"rendered":"Bestias que robaron y golpearon brutalmente a mujer mayor a\u00fan no son detenidos"},"content":{"rendered":"<figure id=\"attachment_64971\" aria-describedby=\"caption-attachment-64971\" style=\"width: 300px\" class=\"wp-caption alignleft\"><img data-recalc-dims=\"1\" loading=\"lazy\" decoding=\"async\" class=\"wp-image-64971 size-medium\" src=\"https:\/\/i0.wp.com\/www.eltrabajo.cl\/portal\/wp-content\/uploads\/2015\/12\/nelly-argomedo1-emerVcordillera-1-300x198.jpg?resize=300%2C198\" alt=\"Nelly Argomedo Cornejo, de 60 a\u00f1os, sufri\u00f3 una criminal golpiza al ser asaltada. (Foto EmergenciaVCordillera).\" width=\"300\" height=\"198\" srcset=\"https:\/\/i0.wp.com\/eltrabajo.cl\/portal\/wp-content\/uploads\/2015\/12\/nelly-argomedo1-emerVcordillera-1.jpg?resize=300%2C198&amp;ssl=1 300w, https:\/\/i0.wp.com\/eltrabajo.cl\/portal\/wp-content\/uploads\/2015\/12\/nelly-argomedo1-emerVcordillera-1.jpg?resize=200%2C132&amp;ssl=1 200w, https:\/\/i0.wp.com\/eltrabajo.cl\/portal\/wp-content\/uploads\/2015\/12\/nelly-argomedo1-emerVcordillera-1.jpg?resize=227%2C150&amp;ssl=1 227w, https:\/\/i0.wp.com\/eltrabajo.cl\/portal\/wp-content\/uploads\/2015\/12\/nelly-argomedo1-emerVcordillera-1.jpg?resize=400%2C264&amp;ssl=1 400w, https:\/\/i0.wp.com\/eltrabajo.cl\/portal\/wp-content\/uploads\/2015\/12\/nelly-argomedo1-emerVcordillera-1.jpg?w=530&amp;ssl=1 530w\" sizes=\"auto, (max-width: 300px) 100vw, 300px\" \/><figcaption id=\"caption-attachment-64971\" class=\"wp-caption-text\">Nelly Argomedo Cornejo, de 60 a\u00f1os, sufri\u00f3 una criminal golpiza al ser asaltada. (Foto EmergenciaVCordillera).<\/figcaption><\/figure>\n<ul>\n<li><strong>Ministerio P\u00fablico espera reunir m\u00e1s antecedentes del caso, como el importante testimonio que puede proporcionar la propia v\u00edctima que a\u00fan se encuentra en recuperaci\u00f3n de las graves lesiones sufridas de manos de dos delincuentes.<\/strong><\/li>\n<\/ul>\n<p>Han transcurrido once d\u00edas desde que una mujer de 60 a\u00f1os, identificada como Nelly Argomedo Cornejo, sufriera una brutal golpiza de parte de dos delincuentes que le arrebataron su cartera en la villa Portal Aconcagua de San Felipe, y a\u00fan no se han establecido responsables de estos hechos, ni se ha detenido al \u00fanico sospechoso que habr\u00eda tenido participaci\u00f3n de este acto criminal que se encuentra en manos de la Secci\u00f3n de Investigaci\u00f3n Policial de Carabineros.<br \/>\nEl Fiscal a cargo de la causa, Alejandro Bustos se\u00f1al\u00f3 a Diario El Trabajo que se fij\u00f3 como plazo 30 d\u00edas para reunir los antecedentes del caso, adem\u00e1s se espera concretar el importante testimonio que proporcionar\u00e1 la v\u00edctima de estos hechos que a\u00fan se encuentra en tratamiento intensivo en un centro hospitalario.<br \/>\nComo se recordar\u00e1, Nelly Argomedo Cornejo result\u00f3 v\u00edctima de delincuentes de la m\u00e1s alta peligrosidad la madrugada del 7 de diciembre, cuando regresaba de su trabajo en el Hotel Enjoy, siendo interceptada por dos chacales que le arrebataron su cartera mediante golpes de pies y pu\u00f1os, dej\u00e1ndola tendida en un sitio eriazo colindante a la villa Portal de Aconcagua.<br \/>\nTras los ex\u00e1menes m\u00e9dicos realizados, primero en el San Camilo donde la enviaron de vuelta a su casa por lesiones leves, posteriormente en la Cl\u00ednica Universidad de Los Andes en la Regi\u00f3n Metropolitana, la afectada fue diagnosticada con fisura craneal, fractura nasal, m\u00faltiples derrames y diversos hematomas en su cuerpo.<br \/>\nEl persecutor del Ministerio P\u00fablico de San Felipe, precis\u00f3 que actualmente la v\u00edctima, luego de encontrarse en riesgo vital, se recupera en cuidados intensivos. Su testimonio resultar\u00e1 fundamental para la investigaci\u00f3n de los hechos que se mantiene en curso, donde figura el nombre de un sospechoso que habr\u00eda actuado despiadadamente en este grave delito y se tratar\u00eda de un delincuente habitual que la SIP de Carabineros investiga, no logr\u00e1ndose hasta el momento establecer su ubicaci\u00f3n, afirm\u00f3 el Fiscal Alejandro Bustos.<br \/>\n<strong>&#8211; \u00bfCu\u00e1l es el estado de la v\u00edctima?<\/strong><br \/>\n<strong>&#8211;<\/strong> La se\u00f1ora Nelly estuvo con riesgo vital, en estos momentos sigue hospitalizada en Santiago, pero sigue en estado de cuidado. No est\u00e1 en condiciones en estos momentos de colaborar en la investigaci\u00f3n a\u00fan, estamos esperando que pueda evolucionar positivamente; quien se ha contactado con nosotros es el hijo.<br \/>\n<strong>&#8211; \u00bfCu\u00e1les son los avances de la investigaci\u00f3n?<\/strong><br \/>\n<strong>&#8211;<\/strong> En cuanto a la investigaci\u00f3n misma seg\u00fan el parte policial, ser\u00edan dos los autores del hecho; tenemos el nombre de uno de ellos que se presume que podr\u00eda ser uno de los involucrados. Este nombre se arrib\u00f3 mediante informaci\u00f3n de boca en boca de personas y la v\u00edctima lo hizo presente ac\u00e1, sin embargo, todav\u00eda no tenemos las declaraciones de esas personas de manera oficial en Fiscal\u00eda o ante Carabineros de la SIP que lleva la investigaci\u00f3n, de todos modos sigue siendo diligencias preliminares, no tenemos mayores antecedentes que nos permitan poder formalizar. Una vez que nos llegue este informe podremos verificar cuales son las diligencias que se han realizado para poder medir si se realizar\u00e1n m\u00e1s diligencias investigativas y en qu\u00e9 sentido se van a disponer.<br \/>\n<strong>&#8211; \u00bfCu\u00e1les son los antecedentes de este sospechoso?<\/strong><br \/>\n<strong>&#8211;<\/strong> Hay un nombre de un sospechoso, dos nombres y apellidos de una persona que aparentemente habr\u00eda participado, pero todav\u00eda no tenemos antecedentes necesarios ac\u00e1 en la Fiscal\u00eda para poder formalizar. La SIP est\u00e1 tratando de ubicar esta persona, hasta el momento no han dado con \u00e9l, respecto del nombre que se proporcion\u00f3, todav\u00eda est\u00e1 esa diligencia pendiente.<br \/>\n<strong>&#8211; \u00bfCu\u00e1l es la penalidad de este crimen?<\/strong><br \/>\n<strong>&#8211;<\/strong> Es un robo con violencia, en cuanto a las lesiones depender\u00e1 si ser\u00e1n graves o graves grav\u00edsimas, depende las secuelas que resulte la se\u00f1ora que en estos momentos no es posible determinar, en cualquiera de los dos casos ser\u00eda un robo con violencia calificado, probablemente la pena partir\u00eda desde los diez a\u00f1os y un d\u00eda.<br \/>\n<strong>Pablo Salinas Sald\u00edas<\/strong><\/p>\n","protected":false},"excerpt":{"rendered":"<p>Ministerio P\u00fablico espera reunir m\u00e1s antecedentes del caso, como el importante testimonio que puede proporcionar la propia v\u00edctima que a\u00fan se encuentra en recuperaci\u00f3n de las graves lesiones sufridas de manos de&#8230;<\/p>\n","protected":false},"author":482,"featured_media":64971,"comment_status":"open","ping_status":"open","sticky":false,"template":"","format":"standard","meta":{"advanced_seo_description":"","jetpack_seo_html_title":"","jetpack_seo_noindex":false,"_jetpack_memberships_contains_paid_content":false,"footnotes":""},"categories":[21],"tags":[],"class_list":["post-64970","post","type-post","status-publish","format-standard","has-post-thumbnail","hentry","category-policial"],"jetpack_featured_media_url":"https:\/\/i0.wp.com\/eltrabajo.cl\/portal\/wp-content\/uploads\/2015\/12\/nelly-argomedo1-emerVcordillera-1.jpg?fit=530%2C350&ssl=1","jetpack_sharing_enabled":true,"jetpack_likes_enabled":true,"jetpack-related-posts":[],"_links":{"self":[{"href":"https:\/\/eltrabajo.cl\/portal\/wp-json\/wp\/v2\/posts\/64970","targetHints":{"allow":["GET"]}}],"collection":[{"href":"https:\/\/eltrabajo.cl\/portal\/wp-json\/wp\/v2\/posts"}],"about":[{"href":"https:\/\/eltrabajo.cl\/portal\/wp-json\/wp\/v2\/types\/post"}],"author":[{"embeddable":true,"href":"https:\/\/eltrabajo.cl\/portal\/wp-json\/wp\/v2\/users\/482"}],"replies":[{"embeddable":true,"href":"https:\/\/eltrabajo.cl\/portal\/wp-json\/wp\/v2\/comments?post=64970"}],"version-history":[{"count":0,"href":"https:\/\/eltrabajo.cl\/portal\/wp-json\/wp\/v2\/posts\/64970\/revisions"}],"wp:featuredmedia":[{"embeddable":true,"href":"https:\/\/eltrabajo.cl\/portal\/wp-json\/wp\/v2\/media\/64971"}],"wp:attachment":[{"href":"https:\/\/eltrabajo.cl\/portal\/wp-json\/wp\/v2\/media?parent=64970"}],"wp:term":[{"taxonomy":"category","embeddable":true,"href":"https:\/\/eltrabajo.cl\/portal\/wp-json\/wp\/v2\/categories?post=64970"},{"taxonomy":"post_tag","embeddable":true,"href":"https:\/\/eltrabajo.cl\/portal\/wp-json\/wp\/v2\/tags?post=64970"}],"curies":[{"name":"wp","href":"https:\/\/api.w.org\/{rel}","templated":true}]}}