{"id":64973,"date":"2015-12-21T15:04:31","date_gmt":"2015-12-21T18:04:31","guid":{"rendered":"http:\/\/www.eltrabajo.cl\/portal\/?p=64973"},"modified":"2015-12-21T15:04:31","modified_gmt":"2015-12-21T18:04:31","slug":"el-condor-vuela-cada-vez-mas-alto","status":"publish","type":"post","link":"https:\/\/eltrabajo.cl\/portal\/el-condor-vuela-cada-vez-mas-alto\/","title":{"rendered":"El c\u00f3ndor vuela cada vez m\u00e1s alto"},"content":{"rendered":"<figure id=\"attachment_64974\" aria-describedby=\"caption-attachment-64974\" style=\"width: 300px\" class=\"wp-caption alignleft\"><img data-recalc-dims=\"1\" loading=\"lazy\" decoding=\"async\" class=\"wp-image-64974 size-medium\" src=\"https:\/\/i0.wp.com\/www.eltrabajo.cl\/portal\/wp-content\/uploads\/2015\/12\/trasandino-ovalle-300x197.jpg?resize=300%2C197\" alt=\"En la jornada sabatina, la escuadra de Los Andes tuvo un c\u00f3modo triunfo sobre Ovalle (Foto: Anfp).\" width=\"300\" height=\"197\" srcset=\"https:\/\/i0.wp.com\/eltrabajo.cl\/portal\/wp-content\/uploads\/2015\/12\/trasandino-ovalle.jpg?resize=300%2C197&amp;ssl=1 300w, https:\/\/i0.wp.com\/eltrabajo.cl\/portal\/wp-content\/uploads\/2015\/12\/trasandino-ovalle.jpg?resize=200%2C131&amp;ssl=1 200w, https:\/\/i0.wp.com\/eltrabajo.cl\/portal\/wp-content\/uploads\/2015\/12\/trasandino-ovalle.jpg?resize=228%2C150&amp;ssl=1 228w, https:\/\/i0.wp.com\/eltrabajo.cl\/portal\/wp-content\/uploads\/2015\/12\/trasandino-ovalle.jpg?resize=400%2C263&amp;ssl=1 400w, https:\/\/i0.wp.com\/eltrabajo.cl\/portal\/wp-content\/uploads\/2015\/12\/trasandino-ovalle.jpg?w=530&amp;ssl=1 530w\" sizes=\"auto, (max-width: 300px) 100vw, 300px\" \/><figcaption id=\"caption-attachment-64974\" class=\"wp-caption-text\">En la jornada sabatina, la escuadra de Los Andes tuvo un c\u00f3modo triunfo sobre Ovalle (Foto: Anfp).<\/figcaption><\/figure>\n<p>Redondeando una finalizaci\u00f3n de semestre m\u00e1s que positivo, Trasandino en otra gran actuaci\u00f3n gole\u00f3 por 4 goles a 0 a Deportes Ovalle, resultado que sumado al sorpresivo traspi\u00e9 de Naval frente a La Pintana, permite al conjunto aconcag\u00fcino quedar a solo tres unidades de distancia del puntero de la divisi\u00f3n.<br \/>\nEn el Regional andino los dirigidos de Sergio Vargas casi de inmediato dejaron en evidencia su poder\u00edo porque le bastaron solo seis minutos para abrir la cuenta, la que lleg\u00f3 gracias a una conquista del volante Francisco Gaete.<br \/>\nDe ah\u00ed en adelante las cosas se hicieron mucho m\u00e1s sencillas para los due\u00f1os de casa que decidieron no entrar en un desgaste innecesario, por lo que avalados por la ventaja y el reloj, certeramente administraron el desarrollo del juego, por m\u00e1s que los del norte chico dieran algo de batalla y causaran algunos estragos.<br \/>\nFue en el segundo lapso donde \u2018El Tra\u2019 desatar\u00eda toda su furia y ser\u00eda Mois\u00e9s V\u00e1squez (56\u2019), Nicol\u00e1s Palma (73\u2019) y Mirko Opazo a los 85\u2019 los que estructurar\u00edan en definitivo a 4 a 0 con el que se consolidaba en el segundo puesto y ya deja claro que todo lo que est\u00e1 sucediendo no es casualidad y que es un candidato real cambiar de categor\u00eda.<br \/>\nLa tarde del s\u00e1bado, frente a los nortinos, Trasandino aline\u00f3 con los siguientes hombres: Fabi\u00e1n Cerda en el arco; Diego Gonz\u00e1lez, Mat\u00edas Gonz\u00e1lez, Claudio Mu\u00f1oz, Mirko Opazo, Javier P\u00e9rez, Francisco Gaete, Mois\u00e9s V\u00e1squez, Sebasti\u00e1n Novoa, Daniel Malhue, y Joel Estay; despu\u00e9s ingresar\u00edan Daniel Gonz\u00e1lez, Piero Garate y Nicol\u00e1s Palma, los que reemplazaron respectivamente a Novoa, Malhue y Estay.<\/p>\n<p><strong>Resultados de la fecha:<\/strong><br \/>\nMelipilla 1 \u2013 Colchagua 0<br \/>\nNaval 1 \u2013 La Pintana 2<br \/>\nLinares 1 \u2013 Lota Schwager 1<br \/>\nSanta Cruz 3 \u2013 Valdivia 2<br \/>\nMalleco 0 \u2013 San Antonio 1<br \/>\nTrasandino 4 \u2013 Ovalle 0.<br \/>\n<strong>Tabla de Posiciones <\/strong><br \/>\n<strong>Lugar y puntos<\/strong><br \/>\nNaval 37<br \/>\nTrasandino 34<br \/>\nLa Pintana 33<br \/>\nSan Antonio 30<br \/>\nMelipilla 28<br \/>\nValdivia 27<br \/>\nSanta Cruz 26<br \/>\nMalleco 20<br \/>\nMejillones 19<br \/>\nOvalle 19<br \/>\nLota Schwager 16<br \/>\nLinares 12<br \/>\nColchagua 10<\/p>\n","protected":false},"excerpt":{"rendered":"<p>Redondeando una finalizaci\u00f3n de semestre m\u00e1s que positivo, Trasandino en otra gran actuaci\u00f3n gole\u00f3 por 4 goles a 0 a Deportes Ovalle, resultado que sumado al sorpresivo traspi\u00e9 de Naval frente a&#8230;<\/p>\n","protected":false},"author":482,"featured_media":64974,"comment_status":"open","ping_status":"open","sticky":false,"template":"","format":"standard","meta":{"advanced_seo_description":"","jetpack_seo_html_title":"","jetpack_seo_noindex":false,"_jetpack_memberships_contains_paid_content":false,"footnotes":""},"categories":[19],"tags":[],"class_list":["post-64973","post","type-post","status-publish","format-standard","has-post-thumbnail","hentry","category-deportes"],"jetpack_featured_media_url":"https:\/\/i0.wp.com\/eltrabajo.cl\/portal\/wp-content\/uploads\/2015\/12\/trasandino-ovalle.jpg?fit=530%2C348&ssl=1","jetpack_sharing_enabled":true,"jetpack_likes_enabled":true,"jetpack-related-posts":[],"_links":{"self":[{"href":"https:\/\/eltrabajo.cl\/portal\/wp-json\/wp\/v2\/posts\/64973","targetHints":{"allow":["GET"]}}],"collection":[{"href":"https:\/\/eltrabajo.cl\/portal\/wp-json\/wp\/v2\/posts"}],"about":[{"href":"https:\/\/eltrabajo.cl\/portal\/wp-json\/wp\/v2\/types\/post"}],"author":[{"embeddable":true,"href":"https:\/\/eltrabajo.cl\/portal\/wp-json\/wp\/v2\/users\/482"}],"replies":[{"embeddable":true,"href":"https:\/\/eltrabajo.cl\/portal\/wp-json\/wp\/v2\/comments?post=64973"}],"version-history":[{"count":0,"href":"https:\/\/eltrabajo.cl\/portal\/wp-json\/wp\/v2\/posts\/64973\/revisions"}],"wp:featuredmedia":[{"embeddable":true,"href":"https:\/\/eltrabajo.cl\/portal\/wp-json\/wp\/v2\/media\/64974"}],"wp:attachment":[{"href":"https:\/\/eltrabajo.cl\/portal\/wp-json\/wp\/v2\/media?parent=64973"}],"wp:term":[{"taxonomy":"category","embeddable":true,"href":"https:\/\/eltrabajo.cl\/portal\/wp-json\/wp\/v2\/categories?post=64973"},{"taxonomy":"post_tag","embeddable":true,"href":"https:\/\/eltrabajo.cl\/portal\/wp-json\/wp\/v2\/tags?post=64973"}],"curies":[{"name":"wp","href":"https:\/\/api.w.org\/{rel}","templated":true}]}}