{"id":64986,"date":"2015-12-21T15:13:22","date_gmt":"2015-12-21T18:13:22","guid":{"rendered":"http:\/\/www.eltrabajo.cl\/portal\/?p=64986"},"modified":"2015-12-21T15:13:22","modified_gmt":"2015-12-21T18:13:22","slug":"mas-de-2-000-personas-en-marcha-contra-proyectos-mineros-en-putaendo","status":"publish","type":"post","link":"https:\/\/eltrabajo.cl\/portal\/mas-de-2-000-personas-en-marcha-contra-proyectos-mineros-en-putaendo\/","title":{"rendered":"M\u00e1s de 2.000 personas en marcha contra proyectos mineros en Putaendo"},"content":{"rendered":"<figure id=\"attachment_64987\" aria-describedby=\"caption-attachment-64987\" style=\"width: 300px\" class=\"wp-caption alignleft\"><img data-recalc-dims=\"1\" loading=\"lazy\" decoding=\"async\" class=\"wp-image-64987 size-medium\" src=\"https:\/\/i0.wp.com\/www.eltrabajo.cl\/portal\/wp-content\/uploads\/2015\/12\/Marcha-putaendo-3-300x197.jpg?resize=300%2C197\" alt=\"M\u00e1s de dos mil personas marcharon por las calles de Putaendo en contra del proyecto minero de Andes Cooper.\" width=\"300\" height=\"197\" srcset=\"https:\/\/i0.wp.com\/eltrabajo.cl\/portal\/wp-content\/uploads\/2015\/12\/Marcha-putaendo-3.jpg?resize=300%2C197&amp;ssl=1 300w, https:\/\/i0.wp.com\/eltrabajo.cl\/portal\/wp-content\/uploads\/2015\/12\/Marcha-putaendo-3.jpg?resize=200%2C131&amp;ssl=1 200w, https:\/\/i0.wp.com\/eltrabajo.cl\/portal\/wp-content\/uploads\/2015\/12\/Marcha-putaendo-3.jpg?resize=228%2C150&amp;ssl=1 228w, https:\/\/i0.wp.com\/eltrabajo.cl\/portal\/wp-content\/uploads\/2015\/12\/Marcha-putaendo-3.jpg?resize=400%2C263&amp;ssl=1 400w, https:\/\/i0.wp.com\/eltrabajo.cl\/portal\/wp-content\/uploads\/2015\/12\/Marcha-putaendo-3.jpg?w=530&amp;ssl=1 530w\" sizes=\"auto, (max-width: 300px) 100vw, 300px\" \/><figcaption id=\"caption-attachment-64987\" class=\"wp-caption-text\">M\u00e1s de dos mil personas marcharon por las calles de Putaendo en contra del proyecto minero de Andes Cooper.<\/figcaption><\/figure>\n<p><strong>PUTAENDO<\/strong>.- Un momento hist\u00f3rico fue el que se vivi\u00f3 durante la tarde de este jueves, donde m\u00e1s de dos mil personas provenientes de todo el Valle del Aconcagua repletaron las calles del Primer Pueblo Libre de Chile para mostrar su fuerte oposici\u00f3n al proyecto minero que impulsa la transnacional Andes Copper al interior de Los Patos.<br \/>\nLa multitudinaria marcha fue encabezada por diferentes expresiones culturales aconcaguinas, como Las Morenas de Aconcagua, Desideirus y la Banda Bronces de Aconcagua, que dieron un tono especial para este simb\u00f3lico momento, que super\u00f3 las expectativas de los organizadores que ven con buenos ojos el inicio de este movimiento ciudadano contra grandes proyectos mineros en Putaendo.<br \/>\nUna caravana interminable de personas recorri\u00f3 las calles Bulnes, Chacabuco, Ej\u00e9rcito Libertador y Comercio, arterias que simbolizan el \u00edcono de la historia y patrimonio de Putaendo, uno de los principales aspectos que la comunidad defiende apasionadamente. En la ocasi\u00f3n tambi\u00e9n participaron autoridades como el Consejero Regional Mario Sottolichio, el Concejal de San Felipe Ricardo Covarrubias, el alcalde de Putaendo, Guillermo Reyes y los concejales Carlos Gallardo, Julio Aravena, Sergio Zamora, Miguel Vega y Luis Sandoval.<br \/>\nCientos de pancartas dejaban en claro el veredicto de la comuna \u201cAndes Copper mata a Putaendo\u201d, \u201cPutaendo defiende sus recursos naturales\u201d entre otras dejaban ver con precisi\u00f3n lo que hoy piensa la gran mayor\u00eda de los putaendinos sobre su futuro.<br \/>\nEn el frontis del templo de la Parroquia San Antonio de Padua estaba ubicado el escenario que alberg\u00f3 a diferentes artistas que llegaron a solidarizar con los habitantes de Putaendo, entre ellos Marisol D\u00edaz, Aconca\u00f1amo y Nano Stern, que dej\u00f3 varios compromisos de lado para apoyar esta causa, adem\u00e1s del payador y cantor a lo humano y lo divino Pedro \u2018Choro\u2019 Estay, que dedic\u00f3 emotivos versos a la lucha que hoy comienza a hacer notar la comuna organizada, \u201cLos relaves y el da\u00f1o quedan para siempre\u201d lanz\u00f3 dentro de su presentaci\u00f3n este destacado cultor de tradiciones.<br \/>\n\u201cEste es s\u00f3lo el principio, hoy la comunidad demostr\u00f3 su fuerza y esto seguir\u00e1 creciendo\u201d, argument\u00f3 H\u00e9ctor Fuentealba, presidente de la Coordinadora Tres R\u00edos, quien indic\u00f3 que cifraron en alrededor de 2.200 personas la cifra de asistentes a la marcha, todo un logro para los organizadores. Palabras a las que se sum\u00f3 el presidente de la Junta de Vigilancia del R\u00edo Putaendo, Miguel Vega, quien tild\u00f3 lo acontecido como un hecho hist\u00f3rico \u201cporque hoy Andes Copper expone en Canad\u00e1 ante sus inversionistas que la comuna est\u00e1 conforme con el proyecto, lo que es una gran mentira, y esta demostraci\u00f3n de nuestra gente es un tremendo rev\u00e9s para ellos y su proyecto minero\u201d, sentenci\u00f3 el dirigente.<br \/>\nUna prueba latente de la oposici\u00f3n del pueblo de Putaendo hacia un proyecto minero que amenaza su futuro, y a pesar que se extra\u00f1\u00f3 la presencia de medios de prensa de Aconcagua y nacionales, hoy la comuna empieza a manifestar su fuerza, en la primera \u2018Marcha x la Vida\u2019 que reuni\u00f3 a putaendinas y putaendinos de distintas generaciones ante una sola causa.<br \/>\n<strong>Patricio Gallardo M.<\/strong><\/p>\n","protected":false},"excerpt":{"rendered":"<p>PUTAENDO.- Un momento hist\u00f3rico fue el que se vivi\u00f3 durante la tarde de este jueves, donde m\u00e1s de dos mil personas provenientes de todo el Valle del Aconcagua repletaron las calles del&#8230;<\/p>\n","protected":false},"author":482,"featured_media":64987,"comment_status":"open","ping_status":"open","sticky":false,"template":"","format":"standard","meta":{"advanced_seo_description":"","jetpack_seo_html_title":"","jetpack_seo_noindex":false,"_jetpack_memberships_contains_paid_content":false,"footnotes":""},"categories":[15],"tags":[],"class_list":["post-64986","post","type-post","status-publish","format-standard","has-post-thumbnail","hentry","category-comunidad"],"jetpack_featured_media_url":"https:\/\/i0.wp.com\/eltrabajo.cl\/portal\/wp-content\/uploads\/2015\/12\/Marcha-putaendo-3.jpg?fit=530%2C348&ssl=1","jetpack_sharing_enabled":true,"jetpack_likes_enabled":true,"jetpack-related-posts":[],"_links":{"self":[{"href":"https:\/\/eltrabajo.cl\/portal\/wp-json\/wp\/v2\/posts\/64986","targetHints":{"allow":["GET"]}}],"collection":[{"href":"https:\/\/eltrabajo.cl\/portal\/wp-json\/wp\/v2\/posts"}],"about":[{"href":"https:\/\/eltrabajo.cl\/portal\/wp-json\/wp\/v2\/types\/post"}],"author":[{"embeddable":true,"href":"https:\/\/eltrabajo.cl\/portal\/wp-json\/wp\/v2\/users\/482"}],"replies":[{"embeddable":true,"href":"https:\/\/eltrabajo.cl\/portal\/wp-json\/wp\/v2\/comments?post=64986"}],"version-history":[{"count":0,"href":"https:\/\/eltrabajo.cl\/portal\/wp-json\/wp\/v2\/posts\/64986\/revisions"}],"wp:featuredmedia":[{"embeddable":true,"href":"https:\/\/eltrabajo.cl\/portal\/wp-json\/wp\/v2\/media\/64987"}],"wp:attachment":[{"href":"https:\/\/eltrabajo.cl\/portal\/wp-json\/wp\/v2\/media?parent=64986"}],"wp:term":[{"taxonomy":"category","embeddable":true,"href":"https:\/\/eltrabajo.cl\/portal\/wp-json\/wp\/v2\/categories?post=64986"},{"taxonomy":"post_tag","embeddable":true,"href":"https:\/\/eltrabajo.cl\/portal\/wp-json\/wp\/v2\/tags?post=64986"}],"curies":[{"name":"wp","href":"https:\/\/api.w.org\/{rel}","templated":true}]}}