{"id":64989,"date":"2015-12-21T15:14:34","date_gmt":"2015-12-21T18:14:34","guid":{"rendered":"http:\/\/www.eltrabajo.cl\/portal\/?p=64989"},"modified":"2015-12-21T15:14:34","modified_gmt":"2015-12-21T18:14:34","slug":"alcalde-navarro-dijo-que-insistiran-en-defender-intereses-de-la-ciudad-para-evitar-tal-situacion","status":"publish","type":"post","link":"https:\/\/eltrabajo.cl\/portal\/alcalde-navarro-dijo-que-insistiran-en-defender-intereses-de-la-ciudad-para-evitar-tal-situacion\/","title":{"rendered":"Alcalde Navarro dijo que insistir\u00e1n en defender intereses de la ciudad para evitar tal situaci\u00f3n."},"content":{"rendered":"<figure id=\"attachment_64990\" aria-describedby=\"caption-attachment-64990\" style=\"width: 300px\" class=\"wp-caption alignleft\"><img data-recalc-dims=\"1\" loading=\"lazy\" decoding=\"async\" class=\"wp-image-64990 size-medium\" src=\"https:\/\/i0.wp.com\/www.eltrabajo.cl\/portal\/wp-content\/uploads\/2015\/12\/Parquimetros-300x198.jpg?resize=300%2C198\" alt=\"La justicia, a trav\u00e9s de un dictamen, facult\u00f3 a la empresa concesionaria del servicio de parqu\u00edmetros en Los Andes a seguir cobrando por los servicios que prestan a la comunidad.\" width=\"300\" height=\"198\" srcset=\"https:\/\/i0.wp.com\/eltrabajo.cl\/portal\/wp-content\/uploads\/2015\/12\/Parquimetros.jpg?resize=300%2C198&amp;ssl=1 300w, https:\/\/i0.wp.com\/eltrabajo.cl\/portal\/wp-content\/uploads\/2015\/12\/Parquimetros.jpg?resize=200%2C132&amp;ssl=1 200w, https:\/\/i0.wp.com\/eltrabajo.cl\/portal\/wp-content\/uploads\/2015\/12\/Parquimetros.jpg?resize=228%2C150&amp;ssl=1 228w, https:\/\/i0.wp.com\/eltrabajo.cl\/portal\/wp-content\/uploads\/2015\/12\/Parquimetros.jpg?resize=400%2C263&amp;ssl=1 400w, https:\/\/i0.wp.com\/eltrabajo.cl\/portal\/wp-content\/uploads\/2015\/12\/Parquimetros.jpg?w=530&amp;ssl=1 530w\" sizes=\"auto, (max-width: 300px) 100vw, 300px\" \/><figcaption id=\"caption-attachment-64990\" class=\"wp-caption-text\">La justicia, a trav\u00e9s de un dictamen, facult\u00f3 a la empresa concesionaria del servicio de parqu\u00edmetros en Los Andes a seguir cobrando por los servicios que prestan a la comunidad.<\/figcaption><\/figure>\n<ul>\n<li><strong>Dictamen judicial permitir\u00e1 a empresa de parqu\u00edmetros mantener cobros<\/strong><\/li>\n<\/ul>\n<p><strong>LOS ANDES.<\/strong>&#8211; Ante un nuevo dictamen de las justicia que faculta a la empresa concesionaria del servicio de parqu\u00edmetros en Los Andes a seguir cobrando, el alcalde Mauricio Navarro asegur\u00f3 su firme intensi\u00f3n de agotar todas las instancias necesarias para que prevalezca el inter\u00e9s general de la comuna, por sobre los de la empresa que realiza el cobro de estacionamientos en Los Andes.<br \/>\nEl jefe comunal reiter\u00f3 su posici\u00f3n de establecer una modalidad de tarifas m\u00e1s barata, tras conocerse un nuevo dictamen judicial que confirma la medida precautoria que permite a la empresa seguir realizando el cobro, pese al decreto alcaldicio que, hace ya casi un a\u00f1o, puso fin al contrato correspondiente.<br \/>\n\u00abEsta nueva decisi\u00f3n carece de fundamentos jur\u00eddicos, porque no da a conocer ninguna raz\u00f3n para mantener la precautoria a favor de la empresa\u00bb, apunt\u00f3 el alcalde. Asimismo, adelant\u00f3 que \u00aben conjunto con el Consejo de Defensa del Estado -organismo que se ha hecho parte de esta causa defendiendo los argumentos del municipio, a favor de la comunidad de Los Andes-, definiremos pronto los pasos a seguir\u00bb.<br \/>\n\u00abLo que nosotros definimos hace ya casi un a\u00f1o, en acuerdo un\u00e1nime del Concejo Municipal, es rescindir el contrato que establece las condiciones de cobro de estacionamientos en el damero central, porque nos parece necesario disponer de estos espacios p\u00fablicos de manera mucho m\u00e1s conveniente para el bien general de la comunidad\u00bb, explic\u00f3.<br \/>\nNavarro, adem\u00e1s, record\u00f3 que el Concejo Municipal tambi\u00e9n aprob\u00f3 una importante rebaja de tarifas. \u00abEsperamos que nuestros argumentos a favor de la comunidad andina prevalezcan por sobre el inter\u00e9s econ\u00f3mico de la empresa, para ello, junto a los concejales, insistiremos en defender los intereses de la ciudad con el importante apoyo del Consejo de Defensa del Estado\u00bb, subray\u00f3.<\/p>\n","protected":false},"excerpt":{"rendered":"<p>Dictamen judicial permitir\u00e1 a empresa de parqu\u00edmetros mantener cobros LOS ANDES.&#8211; Ante un nuevo dictamen de las justicia que faculta a la empresa concesionaria del servicio de parqu\u00edmetros en Los Andes a&#8230;<\/p>\n","protected":false},"author":482,"featured_media":64990,"comment_status":"open","ping_status":"open","sticky":false,"template":"","format":"standard","meta":{"advanced_seo_description":"","jetpack_seo_html_title":"","jetpack_seo_noindex":false,"_jetpack_memberships_contains_paid_content":false,"footnotes":""},"categories":[1],"tags":[],"class_list":["post-64989","post","type-post","status-publish","format-standard","has-post-thumbnail","hentry","category-cronica"],"jetpack_featured_media_url":"https:\/\/i0.wp.com\/eltrabajo.cl\/portal\/wp-content\/uploads\/2015\/12\/Parquimetros.jpg?fit=530%2C349&ssl=1","jetpack_sharing_enabled":true,"jetpack_likes_enabled":true,"jetpack-related-posts":[],"_links":{"self":[{"href":"https:\/\/eltrabajo.cl\/portal\/wp-json\/wp\/v2\/posts\/64989","targetHints":{"allow":["GET"]}}],"collection":[{"href":"https:\/\/eltrabajo.cl\/portal\/wp-json\/wp\/v2\/posts"}],"about":[{"href":"https:\/\/eltrabajo.cl\/portal\/wp-json\/wp\/v2\/types\/post"}],"author":[{"embeddable":true,"href":"https:\/\/eltrabajo.cl\/portal\/wp-json\/wp\/v2\/users\/482"}],"replies":[{"embeddable":true,"href":"https:\/\/eltrabajo.cl\/portal\/wp-json\/wp\/v2\/comments?post=64989"}],"version-history":[{"count":0,"href":"https:\/\/eltrabajo.cl\/portal\/wp-json\/wp\/v2\/posts\/64989\/revisions"}],"wp:featuredmedia":[{"embeddable":true,"href":"https:\/\/eltrabajo.cl\/portal\/wp-json\/wp\/v2\/media\/64990"}],"wp:attachment":[{"href":"https:\/\/eltrabajo.cl\/portal\/wp-json\/wp\/v2\/media?parent=64989"}],"wp:term":[{"taxonomy":"category","embeddable":true,"href":"https:\/\/eltrabajo.cl\/portal\/wp-json\/wp\/v2\/categories?post=64989"},{"taxonomy":"post_tag","embeddable":true,"href":"https:\/\/eltrabajo.cl\/portal\/wp-json\/wp\/v2\/tags?post=64989"}],"curies":[{"name":"wp","href":"https:\/\/api.w.org\/{rel}","templated":true}]}}