{"id":64992,"date":"2015-12-21T15:16:04","date_gmt":"2015-12-21T18:16:04","guid":{"rendered":"http:\/\/www.eltrabajo.cl\/portal\/?p=64992"},"modified":"2015-12-21T15:16:04","modified_gmt":"2015-12-21T18:16:04","slug":"lanzan-programa-habilidades-para-la-vida-para-escuelas-municipales-de-calle-larga","status":"publish","type":"post","link":"https:\/\/eltrabajo.cl\/portal\/lanzan-programa-habilidades-para-la-vida-para-escuelas-municipales-de-calle-larga\/","title":{"rendered":"Lanzan programa Habilidades para la Vida para escuelas municipales de Calle Larga"},"content":{"rendered":"<figure id=\"attachment_64993\" aria-describedby=\"caption-attachment-64993\" style=\"width: 300px\" class=\"wp-caption alignleft\"><img data-recalc-dims=\"1\" loading=\"lazy\" decoding=\"async\" class=\"wp-image-64993 size-medium\" src=\"https:\/\/i0.wp.com\/www.eltrabajo.cl\/portal\/wp-content\/uploads\/2015\/12\/Programa-habilidades-para-la-vida-300x198.jpg?resize=300%2C198\" alt=\"Diversas autoridades participaron del lanzamiento del programa Habilidades para la Vida\u2019, dirigido a establecimientos municipales de la comuna.\" width=\"300\" height=\"198\" srcset=\"https:\/\/i0.wp.com\/eltrabajo.cl\/portal\/wp-content\/uploads\/2015\/12\/Programa-habilidades-para-la-vida.jpg?resize=300%2C198&amp;ssl=1 300w, https:\/\/i0.wp.com\/eltrabajo.cl\/portal\/wp-content\/uploads\/2015\/12\/Programa-habilidades-para-la-vida.jpg?resize=200%2C132&amp;ssl=1 200w, https:\/\/i0.wp.com\/eltrabajo.cl\/portal\/wp-content\/uploads\/2015\/12\/Programa-habilidades-para-la-vida.jpg?resize=227%2C150&amp;ssl=1 227w, https:\/\/i0.wp.com\/eltrabajo.cl\/portal\/wp-content\/uploads\/2015\/12\/Programa-habilidades-para-la-vida.jpg?resize=400%2C264&amp;ssl=1 400w, https:\/\/i0.wp.com\/eltrabajo.cl\/portal\/wp-content\/uploads\/2015\/12\/Programa-habilidades-para-la-vida.jpg?w=530&amp;ssl=1 530w\" sizes=\"auto, (max-width: 300px) 100vw, 300px\" \/><figcaption id=\"caption-attachment-64993\" class=\"wp-caption-text\">Diversas autoridades participaron del lanzamiento del programa Habilidades para la Vida\u2019, dirigido a establecimientos municipales de la comuna.<\/figcaption><\/figure>\n<p><strong>CALLE LARGA.<\/strong>&#8211; En el Centro Cultural Pedro Aguirre Cerda se desarroll\u00f3 la ceremonia de inicio del Programa Habilidades para la Vida, dependiente de un equipo psicosocial del Centro de Salud Familiar de la comuna de Calle Larga.<br \/>\nEste programa, es un modelo de intervenci\u00f3n psicosocial, que incorpora detecci\u00f3n y prevenci\u00f3n del riesgo en estudiantes del primer ciclo b\u00e1sico, donde a corto plazo se busca aumentar el \u00e9xito en el desempe\u00f1o escolar de los ni\u00f1os y ni\u00f1as, observable en altos niveles de aprendizaje, baja repetici\u00f3n y abandono.<br \/>\nA Largo plazo, se busca elevar la calidad de vida, previniendo los da\u00f1os de salud mental asociados a conductas violentas, depresi\u00f3n, consumo abusivo de alcohol y drogas.<br \/>\nLuisa Castro, coordinadora y ejecutora del Programa Habilidades para la Vida en la comuna de Calle Larga, recalc\u00f3 la importancia de la implementaci\u00f3n de este programa en las escuelas municipales de la comuna, \u201ces un programa muy bonito, que apuesta a la calidad de vida de los ni\u00f1os, considerando que es un derecho la salud mental, que est\u00e9n bien, que tengan buenas relaciones, que se refuercen sus habilidades sociales, se refuercen sus potencialidades y en la adolescencia podamos evitar situaciones de salud mental como suicidios, consumo de drogas, situaciones que a veces se nos escapan y llegamos tarde a intervenir, o en la adultez, que un adulto tenga herramientas para tolerar la frustraci\u00f3n. El programa apuesta a larga data, es un proceso serio que toma a los ni\u00f1os y a su entorno educativo desde muy peque\u00f1os para tener resultados cuando sean adolescentes y adultos\u201d.<br \/>\nEl programa Habilidades para la vida, llega a complementar los programas de Chile Crece Contigo y otro programa de intervenci\u00f3n llamado Aulas del Bien Estar, para brindar a los estudiantes de la comuna, una educaci\u00f3n integral.<\/p>\n","protected":false},"excerpt":{"rendered":"<p>CALLE LARGA.&#8211; En el Centro Cultural Pedro Aguirre Cerda se desarroll\u00f3 la ceremonia de inicio del Programa Habilidades para la Vida, dependiente de un equipo psicosocial del Centro de Salud Familiar de&#8230;<\/p>\n","protected":false},"author":482,"featured_media":64993,"comment_status":"open","ping_status":"open","sticky":false,"template":"","format":"standard","meta":{"advanced_seo_description":"","jetpack_seo_html_title":"","jetpack_seo_noindex":false,"_jetpack_memberships_contains_paid_content":false,"footnotes":""},"categories":[1],"tags":[],"class_list":["post-64992","post","type-post","status-publish","format-standard","has-post-thumbnail","hentry","category-cronica"],"jetpack_featured_media_url":"https:\/\/i0.wp.com\/eltrabajo.cl\/portal\/wp-content\/uploads\/2015\/12\/Programa-habilidades-para-la-vida.jpg?fit=530%2C350&ssl=1","jetpack_sharing_enabled":true,"jetpack_likes_enabled":true,"jetpack-related-posts":[],"_links":{"self":[{"href":"https:\/\/eltrabajo.cl\/portal\/wp-json\/wp\/v2\/posts\/64992","targetHints":{"allow":["GET"]}}],"collection":[{"href":"https:\/\/eltrabajo.cl\/portal\/wp-json\/wp\/v2\/posts"}],"about":[{"href":"https:\/\/eltrabajo.cl\/portal\/wp-json\/wp\/v2\/types\/post"}],"author":[{"embeddable":true,"href":"https:\/\/eltrabajo.cl\/portal\/wp-json\/wp\/v2\/users\/482"}],"replies":[{"embeddable":true,"href":"https:\/\/eltrabajo.cl\/portal\/wp-json\/wp\/v2\/comments?post=64992"}],"version-history":[{"count":0,"href":"https:\/\/eltrabajo.cl\/portal\/wp-json\/wp\/v2\/posts\/64992\/revisions"}],"wp:featuredmedia":[{"embeddable":true,"href":"https:\/\/eltrabajo.cl\/portal\/wp-json\/wp\/v2\/media\/64993"}],"wp:attachment":[{"href":"https:\/\/eltrabajo.cl\/portal\/wp-json\/wp\/v2\/media?parent=64992"}],"wp:term":[{"taxonomy":"category","embeddable":true,"href":"https:\/\/eltrabajo.cl\/portal\/wp-json\/wp\/v2\/categories?post=64992"},{"taxonomy":"post_tag","embeddable":true,"href":"https:\/\/eltrabajo.cl\/portal\/wp-json\/wp\/v2\/tags?post=64992"}],"curies":[{"name":"wp","href":"https:\/\/api.w.org\/{rel}","templated":true}]}}