{"id":64995,"date":"2015-12-21T15:19:11","date_gmt":"2015-12-21T18:19:11","guid":{"rendered":"http:\/\/www.eltrabajo.cl\/portal\/?p=64995"},"modified":"2015-12-21T15:19:11","modified_gmt":"2015-12-21T18:19:11","slug":"eco-granja-para-establecimientos-educacionales-de-aconcagua-y-chacabuco","status":"publish","type":"post","link":"https:\/\/eltrabajo.cl\/portal\/eco-granja-para-establecimientos-educacionales-de-aconcagua-y-chacabuco\/","title":{"rendered":"Eco granja para establecimientos educacionales de Aconcagua y Chacabuco"},"content":{"rendered":"<figure id=\"attachment_64997\" aria-describedby=\"caption-attachment-64997\" style=\"width: 300px\" class=\"wp-caption alignleft\"><img data-recalc-dims=\"1\" loading=\"lazy\" decoding=\"async\" class=\"wp-image-64997 size-medium\" src=\"https:\/\/i0.wp.com\/www.eltrabajo.cl\/portal\/wp-content\/uploads\/2015\/12\/Ecogranja-y-comunidad-300x198.jpg?resize=300%2C198\" alt=\"La Ecogranja tambi\u00e9n es itinerante, acercando animales de granja o de otros lugares del pa\u00eds, a la comunidad. \" width=\"300\" height=\"198\" srcset=\"https:\/\/i0.wp.com\/eltrabajo.cl\/portal\/wp-content\/uploads\/2015\/12\/Ecogranja-y-comunidad.jpg?resize=300%2C198&amp;ssl=1 300w, https:\/\/i0.wp.com\/eltrabajo.cl\/portal\/wp-content\/uploads\/2015\/12\/Ecogranja-y-comunidad.jpg?resize=200%2C132&amp;ssl=1 200w, https:\/\/i0.wp.com\/eltrabajo.cl\/portal\/wp-content\/uploads\/2015\/12\/Ecogranja-y-comunidad.jpg?resize=227%2C150&amp;ssl=1 227w, https:\/\/i0.wp.com\/eltrabajo.cl\/portal\/wp-content\/uploads\/2015\/12\/Ecogranja-y-comunidad.jpg?resize=400%2C264&amp;ssl=1 400w, https:\/\/i0.wp.com\/eltrabajo.cl\/portal\/wp-content\/uploads\/2015\/12\/Ecogranja-y-comunidad.jpg?w=530&amp;ssl=1 530w\" sizes=\"auto, (max-width: 300px) 100vw, 300px\" \/><figcaption id=\"caption-attachment-64997\" class=\"wp-caption-text\">La Ecogranja tambi\u00e9n es itinerante, acercando animales de granja o de otros lugares del pa\u00eds, a la comunidad.<\/figcaption><\/figure>\n<ul>\n<li><strong>El proyecto impulsado por Codelco Andina y la Junta de Adelanto en 2012, se ha consolidado como un punto de presentaci\u00f3n de aves y animales productivos rurales, caracter\u00edsticos del mundo campesino.<\/strong><\/li>\n<\/ul>\n<p><strong>LOS ANDES<\/strong>.- El proyecto de la Eco granja Parque Cordillera se presenta como un espacio de conservaci\u00f3n de tradiciones rurales y campesinas chilenas. A cuatro a\u00f1os de su puesta en marcha, impulsada por Codelco Andina y la Junta de Adelanto de Los Andes, la iniciativa permanece abierta para ser visitada por colegios e instituciones educacionales.<br \/>\nEn este espacio natural (ubicado a un costado de la medialuna de Los Andes) los estudiantes pueden conocer a las especies, su crecimiento, desarrollo y forma de vida. \u201cHoy se hacen charlas educativas y visitas en terreno con ni\u00f1os y j\u00f3venes, pertenecientes al sistema educativo, previa coordinaci\u00f3n para la disponibilidad de un gu\u00eda\u201d, coment\u00f3 el director de la Eco granja, Sergio D\u00edaz.<\/p>\n<figure id=\"attachment_64996\" aria-describedby=\"caption-attachment-64996\" style=\"width: 300px\" class=\"wp-caption alignright\"><img data-recalc-dims=\"1\" loading=\"lazy\" decoding=\"async\" class=\"wp-image-64996 size-medium\" src=\"https:\/\/i0.wp.com\/www.eltrabajo.cl\/portal\/wp-content\/uploads\/2015\/12\/Ecogranja-Gallina-Araucana-300x198.jpg?resize=300%2C198\" alt=\"La Ecogranja cuenta con diversas especies de animales, como por ejemplo, estas gallinas Araucanas.\" width=\"300\" height=\"198\" srcset=\"https:\/\/i0.wp.com\/eltrabajo.cl\/portal\/wp-content\/uploads\/2015\/12\/Ecogranja-Gallina-Araucana.jpg?resize=300%2C198&amp;ssl=1 300w, https:\/\/i0.wp.com\/eltrabajo.cl\/portal\/wp-content\/uploads\/2015\/12\/Ecogranja-Gallina-Araucana.jpg?resize=200%2C132&amp;ssl=1 200w, https:\/\/i0.wp.com\/eltrabajo.cl\/portal\/wp-content\/uploads\/2015\/12\/Ecogranja-Gallina-Araucana.jpg?resize=227%2C150&amp;ssl=1 227w, https:\/\/i0.wp.com\/eltrabajo.cl\/portal\/wp-content\/uploads\/2015\/12\/Ecogranja-Gallina-Araucana.jpg?resize=400%2C264&amp;ssl=1 400w, https:\/\/i0.wp.com\/eltrabajo.cl\/portal\/wp-content\/uploads\/2015\/12\/Ecogranja-Gallina-Araucana.jpg?w=530&amp;ssl=1 530w\" sizes=\"auto, (max-width: 300px) 100vw, 300px\" \/><figcaption id=\"caption-attachment-64996\" class=\"wp-caption-text\">La Ecogranja cuenta con diversas especies de animales, como por ejemplo, estas gallinas Araucanas.<\/figcaption><\/figure>\n<p>El espacio est\u00e1 conformado por una hect\u00e1rea de ambientes aptos para la mantenci\u00f3n de las 250 aves y 50 animales mayores como alpacas, llamas, cerdos, conejos, burros y cabras. Adem\u00e1s, se cuenta con establos, ambientes semi\u00e1ridos de plena naturaleza, una sala de capacitaci\u00f3n aportada por Andina y reciclada mediante t\u00e9cnicas y reme moranzas del campo chileno.<\/p>\n<p><strong>ABIERTO A LOS ESTUDIANTES<\/strong><br \/>\nLa Eco granja Parque Cordillera es una idea surgida de la Junta de Adelanto de Los Andes que se materializ\u00f3 en marzo de 2012, gracias a la obtenci\u00f3n de un proyecto de Fondo de Inversi\u00f3n Social (FIS) de Codelco. Al alero de esta iniciativa, una de las acciones que se ha extendido en el tiempo es el programa de rescate de la gallina mapuche o araucana.<br \/>\n\u201cLa Eco granja funciona como n\u00facleo reproductor; el a\u00f1o 2013 se adquirieron 50 gallinas de la raza Ketro y Kollanca, con la idea de mantener estas razas. En la actualidad son 15 productores (Los Andes, San Felipe y Tiltil) que mantienen la crianza\u201d, explica el director de la Junta de Adelanto, Mario M\u00e9ndez.<br \/>\nDurante 2015 se da inicio a Eco granja Itinerante, llevando una muestra de aves, animales y escenograf\u00eda de campo a eventos masivos y p\u00fablicos. Se espera que en 2016 la Eco granja ampl\u00ede sus visitas tambi\u00e9n a las comunas de San Felipe y Tiltil.<br \/>\nPara las instituciones interesadas en visitar este espacio, las coordinaciones se realizan con Marcela Valdivia al correo juntadeadelanto@yahoo.es o al tel\u00e9fono 034 &#8211; 2 241320.<\/p>\n","protected":false},"excerpt":{"rendered":"<p>El proyecto impulsado por Codelco Andina y la Junta de Adelanto en 2012, se ha consolidado como un punto de presentaci\u00f3n de aves y animales productivos rurales, caracter\u00edsticos del mundo campesino. LOS&#8230;<\/p>\n","protected":false},"author":482,"featured_media":64997,"comment_status":"open","ping_status":"open","sticky":false,"template":"","format":"standard","meta":{"advanced_seo_description":"","jetpack_seo_html_title":"","jetpack_seo_noindex":false,"_jetpack_memberships_contains_paid_content":false,"footnotes":""},"categories":[1],"tags":[],"class_list":["post-64995","post","type-post","status-publish","format-standard","has-post-thumbnail","hentry","category-cronica"],"jetpack_featured_media_url":"https:\/\/i0.wp.com\/eltrabajo.cl\/portal\/wp-content\/uploads\/2015\/12\/Ecogranja-y-comunidad.jpg?fit=530%2C350&ssl=1","jetpack_sharing_enabled":true,"jetpack_likes_enabled":true,"jetpack-related-posts":[],"_links":{"self":[{"href":"https:\/\/eltrabajo.cl\/portal\/wp-json\/wp\/v2\/posts\/64995","targetHints":{"allow":["GET"]}}],"collection":[{"href":"https:\/\/eltrabajo.cl\/portal\/wp-json\/wp\/v2\/posts"}],"about":[{"href":"https:\/\/eltrabajo.cl\/portal\/wp-json\/wp\/v2\/types\/post"}],"author":[{"embeddable":true,"href":"https:\/\/eltrabajo.cl\/portal\/wp-json\/wp\/v2\/users\/482"}],"replies":[{"embeddable":true,"href":"https:\/\/eltrabajo.cl\/portal\/wp-json\/wp\/v2\/comments?post=64995"}],"version-history":[{"count":0,"href":"https:\/\/eltrabajo.cl\/portal\/wp-json\/wp\/v2\/posts\/64995\/revisions"}],"wp:featuredmedia":[{"embeddable":true,"href":"https:\/\/eltrabajo.cl\/portal\/wp-json\/wp\/v2\/media\/64997"}],"wp:attachment":[{"href":"https:\/\/eltrabajo.cl\/portal\/wp-json\/wp\/v2\/media?parent=64995"}],"wp:term":[{"taxonomy":"category","embeddable":true,"href":"https:\/\/eltrabajo.cl\/portal\/wp-json\/wp\/v2\/categories?post=64995"},{"taxonomy":"post_tag","embeddable":true,"href":"https:\/\/eltrabajo.cl\/portal\/wp-json\/wp\/v2\/tags?post=64995"}],"curies":[{"name":"wp","href":"https:\/\/api.w.org\/{rel}","templated":true}]}}