{"id":64999,"date":"2015-12-21T15:22:08","date_gmt":"2015-12-21T18:22:08","guid":{"rendered":"http:\/\/www.eltrabajo.cl\/portal\/?p=64999"},"modified":"2015-12-21T15:22:08","modified_gmt":"2015-12-21T18:22:08","slug":"inauguran-unidad-de-salud-destinada-solamente-a-trabajadores-del-area","status":"publish","type":"post","link":"https:\/\/eltrabajo.cl\/portal\/inauguran-unidad-de-salud-destinada-solamente-a-trabajadores-del-area\/","title":{"rendered":"Inauguran Unidad de Salud destinada solamente a trabajadores del \u00e1rea"},"content":{"rendered":"<figure id=\"attachment_65000\" aria-describedby=\"caption-attachment-65000\" style=\"width: 300px\" class=\"wp-caption alignleft\"><img data-recalc-dims=\"1\" loading=\"lazy\" decoding=\"async\" class=\"wp-image-65000 size-medium\" src=\"https:\/\/i0.wp.com\/www.eltrabajo.cl\/portal\/wp-content\/uploads\/2015\/12\/FOTO-1-Doctora-Vilma-Olave-Directora-del-Servicio-de-Salud-Aconcagua-SSA-300x197.jpg?resize=300%2C197\" alt=\"Dra. Vilma Olave, Directora Servicio Salud Aconcagua.\" width=\"300\" height=\"197\" srcset=\"https:\/\/i0.wp.com\/eltrabajo.cl\/portal\/wp-content\/uploads\/2015\/12\/FOTO-1-Doctora-Vilma-Olave-Directora-del-Servicio-de-Salud-Aconcagua-SSA.jpg?resize=300%2C197&amp;ssl=1 300w, https:\/\/i0.wp.com\/eltrabajo.cl\/portal\/wp-content\/uploads\/2015\/12\/FOTO-1-Doctora-Vilma-Olave-Directora-del-Servicio-de-Salud-Aconcagua-SSA.jpg?resize=200%2C131&amp;ssl=1 200w, https:\/\/i0.wp.com\/eltrabajo.cl\/portal\/wp-content\/uploads\/2015\/12\/FOTO-1-Doctora-Vilma-Olave-Directora-del-Servicio-de-Salud-Aconcagua-SSA.jpg?resize=228%2C150&amp;ssl=1 228w, https:\/\/i0.wp.com\/eltrabajo.cl\/portal\/wp-content\/uploads\/2015\/12\/FOTO-1-Doctora-Vilma-Olave-Directora-del-Servicio-de-Salud-Aconcagua-SSA.jpg?resize=400%2C263&amp;ssl=1 400w, https:\/\/i0.wp.com\/eltrabajo.cl\/portal\/wp-content\/uploads\/2015\/12\/FOTO-1-Doctora-Vilma-Olave-Directora-del-Servicio-de-Salud-Aconcagua-SSA.jpg?w=530&amp;ssl=1 530w\" sizes=\"auto, (max-width: 300px) 100vw, 300px\" \/><figcaption id=\"caption-attachment-65000\" class=\"wp-caption-text\">Dra. Vilma Olave, Directora Servicio Salud Aconcagua.<\/figcaption><\/figure>\n<ul>\n<li><strong>Dentro de las prestaciones que efectuar\u00e1 este centro se encuentran la atenci\u00f3n m\u00e9dica, odontol\u00f3gica, psicol\u00f3gica y terapias complementarias.<\/strong><\/li>\n<\/ul>\n<p>En dependencias del Cesfam San Felipe El Real, el Servicio de Salud Aconcagua, SSA, puso en marcha el Centro de Atenci\u00f3n de Salud Funcionaria, innovadora unidad que permitir\u00e1 otorgarle respuesta m\u00e9dica, controles y terapias a los trabajadores del SSA.<br \/>\nLa doctora Vilma Olave, directora del SSA, se mostr\u00f3 muy complacida de ver c\u00f3mo se cumple un anhelo de todos los trabajadores del \u00e1rea, manifestando que \u201cestamos felices de poder contar con dependencias y atenci\u00f3n que permitiera abordar tem\u00e1ticas propias de la salud, tanto a nivel general, como ocupacional, de los funcionarios del SSA\u201d, expuso.<br \/>\nAs\u00ed mismo, Olave destac\u00f3 el esfuerzo de todos los equipos gremiales y directivos para concretar este proyecto que va en directo beneficio de los trabajadores de la salud del Valle y deline\u00f3 la importancia que tendr\u00e1 en el futuro se\u00f1alando que \u201cdurante este a\u00f1o con un gran esfuerzo, de cada uno de los establecimientos, que han hecho los aportes necesarios para la concreci\u00f3n de esta unidad, estamos inaugurando este proyecto que se va a ir desarrollando a trav\u00e9s del tiempo porque m\u00e1s adelante, en una situaci\u00f3n \u00f3ptima pretendemos atender no s\u00f3lo a los trabajadores, sino tambi\u00e9n a todo su grupo familiar\u201c, afirm\u00f3.<br \/>\nDe la misma forma, la m\u00e1xima autoridad de Salud en Aconcagua asegur\u00f3 que indirectamente, esta unidad tambi\u00e9n repercutir\u00e1 en el resto de los usuarios, aduciendo que \u201cesto viene a fortalecer la calidad de vida de los trabajadores pero en definitiva es un aporte porque finalmente nosotros sentimos que para ofrecer una atenci\u00f3n de calidad, nosotros como trabajadores y trabajadoras de la salud debemos estar sanos y debemos tener una calidad de vida adecuada\u201d, enfatiz\u00f3.<br \/>\nPor su parte, Ra\u00fal Bravo, dirigente gremial de los trabajadores de la salud de Aconcagua, mencion\u00f3 que este centro de Salud marca un hito a nivel nacional recordando que \u201csabemos que hay otros Servicios de Salud que tienen de alguna manera canalizada la red de apoyo para la atenci\u00f3n de los funcionarios pero no es como esto que es exclusivo para los trabajadores y trabajadoras y es una meta sentida por todos los gremios que venimos discutiendo hace muchos a\u00f1os en las distintas administraciones\u201d, valor\u00f3.<br \/>\nDe igual manera, Bravo expuso que \u201cbasado tambi\u00e9n en ciertos \u00edndices de ausentismo laboral, que de alguna manera por falta de atenci\u00f3n, oportunidad y acceso lleva a un tema econ\u00f3mico de desmedro para los trabajadores, entonces con esto estamos dando un paso gigante en la atenci\u00f3n de nuestros funcionarios, aunque quedan muchos desaf\u00edos en el sentido de cambiar ciertos paradigmas y de estigmas que se tienen cuando se va atender un funcionario y estamos trabajando para que eso cambie\u201d, puntualiz\u00f3<br \/>\nLa atenci\u00f3n que se brindar\u00e1 en esta nueva unidad son: controles m\u00e9dicos, controles y tratamientos odontol\u00f3gicos, terapias kinesiol\u00f3gicas, psicol\u00f3gicas y psiqui\u00e1tricas y terapias complementarias. Podr\u00e1n acceder a cada una de estas prestaciones la totalidad de funcionarios que lo soliciten, independiente de sus situaci\u00f3n contractual y\/o previsional, es decir, recibir\u00e1n atenci\u00f3n todos los trabajadores, titulares, contratas y honorarios, sin importar si son dependientes de Fonasa o Isapre.<\/p>\n<div class=\"tiled-gallery type-rectangular tiled-gallery-unresized\" data-original-width=\"640\" data-carousel-extra='null' itemscope itemtype=\"http:\/\/schema.org\/ImageGallery\" > <div class=\"gallery-row\" style=\"width: 640px; height: 211px;\" data-original-width=\"640\" data-original-height=\"211\" > <div class=\"gallery-group images-1\" style=\"width: 320px; height: 211px;\" data-original-width=\"320\" data-original-height=\"211\" > <div class=\"tiled-gallery-item tiled-gallery-item-large\" itemprop=\"associatedMedia\" itemscope itemtype=\"http:\/\/schema.org\/ImageObject\"> <a href=\"https:\/\/eltrabajo.cl\/portal\/inauguran-unidad-de-salud-destinada-solamente-a-trabajadores-del-area\/foto-2-raul-bravo-dirigente-gremial-de-los-trabajadores-del-ssa\/\" border=\"0\" itemprop=\"url\"> <meta itemprop=\"width\" content=\"316\"> <meta itemprop=\"height\" content=\"207\"> <img decoding=\"async\" class=\"\" data-attachment-id=\"65001\" data-orig-file=\"https:\/\/eltrabajo.cl\/portal\/wp-content\/uploads\/2015\/12\/FOTO-2-Raul-Bravo-dirigente-gremial-de-los-trabajadores-del-SSA.jpg\" data-orig-size=\"530,348\" data-comments-opened=\"1\" data-image-meta=\"{&quot;aperture&quot;:&quot;0&quot;,&quot;credit&quot;:&quot;&quot;,&quot;camera&quot;:&quot;&quot;,&quot;caption&quot;:&quot;&quot;,&quot;created_timestamp&quot;:&quot;0&quot;,&quot;copyright&quot;:&quot;&quot;,&quot;focal_length&quot;:&quot;0&quot;,&quot;iso&quot;:&quot;0&quot;,&quot;shutter_speed&quot;:&quot;0&quot;,&quot;title&quot;:&quot;&quot;,&quot;orientation&quot;:&quot;0&quot;}\" data-image-title=\"FOTO 2 Raul Bravo dirigente gremial de los trabajadores del SSA\" data-image-description=\"&lt;p&gt;Ra\u00fal Bravo, dirigente gremial de los trabajadores del SSA.&lt;\/p&gt; \" data-medium-file=\"https:\/\/i0.wp.com\/eltrabajo.cl\/portal\/wp-content\/uploads\/2015\/12\/FOTO-2-Raul-Bravo-dirigente-gremial-de-los-trabajadores-del-SSA.jpg?fit=300%2C197&#038;ssl=1\" data-large-file=\"https:\/\/i0.wp.com\/eltrabajo.cl\/portal\/wp-content\/uploads\/2015\/12\/FOTO-2-Raul-Bravo-dirigente-gremial-de-los-trabajadores-del-SSA.jpg?fit=530%2C348&#038;ssl=1\" src=\"https:\/\/i0.wp.com\/eltrabajo.cl\/portal\/wp-content\/uploads\/2015\/12\/FOTO-2-Raul-Bravo-dirigente-gremial-de-los-trabajadores-del-SSA.jpg?w=316&#038;h=207&#038;ssl=1\" srcset=\"https:\/\/i0.wp.com\/eltrabajo.cl\/portal\/wp-content\/uploads\/2015\/12\/FOTO-2-Raul-Bravo-dirigente-gremial-de-los-trabajadores-del-SSA.jpg?w=530&amp;ssl=1 530w, https:\/\/i0.wp.com\/eltrabajo.cl\/portal\/wp-content\/uploads\/2015\/12\/FOTO-2-Raul-Bravo-dirigente-gremial-de-los-trabajadores-del-SSA.jpg?resize=200%2C131&amp;ssl=1 200w, https:\/\/i0.wp.com\/eltrabajo.cl\/portal\/wp-content\/uploads\/2015\/12\/FOTO-2-Raul-Bravo-dirigente-gremial-de-los-trabajadores-del-SSA.jpg?resize=300%2C197&amp;ssl=1 300w, https:\/\/i0.wp.com\/eltrabajo.cl\/portal\/wp-content\/uploads\/2015\/12\/FOTO-2-Raul-Bravo-dirigente-gremial-de-los-trabajadores-del-SSA.jpg?resize=228%2C150&amp;ssl=1 228w, https:\/\/i0.wp.com\/eltrabajo.cl\/portal\/wp-content\/uploads\/2015\/12\/FOTO-2-Raul-Bravo-dirigente-gremial-de-los-trabajadores-del-SSA.jpg?resize=400%2C263&amp;ssl=1 400w\" width=\"316\" height=\"207\" loading=\"lazy\" data-original-width=\"316\" data-original-height=\"207\" itemprop=\"http:\/\/schema.org\/image\" title=\"FOTO 2 Raul Bravo dirigente gremial de los trabajadores del SSA\" alt=\"Ra\u00fal Bravo, dirigente gremial de los trabajadores del SSA.\" style=\"width: 316px; height: 207px;\" \/> <\/a> <div class=\"tiled-gallery-caption\" itemprop=\"caption description\"> Ra\u00fal Bravo, dirigente gremial de los trabajadores del SSA. <\/div> <\/div> <\/div> <!-- close group --> <div class=\"gallery-group images-1\" style=\"width: 320px; height: 211px;\" data-original-width=\"320\" data-original-height=\"211\" > <div class=\"tiled-gallery-item tiled-gallery-item-large\" itemprop=\"associatedMedia\" itemscope itemtype=\"http:\/\/schema.org\/ImageObject\"> <a href=\"https:\/\/eltrabajo.cl\/portal\/inauguran-unidad-de-salud-destinada-solamente-a-trabajadores-del-area\/foto-3-sala-de-atencion-odontologica-del-centro-de-salud-funcionaria-del-ssa\/\" border=\"0\" itemprop=\"url\"> <meta itemprop=\"width\" content=\"316\"> <meta itemprop=\"height\" content=\"207\"> <img decoding=\"async\" class=\"\" data-attachment-id=\"65002\" data-orig-file=\"https:\/\/eltrabajo.cl\/portal\/wp-content\/uploads\/2015\/12\/FOTO-3-Sala-de-Atencion-Odontologica-del-Centro-de-Salud-Funcionaria-del-SSA.jpg\" data-orig-size=\"530,348\" data-comments-opened=\"1\" data-image-meta=\"{&quot;aperture&quot;:&quot;0&quot;,&quot;credit&quot;:&quot;&quot;,&quot;camera&quot;:&quot;&quot;,&quot;caption&quot;:&quot;&quot;,&quot;created_timestamp&quot;:&quot;0&quot;,&quot;copyright&quot;:&quot;&quot;,&quot;focal_length&quot;:&quot;0&quot;,&quot;iso&quot;:&quot;0&quot;,&quot;shutter_speed&quot;:&quot;0&quot;,&quot;title&quot;:&quot;&quot;,&quot;orientation&quot;:&quot;0&quot;}\" data-image-title=\"FOTO 3 Sala de Atencion Odontologica del Centro de Salud Funcionaria del SSA\" data-image-description=\"&lt;p&gt;Sala de Atenci\u00f3n Odontol\u00f3gica del Centro de Salud Funcionaria del SSA.&lt;\/p&gt; \" data-medium-file=\"https:\/\/i0.wp.com\/eltrabajo.cl\/portal\/wp-content\/uploads\/2015\/12\/FOTO-3-Sala-de-Atencion-Odontologica-del-Centro-de-Salud-Funcionaria-del-SSA.jpg?fit=300%2C197&#038;ssl=1\" data-large-file=\"https:\/\/i0.wp.com\/eltrabajo.cl\/portal\/wp-content\/uploads\/2015\/12\/FOTO-3-Sala-de-Atencion-Odontologica-del-Centro-de-Salud-Funcionaria-del-SSA.jpg?fit=530%2C348&#038;ssl=1\" src=\"https:\/\/i0.wp.com\/eltrabajo.cl\/portal\/wp-content\/uploads\/2015\/12\/FOTO-3-Sala-de-Atencion-Odontologica-del-Centro-de-Salud-Funcionaria-del-SSA.jpg?w=316&#038;h=207&#038;ssl=1\" srcset=\"https:\/\/i0.wp.com\/eltrabajo.cl\/portal\/wp-content\/uploads\/2015\/12\/FOTO-3-Sala-de-Atencion-Odontologica-del-Centro-de-Salud-Funcionaria-del-SSA.jpg?w=530&amp;ssl=1 530w, https:\/\/i0.wp.com\/eltrabajo.cl\/portal\/wp-content\/uploads\/2015\/12\/FOTO-3-Sala-de-Atencion-Odontologica-del-Centro-de-Salud-Funcionaria-del-SSA.jpg?resize=200%2C131&amp;ssl=1 200w, https:\/\/i0.wp.com\/eltrabajo.cl\/portal\/wp-content\/uploads\/2015\/12\/FOTO-3-Sala-de-Atencion-Odontologica-del-Centro-de-Salud-Funcionaria-del-SSA.jpg?resize=300%2C197&amp;ssl=1 300w, https:\/\/i0.wp.com\/eltrabajo.cl\/portal\/wp-content\/uploads\/2015\/12\/FOTO-3-Sala-de-Atencion-Odontologica-del-Centro-de-Salud-Funcionaria-del-SSA.jpg?resize=228%2C150&amp;ssl=1 228w, https:\/\/i0.wp.com\/eltrabajo.cl\/portal\/wp-content\/uploads\/2015\/12\/FOTO-3-Sala-de-Atencion-Odontologica-del-Centro-de-Salud-Funcionaria-del-SSA.jpg?resize=400%2C263&amp;ssl=1 400w\" width=\"316\" height=\"207\" loading=\"lazy\" data-original-width=\"316\" data-original-height=\"207\" itemprop=\"http:\/\/schema.org\/image\" title=\"FOTO 3 Sala de Atencion Odontologica del Centro de Salud Funcionaria del SSA\" alt=\"Sala de Atenci\u00f3n Odontol\u00f3gica del Centro de Salud Funcionaria del SSA.\" style=\"width: 316px; height: 207px;\" \/> <\/a> <div class=\"tiled-gallery-caption\" itemprop=\"caption description\"> Sala de Atenci\u00f3n Odontol\u00f3gica del Centro de Salud Funcionaria del SSA. <\/div> <\/div> <\/div> <!-- close group --> <\/div> <!-- close row --> <\/div>\n","protected":false},"excerpt":{"rendered":"<p>Dentro de las prestaciones que efectuar\u00e1 este centro se encuentran la atenci\u00f3n m\u00e9dica, odontol\u00f3gica, psicol\u00f3gica y terapias complementarias. En dependencias del Cesfam San Felipe El Real, el Servicio de Salud Aconcagua, SSA,&#8230;<\/p>\n","protected":false},"author":482,"featured_media":65000,"comment_status":"open","ping_status":"open","sticky":false,"template":"","format":"standard","meta":{"advanced_seo_description":"","jetpack_seo_html_title":"","jetpack_seo_noindex":false,"_jetpack_memberships_contains_paid_content":false,"footnotes":""},"categories":[1],"tags":[],"class_list":["post-64999","post","type-post","status-publish","format-standard","has-post-thumbnail","hentry","category-cronica"],"jetpack_featured_media_url":"https:\/\/i0.wp.com\/eltrabajo.cl\/portal\/wp-content\/uploads\/2015\/12\/FOTO-1-Doctora-Vilma-Olave-Directora-del-Servicio-de-Salud-Aconcagua-SSA.jpg?fit=530%2C348&ssl=1","jetpack_sharing_enabled":true,"jetpack_likes_enabled":true,"jetpack-related-posts":[],"_links":{"self":[{"href":"https:\/\/eltrabajo.cl\/portal\/wp-json\/wp\/v2\/posts\/64999","targetHints":{"allow":["GET"]}}],"collection":[{"href":"https:\/\/eltrabajo.cl\/portal\/wp-json\/wp\/v2\/posts"}],"about":[{"href":"https:\/\/eltrabajo.cl\/portal\/wp-json\/wp\/v2\/types\/post"}],"author":[{"embeddable":true,"href":"https:\/\/eltrabajo.cl\/portal\/wp-json\/wp\/v2\/users\/482"}],"replies":[{"embeddable":true,"href":"https:\/\/eltrabajo.cl\/portal\/wp-json\/wp\/v2\/comments?post=64999"}],"version-history":[{"count":0,"href":"https:\/\/eltrabajo.cl\/portal\/wp-json\/wp\/v2\/posts\/64999\/revisions"}],"wp:featuredmedia":[{"embeddable":true,"href":"https:\/\/eltrabajo.cl\/portal\/wp-json\/wp\/v2\/media\/65000"}],"wp:attachment":[{"href":"https:\/\/eltrabajo.cl\/portal\/wp-json\/wp\/v2\/media?parent=64999"}],"wp:term":[{"taxonomy":"category","embeddable":true,"href":"https:\/\/eltrabajo.cl\/portal\/wp-json\/wp\/v2\/categories?post=64999"},{"taxonomy":"post_tag","embeddable":true,"href":"https:\/\/eltrabajo.cl\/portal\/wp-json\/wp\/v2\/tags?post=64999"}],"curies":[{"name":"wp","href":"https:\/\/api.w.org\/{rel}","templated":true}]}}