{"id":65004,"date":"2015-12-21T15:25:58","date_gmt":"2015-12-21T18:25:58","guid":{"rendered":"http:\/\/www.eltrabajo.cl\/portal\/?p=65004"},"modified":"2015-12-21T15:25:58","modified_gmt":"2015-12-21T18:25:58","slug":"masiva-inauguracion-de-ornamentacion-navidena-en-la-plaza-de-armas","status":"publish","type":"post","link":"https:\/\/eltrabajo.cl\/portal\/masiva-inauguracion-de-ornamentacion-navidena-en-la-plaza-de-armas\/","title":{"rendered":"Masiva inauguraci\u00f3n de ornamentaci\u00f3n navide\u00f1a en la Plaza de Armas"},"content":{"rendered":"<figure id=\"attachment_65005\" aria-describedby=\"caption-attachment-65005\" style=\"width: 300px\" class=\"wp-caption alignleft\"><img data-recalc-dims=\"1\" loading=\"lazy\" decoding=\"async\" class=\"wp-image-65005 size-medium\" src=\"https:\/\/i0.wp.com\/www.eltrabajo.cl\/portal\/wp-content\/uploads\/2015\/12\/Concejo33-300x198.jpg?resize=300%2C198\" alt=\"CONCEJO REGAL\u00d3N.- El alcalde Patricio Freire y el Concejo Municipal de San Felipe y los Cores de la provincia, dieron la se\u00f1al para que todo el sector central de San Felipe se iluminara con adornos navide\u00f1os.\" width=\"300\" height=\"198\" srcset=\"https:\/\/i0.wp.com\/eltrabajo.cl\/portal\/wp-content\/uploads\/2015\/12\/Concejo33.jpg?resize=300%2C198&amp;ssl=1 300w, https:\/\/i0.wp.com\/eltrabajo.cl\/portal\/wp-content\/uploads\/2015\/12\/Concejo33.jpg?resize=200%2C132&amp;ssl=1 200w, https:\/\/i0.wp.com\/eltrabajo.cl\/portal\/wp-content\/uploads\/2015\/12\/Concejo33.jpg?resize=228%2C150&amp;ssl=1 228w, https:\/\/i0.wp.com\/eltrabajo.cl\/portal\/wp-content\/uploads\/2015\/12\/Concejo33.jpg?resize=400%2C263&amp;ssl=1 400w, https:\/\/i0.wp.com\/eltrabajo.cl\/portal\/wp-content\/uploads\/2015\/12\/Concejo33.jpg?w=530&amp;ssl=1 530w\" sizes=\"auto, (max-width: 300px) 100vw, 300px\" \/><figcaption id=\"caption-attachment-65005\" class=\"wp-caption-text\">CONCEJO REGAL\u00d3N.- El alcalde Patricio Freire y el Concejo Municipal de San Felipe y los Cores de la provincia, dieron la se\u00f1al para que todo el sector central de San Felipe se iluminara con adornos navide\u00f1os.<\/figcaption><\/figure>\n<ul>\n<li><strong>Alcalde Freire agradeci\u00f3 el apoyo del Consejo Regional que entreg\u00f3 recursos para financiar este espect\u00e1culo de colores que durante las fiestas de fin de a\u00f1o engalanar\u00e1n nuestro principal paseo p\u00fablico.<\/strong><\/li>\n<\/ul>\n<p>En medio de una enorme expectaci\u00f3n de las m\u00e1s de diez mil personas, seg\u00fan informaci\u00f3n municipal, que el viernes llegaron a la Plaza de Armas, se realiz\u00f3, pasadas las 22.00 horas, el encendido de las luces navide\u00f1as que emocionaron y maravillaron a todos quienes llegaron a participar de la fiesta organizada por la Municipalidad.<br \/>\nSin incurrir en el uso de fondos municipales y apelando a los recursos del Gobierno Regional, a trav\u00e9s del 2 % del Fondo Nacional de Desarrollo Regional, la Municipalidad de San Felipe dispuso de una verdadera celebraci\u00f3n familiar, que tuvo como broche de oro el encendido de las luces que durante estas fiestas de fin de a\u00f1o engalanar\u00e1n el principal paseo p\u00fablico de la ciudad y las calles que la rodean.<br \/>\nSeg\u00fan se\u00f1al\u00f3 el alcalde Patricio Freire, fueron 29 millones de pesos los que se invirtieron este a\u00f1o 2015, los que permitieron la adquisici\u00f3n de ornamentaci\u00f3n e iluminaci\u00f3n y el desarrollo de un espect\u00e1culo art\u00edstico cultural, que finaliz\u00f3 con la exitosa presentaci\u00f3n del grupo tropical \u2018La Cubanac\u00e1n\u2019.<br \/>\n\u00abComo es tradicional, en las fiestas de fin de a\u00f1o, nosotros hacemos el encendido de las luces navide\u00f1as de nuestra plaza de armas. Este a\u00f1o adem\u00e1s, muy agradecidos del Gobierno Regional, que nos apoy\u00f3 en el financiamiento de esta iniciativa, por lo que agradecemos a los consejeros regionales y muy agradecidos del concejo municipal, porque juntos estamos desarrollando un proyecto de ciudad para todas y para todos\u00bb, se\u00f1al\u00f3 el Alcalde Patricio Freire.<br \/>\nEn la ocasi\u00f3n, el consejero regional Mario Sottolichio, reconoci\u00f3 la satisfacci\u00f3n de ver c\u00f3mo los sanfelipe\u00f1os y vecinos de distintos puntos del Valle de Aconcagua que llegaron a participar de esta actividad, reconocen y agradecen esta posibilidad de realizar un trabajo tan lleno de esmero.<br \/>\n\u00abSiempre es una alegr\u00eda poder participar de los frutos del trabajo que uno hace y este a\u00f1o pudimos lograr el financiamiento para esta tradicional fiesta. Uno ve cuando pasea por la Plaza de Armas, que se ha realizado un trabajo muy esmerado y dedicado. Por lo tanto invitamos a los sanfelipe\u00f1os a disfrutar esta festividad, a ser responsables y a prepararse para tener un gran a\u00f1o 2016\u00bb, expres\u00f3 el consejero Sottolichio.<br \/>\nDe la misma manera, el concejal Rodolfo Silva, formul\u00f3 un llamado a la comunidad sanfelipe\u00f1a para que pueda acercarse con su familia y disfruten de este verdadero espect\u00e1culo de colores, caracterizados por la tecnolog\u00eda de la iluminaci\u00f3n utilizada.<br \/>\n\u00abAgradezco a los vecinos por participar masivamente en esta inauguraci\u00f3n de las luces navide\u00f1as y ojal\u00e1 que todos puedan disfrutar de esta ornamentaci\u00f3n, que sabemos que se realiz\u00f3 con mucho cari\u00f1o y con mucho profesionalismo, contando con el apoyo del Gobierno Regional que financi\u00f3 esta iniciativa\u00bb, precis\u00f3 el concejal sanfelipe\u00f1o.<br \/>\nUna opini\u00f3n similar expres\u00f3 el concejal Dante Rodr\u00edguez, quien reconoci\u00f3 el trabajo municipal liderado por el alcalde Patricio Freire, que ha permitido este a\u00f1o desarrollar diversas acciones que han sido valoradas por la comunidad, a partir del enorme aporte que se realiza a una mejor calidad de vida.<br \/>\n\u00abQu\u00e9 se puede decir cuando uno ve esta maravillosa iluminaci\u00f3n navide\u00f1a, cuando uno confirma el desarrollo de proyectos en beneficio de la comunidad. En realidad, solo confirmamos que existe un liderazgo positivo de nuestro alcalde, que ha permitido dar un salto important\u00edsimo en nuestra comuna\u00bb, manifest\u00f3 el concejal Rodr\u00edguez.<br \/>\nEn la terraza de la Plaza de Armas se realizaron durante la tarde diversas actividades art\u00edsticas, con un car\u00e1cter familiar, con villancicos interpretados por la agrupaci\u00f3n musical municipal \u2018Asiris\u2019 y el Coro Polif\u00f3nico Humberto Quinteros Lepe, pinta caritas, juegos y diversas instancias de entretenci\u00f3n, donde grandes y chicos disfrutaron y se sumaron a la previa del espect\u00e1culo que coron\u00f3 una jornada que dio paso al baile con la presentaci\u00f3n de \u2018La Cubanac\u00e1n\u2019.<br \/>\n(Fotos de Roberto Gonz\u00e1lez Short)<\/p>\n<div class=\"tiled-gallery type-rectangular tiled-gallery-unresized\" data-original-width=\"640\" data-carousel-extra='null' itemscope itemtype=\"http:\/\/schema.org\/ImageGallery\" > <div class=\"gallery-row\" style=\"width: 640px; height: 283px;\" data-original-width=\"640\" data-original-height=\"283\" > <div class=\"gallery-group images-1\" style=\"width: 427px; height: 283px;\" data-original-width=\"427\" data-original-height=\"283\" > <div class=\"tiled-gallery-item tiled-gallery-item-large\" itemprop=\"associatedMedia\" itemscope itemtype=\"http:\/\/schema.org\/ImageObject\"> <a href=\"https:\/\/eltrabajo.cl\/portal\/masiva-inauguracion-de-ornamentacion-navidena-en-la-plaza-de-armas\/cubanacan33\/\" border=\"0\" itemprop=\"url\"> <meta itemprop=\"width\" content=\"423\"> <meta itemprop=\"height\" content=\"279\"> <img decoding=\"async\" class=\"\" data-attachment-id=\"65006\" data-orig-file=\"https:\/\/eltrabajo.cl\/portal\/wp-content\/uploads\/2015\/12\/Cubanacan33.jpg\" data-orig-size=\"530,350\" data-comments-opened=\"1\" data-image-meta=\"{&quot;aperture&quot;:&quot;0&quot;,&quot;credit&quot;:&quot;&quot;,&quot;camera&quot;:&quot;&quot;,&quot;caption&quot;:&quot;&quot;,&quot;created_timestamp&quot;:&quot;0&quot;,&quot;copyright&quot;:&quot;&quot;,&quot;focal_length&quot;:&quot;0&quot;,&quot;iso&quot;:&quot;0&quot;,&quot;shutter_speed&quot;:&quot;0&quot;,&quot;title&quot;:&quot;&quot;,&quot;orientation&quot;:&quot;0&quot;}\" data-image-title=\"Cubanacan33\" data-image-description=\"&lt;p&gt;LA MEJOR.- La Cubanac\u00e1n lleg\u00f3 a San Felipe para alegrar los corazones de todos sus fans, quienes llegaron a la plaza de la ciudad para disfrutar de su m\u00fasica.&lt;\/p&gt; \" data-medium-file=\"https:\/\/i0.wp.com\/eltrabajo.cl\/portal\/wp-content\/uploads\/2015\/12\/Cubanacan33.jpg?fit=300%2C198&#038;ssl=1\" data-large-file=\"https:\/\/i0.wp.com\/eltrabajo.cl\/portal\/wp-content\/uploads\/2015\/12\/Cubanacan33.jpg?fit=530%2C350&#038;ssl=1\" src=\"https:\/\/i0.wp.com\/eltrabajo.cl\/portal\/wp-content\/uploads\/2015\/12\/Cubanacan33.jpg?w=423&#038;h=279&#038;ssl=1\" srcset=\"https:\/\/i0.wp.com\/eltrabajo.cl\/portal\/wp-content\/uploads\/2015\/12\/Cubanacan33.jpg?w=530&amp;ssl=1 530w, https:\/\/i0.wp.com\/eltrabajo.cl\/portal\/wp-content\/uploads\/2015\/12\/Cubanacan33.jpg?resize=200%2C132&amp;ssl=1 200w, https:\/\/i0.wp.com\/eltrabajo.cl\/portal\/wp-content\/uploads\/2015\/12\/Cubanacan33.jpg?resize=300%2C198&amp;ssl=1 300w, https:\/\/i0.wp.com\/eltrabajo.cl\/portal\/wp-content\/uploads\/2015\/12\/Cubanacan33.jpg?resize=227%2C150&amp;ssl=1 227w, https:\/\/i0.wp.com\/eltrabajo.cl\/portal\/wp-content\/uploads\/2015\/12\/Cubanacan33.jpg?resize=400%2C264&amp;ssl=1 400w\" width=\"423\" height=\"279\" loading=\"lazy\" data-original-width=\"423\" data-original-height=\"279\" itemprop=\"http:\/\/schema.org\/image\" title=\"Cubanacan33\" alt=\"LA MEJOR.- La Cubanac\u00e1n lleg\u00f3 a San Felipe para alegrar los corazones de todos sus fans, quienes llegaron a la plaza de la ciudad para disfrutar de su m\u00fasica.\" style=\"width: 423px; height: 279px;\" \/> <\/a> <div class=\"tiled-gallery-caption\" itemprop=\"caption description\"> LA MEJOR.- La Cubanac\u00e1n lleg\u00f3 a San Felipe para alegrar los corazones de todos sus fans, quienes llegaron a la plaza de la ciudad para disfrutar de su m\u00fasica. <\/div> <\/div> <\/div> <!-- close group --> <div class=\"gallery-group images-2\" style=\"width: 213px; height: 283px;\" data-original-width=\"213\" data-original-height=\"283\" > <div class=\"tiled-gallery-item tiled-gallery-item-small\" itemprop=\"associatedMedia\" itemscope itemtype=\"http:\/\/schema.org\/ImageObject\"> <a href=\"https:\/\/eltrabajo.cl\/portal\/masiva-inauguracion-de-ornamentacion-navidena-en-la-plaza-de-armas\/grandoni33\/\" border=\"0\" itemprop=\"url\"> <meta itemprop=\"width\" content=\"209\"> <meta itemprop=\"height\" content=\"137\"> <img decoding=\"async\" class=\"\" data-attachment-id=\"65007\" data-orig-file=\"https:\/\/eltrabajo.cl\/portal\/wp-content\/uploads\/2015\/12\/Grandoni33.jpg\" data-orig-size=\"530,349\" data-comments-opened=\"1\" data-image-meta=\"{&quot;aperture&quot;:&quot;0&quot;,&quot;credit&quot;:&quot;&quot;,&quot;camera&quot;:&quot;&quot;,&quot;caption&quot;:&quot;&quot;,&quot;created_timestamp&quot;:&quot;0&quot;,&quot;copyright&quot;:&quot;&quot;,&quot;focal_length&quot;:&quot;0&quot;,&quot;iso&quot;:&quot;0&quot;,&quot;shutter_speed&quot;:&quot;0&quot;,&quot;title&quot;:&quot;&quot;,&quot;orientation&quot;:&quot;0&quot;}\" data-image-title=\"Grandoni33\" data-image-description=\"&lt;p&gt;A LO GRANDE.- Aqu\u00ed tenemos a Vazco Grandoni, orquesta que tambi\u00e9n hizo de las suyas en este concierto navide\u00f1o ofrecido por el Concejo.&lt;\/p&gt; \" data-medium-file=\"https:\/\/i0.wp.com\/eltrabajo.cl\/portal\/wp-content\/uploads\/2015\/12\/Grandoni33.jpg?fit=300%2C198&#038;ssl=1\" data-large-file=\"https:\/\/i0.wp.com\/eltrabajo.cl\/portal\/wp-content\/uploads\/2015\/12\/Grandoni33.jpg?fit=530%2C349&#038;ssl=1\" src=\"https:\/\/i0.wp.com\/eltrabajo.cl\/portal\/wp-content\/uploads\/2015\/12\/Grandoni33.jpg?w=209&#038;h=137&#038;ssl=1\" srcset=\"https:\/\/i0.wp.com\/eltrabajo.cl\/portal\/wp-content\/uploads\/2015\/12\/Grandoni33.jpg?w=530&amp;ssl=1 530w, https:\/\/i0.wp.com\/eltrabajo.cl\/portal\/wp-content\/uploads\/2015\/12\/Grandoni33.jpg?resize=200%2C132&amp;ssl=1 200w, https:\/\/i0.wp.com\/eltrabajo.cl\/portal\/wp-content\/uploads\/2015\/12\/Grandoni33.jpg?resize=300%2C198&amp;ssl=1 300w, https:\/\/i0.wp.com\/eltrabajo.cl\/portal\/wp-content\/uploads\/2015\/12\/Grandoni33.jpg?resize=228%2C150&amp;ssl=1 228w, https:\/\/i0.wp.com\/eltrabajo.cl\/portal\/wp-content\/uploads\/2015\/12\/Grandoni33.jpg?resize=400%2C263&amp;ssl=1 400w\" width=\"209\" height=\"137\" loading=\"lazy\" data-original-width=\"209\" data-original-height=\"137\" itemprop=\"http:\/\/schema.org\/image\" title=\"Grandoni33\" alt=\"A LO GRANDE.- Aqu\u00ed tenemos a Vazco Grandoni, orquesta que tambi\u00e9n hizo de las suyas en este concierto navide\u00f1o ofrecido por el Concejo.\" style=\"width: 209px; height: 137px;\" \/> <\/a> <div class=\"tiled-gallery-caption\" itemprop=\"caption description\"> A LO GRANDE.- Aqu\u00ed tenemos a Vazco Grandoni, orquesta que tambi\u00e9n hizo de las suyas en este concierto navide\u00f1o ofrecido por el Concejo. <\/div> <\/div> <div class=\"tiled-gallery-item tiled-gallery-item-small\" itemprop=\"associatedMedia\" itemscope itemtype=\"http:\/\/schema.org\/ImageObject\"> <a href=\"https:\/\/eltrabajo.cl\/portal\/masiva-inauguracion-de-ornamentacion-navidena-en-la-plaza-de-armas\/publico33-2\/\" border=\"0\" itemprop=\"url\"> <meta itemprop=\"width\" content=\"209\"> <meta itemprop=\"height\" content=\"138\"> <img decoding=\"async\" class=\"\" data-attachment-id=\"65008\" data-orig-file=\"https:\/\/eltrabajo.cl\/portal\/wp-content\/uploads\/2015\/12\/Publico33-1.jpg\" data-orig-size=\"530,350\" data-comments-opened=\"1\" data-image-meta=\"{&quot;aperture&quot;:&quot;0&quot;,&quot;credit&quot;:&quot;&quot;,&quot;camera&quot;:&quot;&quot;,&quot;caption&quot;:&quot;&quot;,&quot;created_timestamp&quot;:&quot;0&quot;,&quot;copyright&quot;:&quot;&quot;,&quot;focal_length&quot;:&quot;0&quot;,&quot;iso&quot;:&quot;0&quot;,&quot;shutter_speed&quot;:&quot;0&quot;,&quot;title&quot;:&quot;&quot;,&quot;orientation&quot;:&quot;0&quot;}\" data-image-title=\"Publico33\" data-image-description=\"&lt;p&gt;EL GRAN P\u00daBLICO.- El alcalde Patricio Freire; el Concejo Municipal de San Felipe y los Cores de la provincia, dieron la se\u00f1al para que todo el sector central de San Felipe se iluminara con adornos navide\u00f1os.&lt;\/p&gt; \" data-medium-file=\"https:\/\/i0.wp.com\/eltrabajo.cl\/portal\/wp-content\/uploads\/2015\/12\/Publico33-1.jpg?fit=300%2C198&#038;ssl=1\" data-large-file=\"https:\/\/i0.wp.com\/eltrabajo.cl\/portal\/wp-content\/uploads\/2015\/12\/Publico33-1.jpg?fit=530%2C350&#038;ssl=1\" src=\"https:\/\/i0.wp.com\/eltrabajo.cl\/portal\/wp-content\/uploads\/2015\/12\/Publico33-1.jpg?w=209&#038;h=138&#038;ssl=1\" srcset=\"https:\/\/i0.wp.com\/eltrabajo.cl\/portal\/wp-content\/uploads\/2015\/12\/Publico33-1.jpg?w=530&amp;ssl=1 530w, https:\/\/i0.wp.com\/eltrabajo.cl\/portal\/wp-content\/uploads\/2015\/12\/Publico33-1.jpg?resize=200%2C132&amp;ssl=1 200w, https:\/\/i0.wp.com\/eltrabajo.cl\/portal\/wp-content\/uploads\/2015\/12\/Publico33-1.jpg?resize=300%2C198&amp;ssl=1 300w, https:\/\/i0.wp.com\/eltrabajo.cl\/portal\/wp-content\/uploads\/2015\/12\/Publico33-1.jpg?resize=227%2C150&amp;ssl=1 227w, https:\/\/i0.wp.com\/eltrabajo.cl\/portal\/wp-content\/uploads\/2015\/12\/Publico33-1.jpg?resize=400%2C264&amp;ssl=1 400w\" width=\"209\" height=\"138\" loading=\"lazy\" data-original-width=\"209\" data-original-height=\"138\" itemprop=\"http:\/\/schema.org\/image\" title=\"Publico33\" alt=\"EL GRAN P\u00daBLICO.- El alcalde Patricio Freire; el Concejo Municipal de San Felipe y los Cores de la provincia, dieron la se\u00f1al para que todo el sector central de San Felipe se iluminara con adornos navide\u00f1os.\" style=\"width: 209px; height: 138px;\" \/> <\/a> <div class=\"tiled-gallery-caption\" itemprop=\"caption description\"> EL GRAN P\u00daBLICO.- El alcalde Patricio Freire; el Concejo Municipal de San Felipe y los Cores de la provincia, dieron la se\u00f1al para que todo el sector central de San Felipe se iluminara con adornos navide\u00f1os. <\/div> <\/div> <\/div> <!-- close group --> <\/div> <!-- close row --> <\/div>\n","protected":false},"excerpt":{"rendered":"<p>Alcalde Freire agradeci\u00f3 el apoyo del Consejo Regional que entreg\u00f3 recursos para financiar este espect\u00e1culo de colores que durante las fiestas de fin de a\u00f1o engalanar\u00e1n nuestro principal paseo p\u00fablico. En medio&#8230;<\/p>\n","protected":false},"author":482,"featured_media":65005,"comment_status":"open","ping_status":"open","sticky":false,"template":"","format":"standard","meta":{"advanced_seo_description":"","jetpack_seo_html_title":"","jetpack_seo_noindex":false,"_jetpack_memberships_contains_paid_content":false,"footnotes":""},"categories":[15],"tags":[],"class_list":["post-65004","post","type-post","status-publish","format-standard","has-post-thumbnail","hentry","category-comunidad"],"jetpack_featured_media_url":"https:\/\/i0.wp.com\/eltrabajo.cl\/portal\/wp-content\/uploads\/2015\/12\/Concejo33.jpg?fit=530%2C349&ssl=1","jetpack_sharing_enabled":true,"jetpack_likes_enabled":true,"jetpack-related-posts":[],"_links":{"self":[{"href":"https:\/\/eltrabajo.cl\/portal\/wp-json\/wp\/v2\/posts\/65004","targetHints":{"allow":["GET"]}}],"collection":[{"href":"https:\/\/eltrabajo.cl\/portal\/wp-json\/wp\/v2\/posts"}],"about":[{"href":"https:\/\/eltrabajo.cl\/portal\/wp-json\/wp\/v2\/types\/post"}],"author":[{"embeddable":true,"href":"https:\/\/eltrabajo.cl\/portal\/wp-json\/wp\/v2\/users\/482"}],"replies":[{"embeddable":true,"href":"https:\/\/eltrabajo.cl\/portal\/wp-json\/wp\/v2\/comments?post=65004"}],"version-history":[{"count":0,"href":"https:\/\/eltrabajo.cl\/portal\/wp-json\/wp\/v2\/posts\/65004\/revisions"}],"wp:featuredmedia":[{"embeddable":true,"href":"https:\/\/eltrabajo.cl\/portal\/wp-json\/wp\/v2\/media\/65005"}],"wp:attachment":[{"href":"https:\/\/eltrabajo.cl\/portal\/wp-json\/wp\/v2\/media?parent=65004"}],"wp:term":[{"taxonomy":"category","embeddable":true,"href":"https:\/\/eltrabajo.cl\/portal\/wp-json\/wp\/v2\/categories?post=65004"},{"taxonomy":"post_tag","embeddable":true,"href":"https:\/\/eltrabajo.cl\/portal\/wp-json\/wp\/v2\/tags?post=65004"}],"curies":[{"name":"wp","href":"https:\/\/api.w.org\/{rel}","templated":true}]}}