{"id":65013,"date":"2015-12-21T15:32:40","date_gmt":"2015-12-21T18:32:40","guid":{"rendered":"http:\/\/www.eltrabajo.cl\/portal\/?p=65013"},"modified":"2015-12-21T15:32:40","modified_gmt":"2015-12-21T18:32:40","slug":"auxiliar-de-buses-ahumada-muere-en-colision-con-camion-en-til-til","status":"publish","type":"post","link":"https:\/\/eltrabajo.cl\/portal\/auxiliar-de-buses-ahumada-muere-en-colision-con-camion-en-til-til\/","title":{"rendered":"Auxiliar de Buses Ahumada muere en colisi\u00f3n con cami\u00f3n en Til Til"},"content":{"rendered":"<figure id=\"attachment_65014\" aria-describedby=\"caption-attachment-65014\" style=\"width: 300px\" class=\"wp-caption alignleft\"><img data-recalc-dims=\"1\" loading=\"lazy\" decoding=\"async\" class=\"wp-image-65014 size-medium\" src=\"https:\/\/i0.wp.com\/www.eltrabajo.cl\/portal\/wp-content\/uploads\/2015\/12\/carlos_donoso_gonzalez-300x197.jpg?resize=300%2C197\" alt=\"En el lugar falleci\u00f3 el auxiliar del bus Carlos Donoso Gonz\u00e1lez, de San Felipe.\" width=\"300\" height=\"197\" srcset=\"https:\/\/i0.wp.com\/eltrabajo.cl\/portal\/wp-content\/uploads\/2015\/12\/carlos_donoso_gonzalez.jpg?resize=300%2C197&amp;ssl=1 300w, https:\/\/i0.wp.com\/eltrabajo.cl\/portal\/wp-content\/uploads\/2015\/12\/carlos_donoso_gonzalez.jpg?resize=200%2C131&amp;ssl=1 200w, https:\/\/i0.wp.com\/eltrabajo.cl\/portal\/wp-content\/uploads\/2015\/12\/carlos_donoso_gonzalez.jpg?resize=228%2C150&amp;ssl=1 228w, https:\/\/i0.wp.com\/eltrabajo.cl\/portal\/wp-content\/uploads\/2015\/12\/carlos_donoso_gonzalez.jpg?resize=400%2C263&amp;ssl=1 400w, https:\/\/i0.wp.com\/eltrabajo.cl\/portal\/wp-content\/uploads\/2015\/12\/carlos_donoso_gonzalez.jpg?w=530&amp;ssl=1 530w\" sizes=\"auto, (max-width: 300px) 100vw, 300px\" \/><figcaption id=\"caption-attachment-65014\" class=\"wp-caption-text\">En el lugar falleci\u00f3 el auxiliar del bus Carlos Donoso Gonz\u00e1lez, de San Felipe.<\/figcaption><\/figure>\n<ul>\n<li><strong>M\u00e1quina hab\u00eda salido a las 12:45 horas desde Santiago con destino a San Felipe.<\/strong><\/li>\n<\/ul>\n<p>El auxiliar de un bus Ahumada del recorrido Santiago- San Felipe falleci\u00f3 al colisionar la m\u00e1quina con un cami\u00f3n la ruta Santa Teresa (G 71) a la altura del cruce Huertos Familiares.<br \/>\nEl accidente ocurri\u00f3 pasadas las 13 horas e involucr\u00f3 al bus n\u00ba 712 que hab\u00eda salido a las 12:45 horas desde el Terrapuerto Los H\u00e9roes con destino a la ciudad de San Felipe.<br \/>\nPreliminarmente se inform\u00f3 que el cami\u00f3n fue impactado por el bus cuando hac\u00eda ingreso a la ruta desde un camino lateral, luego de no haber respetado un disco Pare.<br \/>\nCon el impacto, el cami\u00f3n volc\u00f3 de costado cayendo una zanja que existe a un costado del camino.<br \/>\nEn el lugar falleci\u00f3 el auxiliar del bus, identificado como Carlos Donoso Gonz\u00e1lez (54), domiciliado en San Felipe, mientras el conductor Jorge Tapia Vera result\u00f3 con lesiones de consideraci\u00f3n. Asimismo, cinco pasajeros y los dos ocupantes del cami\u00f3n resultaron heridos leves, siendo trasladados a distintos establecimientos de salud, donde fueron atendidos.<br \/>\nAl lugar concurri\u00f3 bomberos de Lampa, Colina y Tiltil, adem\u00e1s de param\u00e9dicos y ambulancias de Samu quienes colaboraron en el rescate de los heridos.<br \/>\nLa Siat de Carabineros tendr\u00e1 a su cargo las diligencias y peritajes para esclarecer las causas de este fatal accidente.<br \/>\nEl conductor del cami\u00f3n, identificado como Manuel Morales Fuentes (42) qued\u00f3 en calidad de detenido y a disposici\u00f3n del Tribunal de Garant\u00eda de Colina para ser formalizado por conducci\u00f3n sin estar atento a las se\u00f1ales de tr\u00e1nsito ocasionando muerte.<\/p>\n<p><strong>COMUNICADO DE LA EMPRESA<\/strong><br \/>\nA trav\u00e9s de un comunicado de prensa, el Gerente de la Empresa, Mathias Quiroz Ahumada, lament\u00f3 profundamente el accidente, se\u00f1alando que junto con colaborar en todos los actos de la investigaci\u00f3n que se deber\u00e1 realizar, Buses Ahumada apoyar\u00e1 a la familia de Carlos Donoso, a la que entreg\u00f3 sus condolencias por esta tragedia que enluta a esta tradicional empresa de transportes de pasajeros del Valle de Aconcagua.<br \/>\nDe la misma manera, se\u00f1al\u00f3 que respaldar\u00e1n en los requerimientos para la pronta recuperaci\u00f3n del conductor Jorge Tapia, precisando que por su puesto que \u201cen el caso de nuestros pasajeros que resultaron lesionados, estaremos muy atentos de sus inquietudes para darles respuesta de manera oportuna\u201d.<\/p>\n<div class=\"tiled-gallery type-rectangular tiled-gallery-unresized\" data-original-width=\"640\" data-carousel-extra='null' itemscope itemtype=\"http:\/\/schema.org\/ImageGallery\" > <div class=\"gallery-row\" style=\"width: 640px; height: 212px;\" data-original-width=\"640\" data-original-height=\"212\" > <div class=\"gallery-group images-1\" style=\"width: 320px; height: 212px;\" data-original-width=\"320\" data-original-height=\"212\" > <div class=\"tiled-gallery-item tiled-gallery-item-large\" itemprop=\"associatedMedia\" itemscope itemtype=\"http:\/\/schema.org\/ImageObject\"> <a href=\"https:\/\/eltrabajo.cl\/portal\/auxiliar-de-buses-ahumada-muere-en-colision-con-camion-en-til-til\/ahumada_huertos2\/\" border=\"0\" itemprop=\"url\"> <meta itemprop=\"width\" content=\"316\"> <meta itemprop=\"height\" content=\"208\"> <img decoding=\"async\" class=\"\" data-attachment-id=\"65015\" data-orig-file=\"https:\/\/eltrabajo.cl\/portal\/wp-content\/uploads\/2015\/12\/ahumada_huertos2.jpg\" data-orig-size=\"530,349\" data-comments-opened=\"1\" data-image-meta=\"{&quot;aperture&quot;:&quot;0&quot;,&quot;credit&quot;:&quot;&quot;,&quot;camera&quot;:&quot;&quot;,&quot;caption&quot;:&quot;&quot;,&quot;created_timestamp&quot;:&quot;0&quot;,&quot;copyright&quot;:&quot;&quot;,&quot;focal_length&quot;:&quot;0&quot;,&quot;iso&quot;:&quot;0&quot;,&quot;shutter_speed&quot;:&quot;0&quot;,&quot;title&quot;:&quot;&quot;,&quot;orientation&quot;:&quot;0&quot;}\" data-image-title=\"ahumada_huertos2\" data-image-description=\"&lt;p&gt;El accidente se produjo cuando el cami\u00f3n que hac\u00eda ingreso a la ruta desde un camino lateral, no respet\u00f3 el disco Pare, provocando la colisi\u00f3n.&lt;\/p&gt; \" data-medium-file=\"https:\/\/i0.wp.com\/eltrabajo.cl\/portal\/wp-content\/uploads\/2015\/12\/ahumada_huertos2.jpg?fit=300%2C198&#038;ssl=1\" data-large-file=\"https:\/\/i0.wp.com\/eltrabajo.cl\/portal\/wp-content\/uploads\/2015\/12\/ahumada_huertos2.jpg?fit=530%2C349&#038;ssl=1\" src=\"https:\/\/i0.wp.com\/eltrabajo.cl\/portal\/wp-content\/uploads\/2015\/12\/ahumada_huertos2.jpg?w=316&#038;h=208&#038;ssl=1\" srcset=\"https:\/\/i0.wp.com\/eltrabajo.cl\/portal\/wp-content\/uploads\/2015\/12\/ahumada_huertos2.jpg?w=530&amp;ssl=1 530w, https:\/\/i0.wp.com\/eltrabajo.cl\/portal\/wp-content\/uploads\/2015\/12\/ahumada_huertos2.jpg?resize=200%2C132&amp;ssl=1 200w, https:\/\/i0.wp.com\/eltrabajo.cl\/portal\/wp-content\/uploads\/2015\/12\/ahumada_huertos2.jpg?resize=300%2C198&amp;ssl=1 300w, https:\/\/i0.wp.com\/eltrabajo.cl\/portal\/wp-content\/uploads\/2015\/12\/ahumada_huertos2.jpg?resize=228%2C150&amp;ssl=1 228w, https:\/\/i0.wp.com\/eltrabajo.cl\/portal\/wp-content\/uploads\/2015\/12\/ahumada_huertos2.jpg?resize=400%2C263&amp;ssl=1 400w\" width=\"316\" height=\"208\" loading=\"lazy\" data-original-width=\"316\" data-original-height=\"208\" itemprop=\"http:\/\/schema.org\/image\" title=\"ahumada_huertos2\" alt=\"El accidente se produjo cuando el cami\u00f3n que hac\u00eda ingreso a la ruta desde un camino lateral, no respet\u00f3 el disco Pare, provocando la colisi\u00f3n.\" style=\"width: 316px; height: 208px;\" \/> <\/a> <div class=\"tiled-gallery-caption\" itemprop=\"caption description\"> El accidente se produjo cuando el cami\u00f3n que hac\u00eda ingreso a la ruta desde un camino lateral, no respet\u00f3 el disco Pare, provocando la colisi\u00f3n. <\/div> <\/div> <\/div> <!-- close group --> <div class=\"gallery-group images-1\" style=\"width: 320px; height: 212px;\" data-original-width=\"320\" data-original-height=\"212\" > <div class=\"tiled-gallery-item tiled-gallery-item-large\" itemprop=\"associatedMedia\" itemscope itemtype=\"http:\/\/schema.org\/ImageObject\"> <a href=\"https:\/\/eltrabajo.cl\/portal\/auxiliar-de-buses-ahumada-muere-en-colision-con-camion-en-til-til\/ahumada_huertos5\/\" border=\"0\" itemprop=\"url\"> <meta itemprop=\"width\" content=\"316\"> <meta itemprop=\"height\" content=\"208\"> <img decoding=\"async\" class=\"\" data-attachment-id=\"65016\" data-orig-file=\"https:\/\/eltrabajo.cl\/portal\/wp-content\/uploads\/2015\/12\/ahumada_huertos5.jpg\" data-orig-size=\"530,349\" data-comments-opened=\"1\" data-image-meta=\"{&quot;aperture&quot;:&quot;0&quot;,&quot;credit&quot;:&quot;&quot;,&quot;camera&quot;:&quot;&quot;,&quot;caption&quot;:&quot;&quot;,&quot;created_timestamp&quot;:&quot;0&quot;,&quot;copyright&quot;:&quot;&quot;,&quot;focal_length&quot;:&quot;0&quot;,&quot;iso&quot;:&quot;0&quot;,&quot;shutter_speed&quot;:&quot;0&quot;,&quot;title&quot;:&quot;&quot;,&quot;orientation&quot;:&quot;0&quot;}\" data-image-title=\"ahumada_huertos5\" data-image-description=\"&lt;p&gt;Adem\u00e1s del deceso del auxiliar del bus, resultaron adem\u00e1s siete personas lesionadas.&lt;\/p&gt; \" data-medium-file=\"https:\/\/i0.wp.com\/eltrabajo.cl\/portal\/wp-content\/uploads\/2015\/12\/ahumada_huertos5.jpg?fit=300%2C198&#038;ssl=1\" data-large-file=\"https:\/\/i0.wp.com\/eltrabajo.cl\/portal\/wp-content\/uploads\/2015\/12\/ahumada_huertos5.jpg?fit=530%2C349&#038;ssl=1\" src=\"https:\/\/i0.wp.com\/eltrabajo.cl\/portal\/wp-content\/uploads\/2015\/12\/ahumada_huertos5.jpg?w=316&#038;h=208&#038;ssl=1\" srcset=\"https:\/\/i0.wp.com\/eltrabajo.cl\/portal\/wp-content\/uploads\/2015\/12\/ahumada_huertos5.jpg?w=530&amp;ssl=1 530w, https:\/\/i0.wp.com\/eltrabajo.cl\/portal\/wp-content\/uploads\/2015\/12\/ahumada_huertos5.jpg?resize=200%2C132&amp;ssl=1 200w, https:\/\/i0.wp.com\/eltrabajo.cl\/portal\/wp-content\/uploads\/2015\/12\/ahumada_huertos5.jpg?resize=300%2C198&amp;ssl=1 300w, https:\/\/i0.wp.com\/eltrabajo.cl\/portal\/wp-content\/uploads\/2015\/12\/ahumada_huertos5.jpg?resize=228%2C150&amp;ssl=1 228w, https:\/\/i0.wp.com\/eltrabajo.cl\/portal\/wp-content\/uploads\/2015\/12\/ahumada_huertos5.jpg?resize=400%2C263&amp;ssl=1 400w\" width=\"316\" height=\"208\" loading=\"lazy\" data-original-width=\"316\" data-original-height=\"208\" itemprop=\"http:\/\/schema.org\/image\" title=\"ahumada_huertos5\" alt=\"Adem\u00e1s del deceso del auxiliar del bus, resultaron adem\u00e1s siete personas lesionadas.\" style=\"width: 316px; height: 208px;\" \/> <\/a> <div class=\"tiled-gallery-caption\" itemprop=\"caption description\"> Adem\u00e1s del deceso del auxiliar del bus, resultaron adem\u00e1s siete personas lesionadas. <\/div> <\/div> <\/div> <!-- close group --> <\/div> <!-- close row --> <\/div>\n","protected":false},"excerpt":{"rendered":"<p>M\u00e1quina hab\u00eda salido a las 12:45 horas desde Santiago con destino a San Felipe. El auxiliar de un bus Ahumada del recorrido Santiago- San Felipe falleci\u00f3 al colisionar la m\u00e1quina con un&#8230;<\/p>\n","protected":false},"author":482,"featured_media":65014,"comment_status":"open","ping_status":"open","sticky":false,"template":"","format":"standard","meta":{"advanced_seo_description":"","jetpack_seo_html_title":"","jetpack_seo_noindex":false,"_jetpack_memberships_contains_paid_content":false,"footnotes":""},"categories":[21],"tags":[],"class_list":["post-65013","post","type-post","status-publish","format-standard","has-post-thumbnail","hentry","category-policial"],"jetpack_featured_media_url":"https:\/\/i0.wp.com\/eltrabajo.cl\/portal\/wp-content\/uploads\/2015\/12\/carlos_donoso_gonzalez.jpg?fit=530%2C348&ssl=1","jetpack_sharing_enabled":true,"jetpack_likes_enabled":true,"jetpack-related-posts":[],"_links":{"self":[{"href":"https:\/\/eltrabajo.cl\/portal\/wp-json\/wp\/v2\/posts\/65013","targetHints":{"allow":["GET"]}}],"collection":[{"href":"https:\/\/eltrabajo.cl\/portal\/wp-json\/wp\/v2\/posts"}],"about":[{"href":"https:\/\/eltrabajo.cl\/portal\/wp-json\/wp\/v2\/types\/post"}],"author":[{"embeddable":true,"href":"https:\/\/eltrabajo.cl\/portal\/wp-json\/wp\/v2\/users\/482"}],"replies":[{"embeddable":true,"href":"https:\/\/eltrabajo.cl\/portal\/wp-json\/wp\/v2\/comments?post=65013"}],"version-history":[{"count":0,"href":"https:\/\/eltrabajo.cl\/portal\/wp-json\/wp\/v2\/posts\/65013\/revisions"}],"wp:featuredmedia":[{"embeddable":true,"href":"https:\/\/eltrabajo.cl\/portal\/wp-json\/wp\/v2\/media\/65014"}],"wp:attachment":[{"href":"https:\/\/eltrabajo.cl\/portal\/wp-json\/wp\/v2\/media?parent=65013"}],"wp:term":[{"taxonomy":"category","embeddable":true,"href":"https:\/\/eltrabajo.cl\/portal\/wp-json\/wp\/v2\/categories?post=65013"},{"taxonomy":"post_tag","embeddable":true,"href":"https:\/\/eltrabajo.cl\/portal\/wp-json\/wp\/v2\/tags?post=65013"}],"curies":[{"name":"wp","href":"https:\/\/api.w.org\/{rel}","templated":true}]}}