{"id":65018,"date":"2015-12-21T15:39:52","date_gmt":"2015-12-21T18:39:52","guid":{"rendered":"http:\/\/www.eltrabajo.cl\/portal\/?p=65018"},"modified":"2015-12-21T15:39:52","modified_gmt":"2015-12-21T18:39:52","slug":"preocupa-instalacion-de-indigentes-en-bandejon-de-alameda-chacabuco","status":"publish","type":"post","link":"https:\/\/eltrabajo.cl\/portal\/preocupa-instalacion-de-indigentes-en-bandejon-de-alameda-chacabuco\/","title":{"rendered":"Preocupa instalaci\u00f3n de indigentes en bandej\u00f3n de Alameda Chacabuco"},"content":{"rendered":"<figure id=\"attachment_65019\" aria-describedby=\"caption-attachment-65019\" style=\"width: 300px\" class=\"wp-caption alignleft\"><img data-recalc-dims=\"1\" loading=\"lazy\" decoding=\"async\" class=\"wp-image-65019 size-medium\" src=\"https:\/\/i0.wp.com\/www.eltrabajo.cl\/portal\/wp-content\/uploads\/2015\/12\/Indigente1-300x198.jpg?resize=300%2C198\" alt=\"YA INSTALADOS.- Las c\u00e1maras de Diario El Trabajo registraron al grupo de indigentes instalados en el bandej\u00f3n de avenida Chacabuco, frente a licorera Pac\u00edfico. \u00bfCoincidencia?\" width=\"300\" height=\"198\" srcset=\"https:\/\/i0.wp.com\/eltrabajo.cl\/portal\/wp-content\/uploads\/2015\/12\/Indigente1.jpg?resize=300%2C198&amp;ssl=1 300w, https:\/\/i0.wp.com\/eltrabajo.cl\/portal\/wp-content\/uploads\/2015\/12\/Indigente1.jpg?resize=200%2C132&amp;ssl=1 200w, https:\/\/i0.wp.com\/eltrabajo.cl\/portal\/wp-content\/uploads\/2015\/12\/Indigente1.jpg?resize=227%2C150&amp;ssl=1 227w, https:\/\/i0.wp.com\/eltrabajo.cl\/portal\/wp-content\/uploads\/2015\/12\/Indigente1.jpg?resize=400%2C264&amp;ssl=1 400w, https:\/\/i0.wp.com\/eltrabajo.cl\/portal\/wp-content\/uploads\/2015\/12\/Indigente1.jpg?w=530&amp;ssl=1 530w\" sizes=\"auto, (max-width: 300px) 100vw, 300px\" \/><figcaption id=\"caption-attachment-65019\" class=\"wp-caption-text\">YA INSTALADOS.- Las c\u00e1maras de Diario El Trabajo registraron al grupo de indigentes instalados en el bandej\u00f3n de avenida Chacabuco, frente a licorera Pac\u00edfico. \u00bfCoincidencia?<\/figcaption><\/figure>\n<p>Son varios los vecinos del sector avenida Chacabuco, los que con temor a dar a conocer sus identidades por miedo a represalias, han interpuesto su queja en Diario El Trabajo para expresar su preocupaci\u00f3n por la presencia de sujetos ebrios en calidad de indigentes instalados en el bandej\u00f3n de esa avenida, defecando, orinando y hasta sosteniendo relaciones sexuales en la noche, quienes desde hace varias semanas est\u00e1n pernoctando en el lugar.<br \/>\nNuestro medio realiz\u00f3 un recorrido durante este fin de semana para confirmar las quejas. Efectivamente, nuestras c\u00e1maras detectaron la presencia de al menos unas seis personas ingiriendo bebidas alcoh\u00f3licas y algunos de ellos hasta con carpas y colchones plenamente instalados en el bandej\u00f3n, lo que hace cre\u00edble entonces los reclamos de los vecinos.<\/p>\n<p><strong>MANO AMIGA<\/strong><br \/>\nTambi\u00e9n esta ocupaci\u00f3n ilegal del bandej\u00f3n representa el haber perdido, para los sanfelipe\u00f1os, la libertad o tranquilidad de poder llevar a los ni\u00f1os a jugar en los juegos del Municipio, ya que estas personas han instalado sus carpas debajo de los juegos infantiles.<br \/>\nDiario El Trabajo habl\u00f3 directamente con el alcalde Patricio Freire sobre este tema, \u00abs\u00ed, ya estoy enterado de esta situaci\u00f3n, es por ello que a partir de este lunes estar\u00e9 ordenando una inspecci\u00f3n en ese bandej\u00f3n, los lugares p\u00fablicos que nuestra ciudad ha dispuesto, y los juegos infantiles en este caso, no son para dormir ni servir s\u00f3lo para unos, nuestra ciudad es para todas y para todos, por eso vamos a limpiar esa zona, pero tambi\u00e9n evaluaremos en qu\u00e9 condiciones est\u00e1n estas personas y de ser posible, tambi\u00e9n ofrecerles una mano amiga en esta Navidad, pues es necesario confirmar si son sanfelipe\u00f1os o de otras comunas\u00bb, coment\u00f3 el edil.<br \/>\nTambi\u00e9n el capit\u00e1n de Carabineros Alfredo Castillo, respondi\u00f3 a las preguntas de nuestro medio, \u00abcon respecto a la solicitud de los vecinos del sector Chacabuco, personal de Carabineros de la 2\u00aa Comisar\u00eda estamos haciendo regularmente controles de identidad a estas personas, para evitar que ocupen esos lugares p\u00fablicos, tambi\u00e9n el Municipio est\u00e1 coordinando creo yo estos casos, para valorar si se les brinda alg\u00fan tipo de ayuda social, es importante tambi\u00e9n, que los vecinos denuncien estas irregularidades para poder actuar r\u00e1pidamente\u00bb, dijo el uniformado.<br \/>\nNuestro medio estuvo observando el comportamiento de estos \u2018vecinos\u2019, y nuestra observaci\u00f3n nos demostr\u00f3 que algunos de estos indigentes compran su licor en la licorera Pac\u00edfico, y contradictoriamente fueron funcionarios de esta empresa quienes nos expresaron su malestar por la presencia de estas personas.<br \/>\nDiario El Trabajo habl\u00f3 sobre esta situaci\u00f3n con una de las encargadas de la licorera, pero nos respondi\u00f3, fuera de micr\u00f3fono, que \u201cno es mi problema lo que ellos hagan con el licor que les vendemos, esto est\u00e1 fuera de nuestro control\u201d.<br \/>\n<strong>Roberto Gonz\u00e1lez Short<\/strong><br \/>\n<strong>rgonzalez@eltrabajo.cl<\/strong><\/p>\n<div class=\"tiled-gallery type-rectangular tiled-gallery-unresized\" data-original-width=\"640\" data-carousel-extra='null' itemscope itemtype=\"http:\/\/schema.org\/ImageGallery\" > <div class=\"gallery-row\" style=\"width: 640px; height: 283px;\" data-original-width=\"640\" data-original-height=\"283\" > <div class=\"gallery-group images-1\" style=\"width: 428px; height: 283px;\" data-original-width=\"428\" data-original-height=\"283\" > <div class=\"tiled-gallery-item tiled-gallery-item-large\" itemprop=\"associatedMedia\" itemscope itemtype=\"http:\/\/schema.org\/ImageObject\"> <a href=\"https:\/\/eltrabajo.cl\/portal\/preocupa-instalacion-de-indigentes-en-bandejon-de-alameda-chacabuco\/indigentes33\/\" border=\"0\" itemprop=\"url\"> <meta itemprop=\"width\" content=\"424\"> <meta itemprop=\"height\" content=\"279\"> <img decoding=\"async\" class=\"\" data-attachment-id=\"65022\" data-orig-file=\"https:\/\/eltrabajo.cl\/portal\/wp-content\/uploads\/2015\/12\/Indigentes33.jpg\" data-orig-size=\"530,349\" data-comments-opened=\"1\" data-image-meta=\"{&quot;aperture&quot;:&quot;0&quot;,&quot;credit&quot;:&quot;&quot;,&quot;camera&quot;:&quot;&quot;,&quot;caption&quot;:&quot;&quot;,&quot;created_timestamp&quot;:&quot;0&quot;,&quot;copyright&quot;:&quot;&quot;,&quot;focal_length&quot;:&quot;0&quot;,&quot;iso&quot;:&quot;0&quot;,&quot;shutter_speed&quot;:&quot;0&quot;,&quot;title&quot;:&quot;&quot;,&quot;orientation&quot;:&quot;0&quot;}\" data-image-title=\"Indigentes33\" data-image-description=\"&lt;p&gt;\u00bfPROHIBIDO JUGAR?.- Esta carpa, instalada debajo de los juegos infantiles, respaldan nuestra denuncia.&lt;\/p&gt; \" data-medium-file=\"https:\/\/i0.wp.com\/eltrabajo.cl\/portal\/wp-content\/uploads\/2015\/12\/Indigentes33.jpg?fit=300%2C198&#038;ssl=1\" data-large-file=\"https:\/\/i0.wp.com\/eltrabajo.cl\/portal\/wp-content\/uploads\/2015\/12\/Indigentes33.jpg?fit=530%2C349&#038;ssl=1\" src=\"https:\/\/i0.wp.com\/eltrabajo.cl\/portal\/wp-content\/uploads\/2015\/12\/Indigentes33.jpg?w=424&#038;h=279&#038;ssl=1\" srcset=\"https:\/\/i0.wp.com\/eltrabajo.cl\/portal\/wp-content\/uploads\/2015\/12\/Indigentes33.jpg?w=530&amp;ssl=1 530w, https:\/\/i0.wp.com\/eltrabajo.cl\/portal\/wp-content\/uploads\/2015\/12\/Indigentes33.jpg?resize=200%2C132&amp;ssl=1 200w, https:\/\/i0.wp.com\/eltrabajo.cl\/portal\/wp-content\/uploads\/2015\/12\/Indigentes33.jpg?resize=300%2C198&amp;ssl=1 300w, https:\/\/i0.wp.com\/eltrabajo.cl\/portal\/wp-content\/uploads\/2015\/12\/Indigentes33.jpg?resize=228%2C150&amp;ssl=1 228w, https:\/\/i0.wp.com\/eltrabajo.cl\/portal\/wp-content\/uploads\/2015\/12\/Indigentes33.jpg?resize=400%2C263&amp;ssl=1 400w\" width=\"424\" height=\"279\" loading=\"lazy\" data-original-width=\"424\" data-original-height=\"279\" itemprop=\"http:\/\/schema.org\/image\" title=\"Indigentes33\" alt=\"\u00bfPROHIBIDO JUGAR?.- Esta carpa, instalada debajo de los juegos infantiles, respaldan nuestra denuncia.\" style=\"width: 424px; height: 279px;\" \/> <\/a> <div class=\"tiled-gallery-caption\" itemprop=\"caption description\"> \u00bfPROHIBIDO JUGAR?.- Esta carpa, instalada debajo de los juegos infantiles, respaldan nuestra denuncia. <\/div> <\/div> <\/div> <!-- close group --> <div class=\"gallery-group images-2\" style=\"width: 212px; height: 283px;\" data-original-width=\"212\" data-original-height=\"283\" > <div class=\"tiled-gallery-item tiled-gallery-item-small\" itemprop=\"associatedMedia\" itemscope itemtype=\"http:\/\/schema.org\/ImageObject\"> <a href=\"https:\/\/eltrabajo.cl\/portal\/preocupa-instalacion-de-indigentes-en-bandejon-de-alameda-chacabuco\/acoso33\/\" border=\"0\" itemprop=\"url\"> <meta itemprop=\"width\" content=\"208\"> <meta itemprop=\"height\" content=\"137\"> <img decoding=\"async\" class=\"\" data-attachment-id=\"65020\" data-orig-file=\"https:\/\/eltrabajo.cl\/portal\/wp-content\/uploads\/2015\/12\/Acoso33.jpg\" data-orig-size=\"530,349\" data-comments-opened=\"1\" data-image-meta=\"{&quot;aperture&quot;:&quot;0&quot;,&quot;credit&quot;:&quot;&quot;,&quot;camera&quot;:&quot;&quot;,&quot;caption&quot;:&quot;&quot;,&quot;created_timestamp&quot;:&quot;0&quot;,&quot;copyright&quot;:&quot;&quot;,&quot;focal_length&quot;:&quot;0&quot;,&quot;iso&quot;:&quot;0&quot;,&quot;shutter_speed&quot;:&quot;0&quot;,&quot;title&quot;:&quot;&quot;,&quot;orientation&quot;:&quot;0&quot;}\" data-image-title=\"Acoso33\" data-image-description=\"&lt;p&gt;COMPLEJA SITUACI\u00d3N.- Como se ve en esta gr\u00e1fica, los conductores deben tener paciencia con los ebrios e indigentes, pues se cuelgan de las ventanas para solicitar, a veces de malas formas, alguna moneda, reaccionando molestos cuando no se les da dinero.&lt;\/p&gt; \" data-medium-file=\"https:\/\/i0.wp.com\/eltrabajo.cl\/portal\/wp-content\/uploads\/2015\/12\/Acoso33.jpg?fit=300%2C198&#038;ssl=1\" data-large-file=\"https:\/\/i0.wp.com\/eltrabajo.cl\/portal\/wp-content\/uploads\/2015\/12\/Acoso33.jpg?fit=530%2C349&#038;ssl=1\" src=\"https:\/\/i0.wp.com\/eltrabajo.cl\/portal\/wp-content\/uploads\/2015\/12\/Acoso33.jpg?w=208&#038;h=137&#038;ssl=1\" srcset=\"https:\/\/i0.wp.com\/eltrabajo.cl\/portal\/wp-content\/uploads\/2015\/12\/Acoso33.jpg?w=530&amp;ssl=1 530w, https:\/\/i0.wp.com\/eltrabajo.cl\/portal\/wp-content\/uploads\/2015\/12\/Acoso33.jpg?resize=200%2C132&amp;ssl=1 200w, https:\/\/i0.wp.com\/eltrabajo.cl\/portal\/wp-content\/uploads\/2015\/12\/Acoso33.jpg?resize=300%2C198&amp;ssl=1 300w, https:\/\/i0.wp.com\/eltrabajo.cl\/portal\/wp-content\/uploads\/2015\/12\/Acoso33.jpg?resize=228%2C150&amp;ssl=1 228w, https:\/\/i0.wp.com\/eltrabajo.cl\/portal\/wp-content\/uploads\/2015\/12\/Acoso33.jpg?resize=400%2C263&amp;ssl=1 400w\" width=\"208\" height=\"137\" loading=\"lazy\" data-original-width=\"208\" data-original-height=\"137\" itemprop=\"http:\/\/schema.org\/image\" title=\"Acoso33\" alt=\"COMPLEJA SITUACI\u00d3N.- Como se ve en esta gr\u00e1fica, los conductores deben tener paciencia con los ebrios e indigentes, pues se cuelgan de las ventanas para solicitar, a veces de malas formas, alguna moneda, reaccionando molestos cuando no se les da dinero.\" style=\"width: 208px; height: 137px;\" \/> <\/a> <div class=\"tiled-gallery-caption\" itemprop=\"caption description\"> COMPLEJA SITUACI\u00d3N.- Como se ve en esta gr\u00e1fica, los conductores deben tener paciencia con los ebrios e indigentes, pues se cuelgan de las ventanas para solicitar, a veces de malas formas, alguna moneda, reaccionando molestos cuando no se les da dinero. <\/div> <\/div> <div class=\"tiled-gallery-item tiled-gallery-item-small\" itemprop=\"associatedMedia\" itemscope itemtype=\"http:\/\/schema.org\/ImageObject\"> <a href=\"https:\/\/eltrabajo.cl\/portal\/preocupa-instalacion-de-indigentes-en-bandejon-de-alameda-chacabuco\/castillo-6\/\" border=\"0\" itemprop=\"url\"> <meta itemprop=\"width\" content=\"208\"> <meta itemprop=\"height\" content=\"138\"> <img decoding=\"async\" class=\"\" data-attachment-id=\"65021\" data-orig-file=\"https:\/\/eltrabajo.cl\/portal\/wp-content\/uploads\/2015\/12\/Castillo.jpg\" data-orig-size=\"530,350\" data-comments-opened=\"1\" data-image-meta=\"{&quot;aperture&quot;:&quot;0&quot;,&quot;credit&quot;:&quot;&quot;,&quot;camera&quot;:&quot;&quot;,&quot;caption&quot;:&quot;&quot;,&quot;created_timestamp&quot;:&quot;0&quot;,&quot;copyright&quot;:&quot;&quot;,&quot;focal_length&quot;:&quot;0&quot;,&quot;iso&quot;:&quot;0&quot;,&quot;shutter_speed&quot;:&quot;0&quot;,&quot;title&quot;:&quot;&quot;,&quot;orientation&quot;:&quot;0&quot;}\" data-image-title=\"Castillo\" data-image-description=\"&lt;p&gt;Capit\u00e1n de Carabineros, Alfredo Castillo.&lt;\/p&gt; \" data-medium-file=\"https:\/\/i0.wp.com\/eltrabajo.cl\/portal\/wp-content\/uploads\/2015\/12\/Castillo.jpg?fit=300%2C198&#038;ssl=1\" data-large-file=\"https:\/\/i0.wp.com\/eltrabajo.cl\/portal\/wp-content\/uploads\/2015\/12\/Castillo.jpg?fit=530%2C350&#038;ssl=1\" src=\"https:\/\/i0.wp.com\/eltrabajo.cl\/portal\/wp-content\/uploads\/2015\/12\/Castillo.jpg?w=208&#038;h=138&#038;ssl=1\" srcset=\"https:\/\/i0.wp.com\/eltrabajo.cl\/portal\/wp-content\/uploads\/2015\/12\/Castillo.jpg?w=530&amp;ssl=1 530w, https:\/\/i0.wp.com\/eltrabajo.cl\/portal\/wp-content\/uploads\/2015\/12\/Castillo.jpg?resize=200%2C132&amp;ssl=1 200w, https:\/\/i0.wp.com\/eltrabajo.cl\/portal\/wp-content\/uploads\/2015\/12\/Castillo.jpg?resize=300%2C198&amp;ssl=1 300w, https:\/\/i0.wp.com\/eltrabajo.cl\/portal\/wp-content\/uploads\/2015\/12\/Castillo.jpg?resize=227%2C150&amp;ssl=1 227w, https:\/\/i0.wp.com\/eltrabajo.cl\/portal\/wp-content\/uploads\/2015\/12\/Castillo.jpg?resize=400%2C264&amp;ssl=1 400w\" width=\"208\" height=\"138\" loading=\"lazy\" data-original-width=\"208\" data-original-height=\"138\" itemprop=\"http:\/\/schema.org\/image\" title=\"Castillo\" alt=\"Capit\u00e1n de Carabineros, Alfredo Castillo.\" style=\"width: 208px; height: 138px;\" \/> <\/a> <div class=\"tiled-gallery-caption\" itemprop=\"caption description\"> Capit\u00e1n de Carabineros, Alfredo Castillo. <\/div> <\/div> <\/div> <!-- close group --> <\/div> <!-- close row --> <\/div>\n","protected":false},"excerpt":{"rendered":"<p>Son varios los vecinos del sector avenida Chacabuco, los que con temor a dar a conocer sus identidades por miedo a represalias, han interpuesto su queja en Diario El Trabajo para expresar&#8230;<\/p>\n","protected":false},"author":482,"featured_media":65019,"comment_status":"open","ping_status":"open","sticky":false,"template":"","format":"standard","meta":{"advanced_seo_description":"","jetpack_seo_html_title":"","jetpack_seo_noindex":false,"_jetpack_memberships_contains_paid_content":false,"footnotes":""},"categories":[15],"tags":[],"class_list":["post-65018","post","type-post","status-publish","format-standard","has-post-thumbnail","hentry","category-comunidad"],"jetpack_featured_media_url":"https:\/\/i0.wp.com\/eltrabajo.cl\/portal\/wp-content\/uploads\/2015\/12\/Indigente1.jpg?fit=530%2C350&ssl=1","jetpack_sharing_enabled":true,"jetpack_likes_enabled":true,"jetpack-related-posts":[],"_links":{"self":[{"href":"https:\/\/eltrabajo.cl\/portal\/wp-json\/wp\/v2\/posts\/65018","targetHints":{"allow":["GET"]}}],"collection":[{"href":"https:\/\/eltrabajo.cl\/portal\/wp-json\/wp\/v2\/posts"}],"about":[{"href":"https:\/\/eltrabajo.cl\/portal\/wp-json\/wp\/v2\/types\/post"}],"author":[{"embeddable":true,"href":"https:\/\/eltrabajo.cl\/portal\/wp-json\/wp\/v2\/users\/482"}],"replies":[{"embeddable":true,"href":"https:\/\/eltrabajo.cl\/portal\/wp-json\/wp\/v2\/comments?post=65018"}],"version-history":[{"count":0,"href":"https:\/\/eltrabajo.cl\/portal\/wp-json\/wp\/v2\/posts\/65018\/revisions"}],"wp:featuredmedia":[{"embeddable":true,"href":"https:\/\/eltrabajo.cl\/portal\/wp-json\/wp\/v2\/media\/65019"}],"wp:attachment":[{"href":"https:\/\/eltrabajo.cl\/portal\/wp-json\/wp\/v2\/media?parent=65018"}],"wp:term":[{"taxonomy":"category","embeddable":true,"href":"https:\/\/eltrabajo.cl\/portal\/wp-json\/wp\/v2\/categories?post=65018"},{"taxonomy":"post_tag","embeddable":true,"href":"https:\/\/eltrabajo.cl\/portal\/wp-json\/wp\/v2\/tags?post=65018"}],"curies":[{"name":"wp","href":"https:\/\/api.w.org\/{rel}","templated":true}]}}