{"id":65029,"date":"2015-12-22T14:25:58","date_gmt":"2015-12-22T17:25:58","guid":{"rendered":"http:\/\/www.eltrabajo.cl\/portal\/?p=65029"},"modified":"2015-12-22T14:25:58","modified_gmt":"2015-12-22T17:25:58","slug":"certifican-a-cuatro-profesoras-para-impartir-educacion-fisica","status":"publish","type":"post","link":"https:\/\/eltrabajo.cl\/portal\/certifican-a-cuatro-profesoras-para-impartir-educacion-fisica\/","title":{"rendered":"Certifican a cuatro profesoras para impartir Educaci\u00f3n F\u00edsica"},"content":{"rendered":"<figure id=\"attachment_65030\" aria-describedby=\"caption-attachment-65030\" style=\"width: 300px\" class=\"wp-caption alignleft\"><img data-recalc-dims=\"1\" loading=\"lazy\" decoding=\"async\" class=\"wp-image-65030 size-medium\" src=\"https:\/\/i0.wp.com\/www.eltrabajo.cl\/portal\/wp-content\/uploads\/2015\/12\/Profes1-300x198.jpg?resize=300%2C198\" alt=\"BIEN HECHO.- El alcalde Claudio Zurita felicit\u00f3 a las docentes por esta iniciativa, \u00fanica en Aconcagua, por la asistencia y el esfuerzo desplegado durante el a\u00f1o 2015.\" width=\"300\" height=\"198\" srcset=\"https:\/\/i0.wp.com\/eltrabajo.cl\/portal\/wp-content\/uploads\/2015\/12\/Profes1.jpg?resize=300%2C198&amp;ssl=1 300w, https:\/\/i0.wp.com\/eltrabajo.cl\/portal\/wp-content\/uploads\/2015\/12\/Profes1.jpg?resize=200%2C132&amp;ssl=1 200w, https:\/\/i0.wp.com\/eltrabajo.cl\/portal\/wp-content\/uploads\/2015\/12\/Profes1.jpg?resize=227%2C150&amp;ssl=1 227w, https:\/\/i0.wp.com\/eltrabajo.cl\/portal\/wp-content\/uploads\/2015\/12\/Profes1.jpg?resize=400%2C264&amp;ssl=1 400w, https:\/\/i0.wp.com\/eltrabajo.cl\/portal\/wp-content\/uploads\/2015\/12\/Profes1.jpg?w=530&amp;ssl=1 530w\" sizes=\"auto, (max-width: 300px) 100vw, 300px\" \/><figcaption id=\"caption-attachment-65030\" class=\"wp-caption-text\">BIEN HECHO.- El alcalde Claudio Zurita felicit\u00f3 a las docentes por esta iniciativa, \u00fanica en Aconcagua, por la asistencia y el esfuerzo desplegado durante el a\u00f1o 2015.<\/figcaption><\/figure>\n<p>Recientemente en el Sal\u00f3n Municipal de Santa Mar\u00eda, se hizo entrega de certificados de Perfeccionamiento a cuatro docentes de la comuna, curso impartido y financiado por el Centro de Perfeccionamiento e Investigaciones Pedag\u00f3gicas (CPEIP) y el Ministerio de Educaci\u00f3n \u2018Desaf\u00edos metodol\u00f3gicos, en el \u00e1rea de la Educaci\u00f3n F\u00edsica y Salud\u2019.<br \/>\nCuatro profesoras accedieron en forma voluntaria a este proyecto, el cual fue gestionado e impartido por la profesora integrante de la Red Maestros de Maestros, profesora de Educaci\u00f3n F\u00edsica Solange Rodr\u00edguez.<\/p>\n<figure id=\"attachment_65031\" aria-describedby=\"caption-attachment-65031\" style=\"width: 300px\" class=\"wp-caption alignright\"><img data-recalc-dims=\"1\" loading=\"lazy\" decoding=\"async\" class=\"wp-image-65031 size-medium\" src=\"https:\/\/i0.wp.com\/www.eltrabajo.cl\/portal\/wp-content\/uploads\/2015\/12\/Profes2-300x198.jpg?resize=300%2C198\" alt=\"BIEN CAPACITADAS.- Cuatro profesoras accedieron en forma voluntaria a este proyecto, el cual fue gestionado e impartido por la profesora integrante de la Red Maestros de Maestros, profesora de Educaci\u00f3n F\u00edsica Solange Rodr\u00edguez.\" width=\"300\" height=\"198\" srcset=\"https:\/\/i0.wp.com\/eltrabajo.cl\/portal\/wp-content\/uploads\/2015\/12\/Profes2.jpg?resize=300%2C198&amp;ssl=1 300w, https:\/\/i0.wp.com\/eltrabajo.cl\/portal\/wp-content\/uploads\/2015\/12\/Profes2.jpg?resize=200%2C132&amp;ssl=1 200w, https:\/\/i0.wp.com\/eltrabajo.cl\/portal\/wp-content\/uploads\/2015\/12\/Profes2.jpg?resize=227%2C150&amp;ssl=1 227w, https:\/\/i0.wp.com\/eltrabajo.cl\/portal\/wp-content\/uploads\/2015\/12\/Profes2.jpg?resize=400%2C264&amp;ssl=1 400w, https:\/\/i0.wp.com\/eltrabajo.cl\/portal\/wp-content\/uploads\/2015\/12\/Profes2.jpg?w=530&amp;ssl=1 530w\" sizes=\"auto, (max-width: 300px) 100vw, 300px\" \/><figcaption id=\"caption-attachment-65031\" class=\"wp-caption-text\">BIEN CAPACITADAS.- Cuatro profesoras accedieron en forma voluntaria a este proyecto, el cual fue gestionado e impartido por la profesora integrante de la Red Maestros de Maestros, profesora de Educaci\u00f3n F\u00edsica Solange Rodr\u00edguez.<\/figcaption><\/figure>\n<p>De Educaci\u00f3n Parvularia: Karem Alarc\u00f3n Castro, Cecilia Hurtado Sa\u00e1 y Profesoras de Educaci\u00f3n General B\u00e1sica: Jasna Oyanedel Silva y Elizabeth L\u00f3pez Le\u00f3n.<br \/>\nDe 2.000 proyectos presentados, s\u00f3lo quedaron 54, siendo solamente dos correspondientes a la Quinta Regi\u00f3n. Las profesoras al finalizar esta capacitaci\u00f3n, correspondiente a 160 horas de clases, est\u00e1n ahora capacitadas para ejercer la asignatura de Educaci\u00f3n F\u00edsica y Salud de Pre-K\u00ednder a 8\u00b0 A\u00f1o B\u00e1sico.<br \/>\nEl alcalde Claudio Zurita felicit\u00f3 a las docentes por esta iniciativa, \u00fanica en Aconcagua, por la asistencia y el esfuerzo desplegado durante el a\u00f1o 2015, porque el perfeccionamiento es inherente a cada profesor para mejorar sus pr\u00e1cticas pedag\u00f3gicas y los beneficiados en forma directa son los propios alumnos. El edil hizo entrega adem\u00e1s a las profesoras de una medalla en reconocimiento y cumplimiento de los requisitos exigidos, junto a sus respectivos directores de los colegios Dar\u00edo Salas y Mar\u00eda Esp\u00ednola de San Fernando.<\/p>\n","protected":false},"excerpt":{"rendered":"<p>Recientemente en el Sal\u00f3n Municipal de Santa Mar\u00eda, se hizo entrega de certificados de Perfeccionamiento a cuatro docentes de la comuna, curso impartido y financiado por el Centro de Perfeccionamiento e Investigaciones&#8230;<\/p>\n","protected":false},"author":482,"featured_media":65030,"comment_status":"open","ping_status":"open","sticky":false,"template":"","format":"standard","meta":{"advanced_seo_description":"","jetpack_seo_html_title":"","jetpack_seo_noindex":false,"_jetpack_memberships_contains_paid_content":false,"footnotes":""},"categories":[15],"tags":[],"class_list":["post-65029","post","type-post","status-publish","format-standard","has-post-thumbnail","hentry","category-comunidad"],"jetpack_featured_media_url":"https:\/\/i0.wp.com\/eltrabajo.cl\/portal\/wp-content\/uploads\/2015\/12\/Profes1.jpg?fit=530%2C350&ssl=1","jetpack_sharing_enabled":true,"jetpack_likes_enabled":true,"jetpack-related-posts":[],"_links":{"self":[{"href":"https:\/\/eltrabajo.cl\/portal\/wp-json\/wp\/v2\/posts\/65029","targetHints":{"allow":["GET"]}}],"collection":[{"href":"https:\/\/eltrabajo.cl\/portal\/wp-json\/wp\/v2\/posts"}],"about":[{"href":"https:\/\/eltrabajo.cl\/portal\/wp-json\/wp\/v2\/types\/post"}],"author":[{"embeddable":true,"href":"https:\/\/eltrabajo.cl\/portal\/wp-json\/wp\/v2\/users\/482"}],"replies":[{"embeddable":true,"href":"https:\/\/eltrabajo.cl\/portal\/wp-json\/wp\/v2\/comments?post=65029"}],"version-history":[{"count":0,"href":"https:\/\/eltrabajo.cl\/portal\/wp-json\/wp\/v2\/posts\/65029\/revisions"}],"wp:featuredmedia":[{"embeddable":true,"href":"https:\/\/eltrabajo.cl\/portal\/wp-json\/wp\/v2\/media\/65030"}],"wp:attachment":[{"href":"https:\/\/eltrabajo.cl\/portal\/wp-json\/wp\/v2\/media?parent=65029"}],"wp:term":[{"taxonomy":"category","embeddable":true,"href":"https:\/\/eltrabajo.cl\/portal\/wp-json\/wp\/v2\/categories?post=65029"},{"taxonomy":"post_tag","embeddable":true,"href":"https:\/\/eltrabajo.cl\/portal\/wp-json\/wp\/v2\/tags?post=65029"}],"curies":[{"name":"wp","href":"https:\/\/api.w.org\/{rel}","templated":true}]}}