{"id":65033,"date":"2015-12-22T14:30:57","date_gmt":"2015-12-22T17:30:57","guid":{"rendered":"http:\/\/www.eltrabajo.cl\/portal\/?p=65033"},"modified":"2015-12-22T14:43:44","modified_gmt":"2015-12-22T17:43:44","slug":"autoridad-local-realiza-llamado-a-cumplir-con-el-uso-del-chaleco-reflectante","status":"publish","type":"post","link":"https:\/\/eltrabajo.cl\/portal\/autoridad-local-realiza-llamado-a-cumplir-con-el-uso-del-chaleco-reflectante\/","title":{"rendered":"Autoridad local realiza llamado a cumplir con el uso del chaleco reflectante"},"content":{"rendered":"<figure id=\"attachment_65034\" aria-describedby=\"caption-attachment-65034\" style=\"width: 300px\" class=\"wp-caption alignleft\"><img data-recalc-dims=\"1\" loading=\"lazy\" decoding=\"async\" class=\"wp-image-65034 size-medium\" src=\"https:\/\/i0.wp.com\/www.eltrabajo.cl\/portal\/wp-content\/uploads\/2015\/12\/FOTO-4--300x198.jpg?resize=300%2C198\" alt=\"Gobernador Le\u00f3n junto a Carabineros mostrando las caracter\u00edsticas del dise\u00f1o del chaleco reflectante, cuyo porte pasa a ser obligatorio al interior de los veh\u00edculos a partir del 1 de enero de 2016.\" width=\"300\" height=\"198\" srcset=\"https:\/\/i0.wp.com\/eltrabajo.cl\/portal\/wp-content\/uploads\/2015\/12\/FOTO-4-.jpg?resize=300%2C198&amp;ssl=1 300w, https:\/\/i0.wp.com\/eltrabajo.cl\/portal\/wp-content\/uploads\/2015\/12\/FOTO-4-.jpg?resize=200%2C132&amp;ssl=1 200w, https:\/\/i0.wp.com\/eltrabajo.cl\/portal\/wp-content\/uploads\/2015\/12\/FOTO-4-.jpg?resize=228%2C150&amp;ssl=1 228w, https:\/\/i0.wp.com\/eltrabajo.cl\/portal\/wp-content\/uploads\/2015\/12\/FOTO-4-.jpg?resize=400%2C263&amp;ssl=1 400w, https:\/\/i0.wp.com\/eltrabajo.cl\/portal\/wp-content\/uploads\/2015\/12\/FOTO-4-.jpg?w=530&amp;ssl=1 530w\" sizes=\"auto, (max-width: 300px) 100vw, 300px\" \/><figcaption id=\"caption-attachment-65034\" class=\"wp-caption-text\">Gobernador Le\u00f3n junto a Carabineros mostrando las caracter\u00edsticas del dise\u00f1o del chaleco reflectante, cuyo porte pasa a ser obligatorio al interior de los veh\u00edculos a partir del 1 de enero de 2016.<\/figcaption><\/figure>\n<ul>\n<li><strong>La recomendaci\u00f3n de Carabineros apunta a tener al menos 2 dentro del veh\u00edculo, puesto que, independiente de las circunstancias, las personas que bajen del auto deben trae puesta la prenda fluorescente.<\/strong><\/li>\n<\/ul>\n<p>Con el objetivo de aumentar las medidas de seguridad y disminuir los accidentes en la ruta, el pr\u00f3ximo viernes 1 de enero comienza a regir en todos el pa\u00eds, la modificaci\u00f3n al decreto 22 art\u00edculo 17, numeral 2 de la ley de tr\u00e1nsito, el cual exige a los conductores portar un chaleco reflectante dentro del kit de seguridad del m\u00f3vil.<br \/>\nEn este contexto, el gobernador provincial Eduardo Le\u00f3n, junto al Prefecto de Carabineros de Aconcagua, el Coronel Marcelo Dur\u00e1n y al Jefe de la Siat San Felipe, Capit\u00e1n Francisco Carre\u00f1o Miranda, hicieron un llamado a los conductores del Valle a cumplir con esta normativa y de esta forma contribuir con la seguridad vial y prevenir alg\u00fan tipo de accidente relacionado con la poca visibilidad de personas que transitan por la ruta.<br \/>\nFue el Capit\u00e1n Carre\u00f1o quien se encarg\u00f3 de mencionar ciertas caracter\u00edsticas puntuales que deben tomar en consideraci\u00f3n los automovilistas, describiendo que \u201ctienen que tener claro que el chaleco debe ser color amarillo, hay muchos que han consultado y han comprado de color naranjo, pero ese no sirve, deben ser amarillos con 2 huinchas reflectantes horizontales a la altura del est\u00f3mago y en la parte trasera, de la espalda, debe tener unas huinchas cruzadas y a la altura del pecho dos huinchas de forma perpendicular que bajan desde los hombros hacia las horizontales\u201d, detall\u00f3<br \/>\nEn relaci\u00f3n a d\u00f3nde es que debe portarse el chaleco en cuesti\u00f3n, Carre\u00f1o advirti\u00f3 que \u201cdebe tenerse al interior del veh\u00edculo, espec\u00edficamente d\u00f3nde, no lo nombra el decreto, s\u00f3lo dice que tiene que estar a la mano, porque se debe utilizar tanto de d\u00eda como de noche, al igual que las luces, el chaleco reflectante se debe usar en cualquier horario\u201d, se\u00f1al\u00f3.<br \/>\nEl Capit\u00e1n, se refiri\u00f3 tambi\u00e9n a cu\u00e1les son los sectores en donde el uso del chaleco se torna obligatorio e indic\u00f3 que \u201cse debe usar en todos lados, en la ruta, caminos interurbanos, en cualquier calzada que una un punto y otro, la idea es que aumenten las medidas preventivas\u201d, apunt\u00f3.<br \/>\nPara el gobernador de la Provincia de San Felipe, Eduardo Le\u00f3n es sumamente importante en la zona de Aconcagua contar con este elemento de seguridad, debido a la enorme cantidad de caminos interurbanos existentes, de los cuales, muchos de ellos que no presentan la iluminaci\u00f3n adecuada. Ante esto Le\u00f3n agreg\u00f3 que \u201cefectivamente las estad\u00edsticas dicen que se generan muchos accidentes por atropellos a conductores que est\u00e1n en panne a la orilla del camino y no han sido vistos. Esta medida va permitir prever esto\u2026 muchos de nuestros caminos, son comunales que no tienen espacios a veredas, tambi\u00e9n hay muchos ciclistas, as\u00ed que lo ideal es que el chaleco sea utilizado por peatones y ciclistas tambi\u00e9n\u201d, sostuvo.<br \/>\nDefiniendo cu\u00e1ntos son los chalecos que deben portarse al interior del veh\u00edculo, el Prefecto Dur\u00e1n puntualiz\u00f3 que \u201ceste requisito no es s\u00f3lo para el conductor sino que tambi\u00e9n para el o los acompa\u00f1antes, en caso que tengan que bajar del veh\u00edculo por un pinchazo, porque tenga que desplazarse a la berma o por una necesidad propia de los ocupantes del veh\u00edculo, tienen que utilizarlo\u2026 idealmente es poseer 2 porque generalmente el conductor no se baja solo, por las mismas circunstancias, las personas que desciendan del veh\u00edculo deben hacerlo con su chaleco\u201d, enfatiz\u00f3.<br \/>\nLos conductores que no cumplan con esta normativa ser\u00e1n sancionados con una falta de car\u00e1cter leve, debiendo llegar a cancelar una multa de hasta 0.5 UTM, monto que se aproxima a los 23 mil pesos.<\/p>\n<div class=\"tiled-gallery type-rectangular tiled-gallery-unresized\" data-original-width=\"640\" data-carousel-extra='null' itemscope itemtype=\"http:\/\/schema.org\/ImageGallery\" > <div class=\"gallery-row\" style=\"width: 640px; height: 282px;\" data-original-width=\"640\" data-original-height=\"282\" > <div class=\"gallery-group images-1\" style=\"width: 428px; height: 282px;\" data-original-width=\"428\" data-original-height=\"282\" > <div class=\"tiled-gallery-item tiled-gallery-item-large\" itemprop=\"associatedMedia\" itemscope itemtype=\"http:\/\/schema.org\/ImageObject\"> <a href=\"https:\/\/eltrabajo.cl\/portal\/autoridad-local-realiza-llamado-a-cumplir-con-el-uso-del-chaleco-reflectante\/foto-1-gobernador-de-la-provincia-de-san-felipe-eduardo-leon\/\" border=\"0\" itemprop=\"url\"> <meta itemprop=\"width\" content=\"424\"> <meta itemprop=\"height\" content=\"278\"> <img decoding=\"async\" class=\"\" data-attachment-id=\"65035\" data-orig-file=\"https:\/\/eltrabajo.cl\/portal\/wp-content\/uploads\/2015\/12\/FOTO-1-GOBERNADOR-DE-LA-PROVINCIA-DE-SAN-FELIPE-EDUARDO-LEON.jpg\" data-orig-size=\"530,348\" data-comments-opened=\"1\" data-image-meta=\"{&quot;aperture&quot;:&quot;0&quot;,&quot;credit&quot;:&quot;&quot;,&quot;camera&quot;:&quot;&quot;,&quot;caption&quot;:&quot;&quot;,&quot;created_timestamp&quot;:&quot;0&quot;,&quot;copyright&quot;:&quot;Copyright 2012&quot;,&quot;focal_length&quot;:&quot;0&quot;,&quot;iso&quot;:&quot;0&quot;,&quot;shutter_speed&quot;:&quot;0&quot;,&quot;title&quot;:&quot;&quot;,&quot;orientation&quot;:&quot;0&quot;}\" data-image-title=\"FOTO 1 GOBERNADOR DE LA PROVINCIA DE SAN FELIPE EDUARDO LEON\" data-image-description=\"&lt;p&gt;Gobernador de la provincia de San Felipe Eduardo Le\u00f3n&lt;\/p&gt; \" data-medium-file=\"https:\/\/i0.wp.com\/eltrabajo.cl\/portal\/wp-content\/uploads\/2015\/12\/FOTO-1-GOBERNADOR-DE-LA-PROVINCIA-DE-SAN-FELIPE-EDUARDO-LEON.jpg?fit=300%2C197&#038;ssl=1\" data-large-file=\"https:\/\/i0.wp.com\/eltrabajo.cl\/portal\/wp-content\/uploads\/2015\/12\/FOTO-1-GOBERNADOR-DE-LA-PROVINCIA-DE-SAN-FELIPE-EDUARDO-LEON.jpg?fit=530%2C348&#038;ssl=1\" src=\"https:\/\/i0.wp.com\/eltrabajo.cl\/portal\/wp-content\/uploads\/2015\/12\/FOTO-1-GOBERNADOR-DE-LA-PROVINCIA-DE-SAN-FELIPE-EDUARDO-LEON.jpg?w=424&#038;h=278&#038;ssl=1\" srcset=\"https:\/\/i0.wp.com\/eltrabajo.cl\/portal\/wp-content\/uploads\/2015\/12\/FOTO-1-GOBERNADOR-DE-LA-PROVINCIA-DE-SAN-FELIPE-EDUARDO-LEON.jpg?w=530&amp;ssl=1 530w, https:\/\/i0.wp.com\/eltrabajo.cl\/portal\/wp-content\/uploads\/2015\/12\/FOTO-1-GOBERNADOR-DE-LA-PROVINCIA-DE-SAN-FELIPE-EDUARDO-LEON.jpg?resize=200%2C131&amp;ssl=1 200w, https:\/\/i0.wp.com\/eltrabajo.cl\/portal\/wp-content\/uploads\/2015\/12\/FOTO-1-GOBERNADOR-DE-LA-PROVINCIA-DE-SAN-FELIPE-EDUARDO-LEON.jpg?resize=300%2C197&amp;ssl=1 300w, https:\/\/i0.wp.com\/eltrabajo.cl\/portal\/wp-content\/uploads\/2015\/12\/FOTO-1-GOBERNADOR-DE-LA-PROVINCIA-DE-SAN-FELIPE-EDUARDO-LEON.jpg?resize=228%2C150&amp;ssl=1 228w, https:\/\/i0.wp.com\/eltrabajo.cl\/portal\/wp-content\/uploads\/2015\/12\/FOTO-1-GOBERNADOR-DE-LA-PROVINCIA-DE-SAN-FELIPE-EDUARDO-LEON.jpg?resize=400%2C263&amp;ssl=1 400w\" width=\"424\" height=\"278\" loading=\"lazy\" data-original-width=\"424\" data-original-height=\"278\" itemprop=\"http:\/\/schema.org\/image\" title=\"FOTO 1 GOBERNADOR DE LA PROVINCIA DE SAN FELIPE EDUARDO LEON\" alt=\"Gobernador de la provincia de San Felipe Eduardo Le\u00f3n\" style=\"width: 424px; height: 278px;\" \/> <\/a> <div class=\"tiled-gallery-caption\" itemprop=\"caption description\"> Gobernador de la provincia de San Felipe Eduardo Le\u00f3n <\/div> <\/div> <\/div> <!-- close group --> <div class=\"gallery-group images-2\" style=\"width: 212px; height: 282px;\" data-original-width=\"212\" data-original-height=\"282\" > <div class=\"tiled-gallery-item tiled-gallery-item-small\" itemprop=\"associatedMedia\" itemscope itemtype=\"http:\/\/schema.org\/ImageObject\"> <a href=\"https:\/\/eltrabajo.cl\/portal\/autoridad-local-realiza-llamado-a-cumplir-con-el-uso-del-chaleco-reflectante\/foto-2-prefecto-de-carabineros-de-aconcagua-el-coronel-marcelo-duran\/\" border=\"0\" itemprop=\"url\"> <meta itemprop=\"width\" content=\"208\"> <meta itemprop=\"height\" content=\"137\"> <img decoding=\"async\" class=\"\" data-attachment-id=\"65036\" data-orig-file=\"https:\/\/eltrabajo.cl\/portal\/wp-content\/uploads\/2015\/12\/FOTO-2-Prefecto-de-Carabineros-de-Aconcagua-el-Coronel-Marcelo-Duran.jpg\" data-orig-size=\"530,350\" data-comments-opened=\"1\" data-image-meta=\"{&quot;aperture&quot;:&quot;0&quot;,&quot;credit&quot;:&quot;&quot;,&quot;camera&quot;:&quot;&quot;,&quot;caption&quot;:&quot;&quot;,&quot;created_timestamp&quot;:&quot;0&quot;,&quot;copyright&quot;:&quot;Copyright 2012&quot;,&quot;focal_length&quot;:&quot;0&quot;,&quot;iso&quot;:&quot;0&quot;,&quot;shutter_speed&quot;:&quot;0&quot;,&quot;title&quot;:&quot;&quot;,&quot;orientation&quot;:&quot;0&quot;}\" data-image-title=\"FOTO 2 Prefecto de Carabineros de Aconcagua el Coronel Marcelo Duran\" data-image-description=\"&lt;p&gt;Prefecto de Carabineros de Aconcagua, el Coronel Marcelo Dur\u00e1n&lt;\/p&gt; \" data-medium-file=\"https:\/\/i0.wp.com\/eltrabajo.cl\/portal\/wp-content\/uploads\/2015\/12\/FOTO-2-Prefecto-de-Carabineros-de-Aconcagua-el-Coronel-Marcelo-Duran.jpg?fit=300%2C198&#038;ssl=1\" data-large-file=\"https:\/\/i0.wp.com\/eltrabajo.cl\/portal\/wp-content\/uploads\/2015\/12\/FOTO-2-Prefecto-de-Carabineros-de-Aconcagua-el-Coronel-Marcelo-Duran.jpg?fit=530%2C350&#038;ssl=1\" src=\"https:\/\/i0.wp.com\/eltrabajo.cl\/portal\/wp-content\/uploads\/2015\/12\/FOTO-2-Prefecto-de-Carabineros-de-Aconcagua-el-Coronel-Marcelo-Duran.jpg?w=208&#038;h=137&#038;ssl=1\" srcset=\"https:\/\/i0.wp.com\/eltrabajo.cl\/portal\/wp-content\/uploads\/2015\/12\/FOTO-2-Prefecto-de-Carabineros-de-Aconcagua-el-Coronel-Marcelo-Duran.jpg?w=530&amp;ssl=1 530w, https:\/\/i0.wp.com\/eltrabajo.cl\/portal\/wp-content\/uploads\/2015\/12\/FOTO-2-Prefecto-de-Carabineros-de-Aconcagua-el-Coronel-Marcelo-Duran.jpg?resize=200%2C132&amp;ssl=1 200w, https:\/\/i0.wp.com\/eltrabajo.cl\/portal\/wp-content\/uploads\/2015\/12\/FOTO-2-Prefecto-de-Carabineros-de-Aconcagua-el-Coronel-Marcelo-Duran.jpg?resize=300%2C198&amp;ssl=1 300w, https:\/\/i0.wp.com\/eltrabajo.cl\/portal\/wp-content\/uploads\/2015\/12\/FOTO-2-Prefecto-de-Carabineros-de-Aconcagua-el-Coronel-Marcelo-Duran.jpg?resize=227%2C150&amp;ssl=1 227w, https:\/\/i0.wp.com\/eltrabajo.cl\/portal\/wp-content\/uploads\/2015\/12\/FOTO-2-Prefecto-de-Carabineros-de-Aconcagua-el-Coronel-Marcelo-Duran.jpg?resize=400%2C264&amp;ssl=1 400w\" width=\"208\" height=\"137\" loading=\"lazy\" data-original-width=\"208\" data-original-height=\"137\" itemprop=\"http:\/\/schema.org\/image\" title=\"FOTO 2 Prefecto de Carabineros de Aconcagua el Coronel Marcelo Duran\" alt=\"Prefecto de Carabineros de Aconcagua, el Coronel Marcelo Dur\u00e1n\" style=\"width: 208px; height: 137px;\" \/> <\/a> <div class=\"tiled-gallery-caption\" itemprop=\"caption description\"> Prefecto de Carabineros de Aconcagua, el Coronel Marcelo Dur\u00e1n <\/div> <\/div> <div class=\"tiled-gallery-item tiled-gallery-item-small\" itemprop=\"associatedMedia\" itemscope itemtype=\"http:\/\/schema.org\/ImageObject\"> <a href=\"https:\/\/eltrabajo.cl\/portal\/autoridad-local-realiza-llamado-a-cumplir-con-el-uso-del-chaleco-reflectante\/foto-3-jefe-de-la-siat-san-felipe-capitan-francisco-carreno-miranda\/\" border=\"0\" itemprop=\"url\"> <meta itemprop=\"width\" content=\"208\"> <meta itemprop=\"height\" content=\"137\"> <img decoding=\"async\" class=\"\" data-attachment-id=\"65037\" data-orig-file=\"https:\/\/eltrabajo.cl\/portal\/wp-content\/uploads\/2015\/12\/FOTO-3-Jefe-de-la-SIAT-San-Felipe-Capitan-Francisco-Carreno-Miranda.jpg\" data-orig-size=\"530,348\" data-comments-opened=\"1\" data-image-meta=\"{&quot;aperture&quot;:&quot;0&quot;,&quot;credit&quot;:&quot;&quot;,&quot;camera&quot;:&quot;&quot;,&quot;caption&quot;:&quot;&quot;,&quot;created_timestamp&quot;:&quot;0&quot;,&quot;copyright&quot;:&quot;Copyright 2012&quot;,&quot;focal_length&quot;:&quot;0&quot;,&quot;iso&quot;:&quot;0&quot;,&quot;shutter_speed&quot;:&quot;0&quot;,&quot;title&quot;:&quot;&quot;,&quot;orientation&quot;:&quot;0&quot;}\" data-image-title=\"FOTO 3 Jefe de la SIAT San Felipe Capitan Francisco Carreno Miranda\" data-image-description=\"&lt;p&gt;Jefe de la SIAT San Felipe, Capit\u00e1n Francisco Carre\u00f1o Miranda&lt;\/p&gt; \" data-medium-file=\"https:\/\/i0.wp.com\/eltrabajo.cl\/portal\/wp-content\/uploads\/2015\/12\/FOTO-3-Jefe-de-la-SIAT-San-Felipe-Capitan-Francisco-Carreno-Miranda.jpg?fit=300%2C197&#038;ssl=1\" data-large-file=\"https:\/\/i0.wp.com\/eltrabajo.cl\/portal\/wp-content\/uploads\/2015\/12\/FOTO-3-Jefe-de-la-SIAT-San-Felipe-Capitan-Francisco-Carreno-Miranda.jpg?fit=530%2C348&#038;ssl=1\" src=\"https:\/\/i0.wp.com\/eltrabajo.cl\/portal\/wp-content\/uploads\/2015\/12\/FOTO-3-Jefe-de-la-SIAT-San-Felipe-Capitan-Francisco-Carreno-Miranda.jpg?w=208&#038;h=137&#038;ssl=1\" srcset=\"https:\/\/i0.wp.com\/eltrabajo.cl\/portal\/wp-content\/uploads\/2015\/12\/FOTO-3-Jefe-de-la-SIAT-San-Felipe-Capitan-Francisco-Carreno-Miranda.jpg?w=530&amp;ssl=1 530w, https:\/\/i0.wp.com\/eltrabajo.cl\/portal\/wp-content\/uploads\/2015\/12\/FOTO-3-Jefe-de-la-SIAT-San-Felipe-Capitan-Francisco-Carreno-Miranda.jpg?resize=200%2C131&amp;ssl=1 200w, https:\/\/i0.wp.com\/eltrabajo.cl\/portal\/wp-content\/uploads\/2015\/12\/FOTO-3-Jefe-de-la-SIAT-San-Felipe-Capitan-Francisco-Carreno-Miranda.jpg?resize=300%2C197&amp;ssl=1 300w, https:\/\/i0.wp.com\/eltrabajo.cl\/portal\/wp-content\/uploads\/2015\/12\/FOTO-3-Jefe-de-la-SIAT-San-Felipe-Capitan-Francisco-Carreno-Miranda.jpg?resize=228%2C150&amp;ssl=1 228w, https:\/\/i0.wp.com\/eltrabajo.cl\/portal\/wp-content\/uploads\/2015\/12\/FOTO-3-Jefe-de-la-SIAT-San-Felipe-Capitan-Francisco-Carreno-Miranda.jpg?resize=400%2C263&amp;ssl=1 400w\" width=\"208\" height=\"137\" loading=\"lazy\" data-original-width=\"208\" data-original-height=\"137\" itemprop=\"http:\/\/schema.org\/image\" title=\"FOTO 3 Jefe de la SIAT San Felipe Capitan Francisco Carreno Miranda\" alt=\"Jefe de la SIAT San Felipe, Capit\u00e1n Francisco Carre\u00f1o Miranda\" style=\"width: 208px; height: 137px;\" \/> <\/a> <div class=\"tiled-gallery-caption\" itemprop=\"caption description\"> Jefe de la SIAT San Felipe, Capit\u00e1n Francisco Carre\u00f1o Miranda <\/div> <\/div> <\/div> <!-- close group --> <\/div> <!-- close row --> <\/div>\n","protected":false},"excerpt":{"rendered":"<p>La recomendaci\u00f3n de Carabineros apunta a tener al menos 2 dentro del veh\u00edculo, puesto que, independiente de las circunstancias, las personas que bajen del auto deben trae puesta la prenda fluorescente. Con&#8230;<\/p>\n","protected":false},"author":482,"featured_media":65034,"comment_status":"open","ping_status":"open","sticky":false,"template":"","format":"standard","meta":{"advanced_seo_description":"","jetpack_seo_html_title":"","jetpack_seo_noindex":false,"_jetpack_memberships_contains_paid_content":false,"footnotes":""},"categories":[15],"tags":[],"class_list":["post-65033","post","type-post","status-publish","format-standard","has-post-thumbnail","hentry","category-comunidad"],"jetpack_featured_media_url":"https:\/\/i0.wp.com\/eltrabajo.cl\/portal\/wp-content\/uploads\/2015\/12\/FOTO-4-.jpg?fit=530%2C349&ssl=1","jetpack_sharing_enabled":true,"jetpack_likes_enabled":true,"jetpack-related-posts":[],"_links":{"self":[{"href":"https:\/\/eltrabajo.cl\/portal\/wp-json\/wp\/v2\/posts\/65033","targetHints":{"allow":["GET"]}}],"collection":[{"href":"https:\/\/eltrabajo.cl\/portal\/wp-json\/wp\/v2\/posts"}],"about":[{"href":"https:\/\/eltrabajo.cl\/portal\/wp-json\/wp\/v2\/types\/post"}],"author":[{"embeddable":true,"href":"https:\/\/eltrabajo.cl\/portal\/wp-json\/wp\/v2\/users\/482"}],"replies":[{"embeddable":true,"href":"https:\/\/eltrabajo.cl\/portal\/wp-json\/wp\/v2\/comments?post=65033"}],"version-history":[{"count":0,"href":"https:\/\/eltrabajo.cl\/portal\/wp-json\/wp\/v2\/posts\/65033\/revisions"}],"wp:featuredmedia":[{"embeddable":true,"href":"https:\/\/eltrabajo.cl\/portal\/wp-json\/wp\/v2\/media\/65034"}],"wp:attachment":[{"href":"https:\/\/eltrabajo.cl\/portal\/wp-json\/wp\/v2\/media?parent=65033"}],"wp:term":[{"taxonomy":"category","embeddable":true,"href":"https:\/\/eltrabajo.cl\/portal\/wp-json\/wp\/v2\/categories?post=65033"},{"taxonomy":"post_tag","embeddable":true,"href":"https:\/\/eltrabajo.cl\/portal\/wp-json\/wp\/v2\/tags?post=65033"}],"curies":[{"name":"wp","href":"https:\/\/api.w.org\/{rel}","templated":true}]}}