{"id":65045,"date":"2015-12-22T14:36:30","date_gmt":"2015-12-22T17:36:30","guid":{"rendered":"http:\/\/www.eltrabajo.cl\/portal\/?p=65045"},"modified":"2015-12-22T14:36:30","modified_gmt":"2015-12-22T17:36:30","slug":"mujer-de-73-anos-tropieza-en-peligrosa-baldosa-de-acera-en-calle-coimas","status":"publish","type":"post","link":"https:\/\/eltrabajo.cl\/portal\/mujer-de-73-anos-tropieza-en-peligrosa-baldosa-de-acera-en-calle-coimas\/","title":{"rendered":"Mujer de 73 a\u00f1os tropieza en peligrosa baldosa de acera en calle Coimas"},"content":{"rendered":"<figure id=\"attachment_65048\" aria-describedby=\"caption-attachment-65048\" style=\"width: 300px\" class=\"wp-caption alignleft\"><img data-recalc-dims=\"1\" loading=\"lazy\" decoding=\"async\" class=\"wp-image-65048 size-medium\" src=\"https:\/\/i0.wp.com\/www.eltrabajo.cl\/portal\/wp-content\/uploads\/2015\/12\/Sonia33-300x197.jpg?resize=300%2C197\" alt=\"ADOLORIDA.- Do\u00f1a Sonia muestra a Diario El Trabajo c\u00f3mo le qued\u00f3 el rostro tras el accidente, ella asegura que nunca se esper\u00f3 que la acera presentara desperfectos.\" width=\"300\" height=\"197\" srcset=\"https:\/\/i0.wp.com\/eltrabajo.cl\/portal\/wp-content\/uploads\/2015\/12\/Sonia33.jpg?resize=300%2C197&amp;ssl=1 300w, https:\/\/i0.wp.com\/eltrabajo.cl\/portal\/wp-content\/uploads\/2015\/12\/Sonia33.jpg?resize=200%2C131&amp;ssl=1 200w, https:\/\/i0.wp.com\/eltrabajo.cl\/portal\/wp-content\/uploads\/2015\/12\/Sonia33.jpg?resize=228%2C150&amp;ssl=1 228w, https:\/\/i0.wp.com\/eltrabajo.cl\/portal\/wp-content\/uploads\/2015\/12\/Sonia33.jpg?resize=400%2C263&amp;ssl=1 400w, https:\/\/i0.wp.com\/eltrabajo.cl\/portal\/wp-content\/uploads\/2015\/12\/Sonia33.jpg?w=530&amp;ssl=1 530w\" sizes=\"auto, (max-width: 300px) 100vw, 300px\" \/><figcaption id=\"caption-attachment-65048\" class=\"wp-caption-text\">ADOLORIDA.- Do\u00f1a Sonia muestra a Diario El Trabajo c\u00f3mo le qued\u00f3 el rostro tras el accidente, ella asegura que nunca se esper\u00f3 que la acera presentara desperfectos.<\/figcaption><\/figure>\n<p>Un filo en desnivel de una baldosa en la vereda de avenida Coimas, por el sector de Caja Los H\u00e9roes, gener\u00f3 que do\u00f1a Sonia Bruna Bruna, de 73 a\u00f1os, cayera pesadamente contra el pavimento, golpe\u00e1ndose la cabeza, hombros y su cadera, lo que le gener\u00f3 un profuso sangrado.<br \/>\nEl lamentable accidente ocurri\u00f3 el viernes, cuando ella sali\u00f3 sola a comprar medicamentos para su esposo Luis Molina, quien hace un a\u00f1o, tambi\u00e9n en Navidad, fue atropellado por un auto y qued\u00f3 desde entonces postrado, lo que obliga a do\u00f1a Sonia a salir regularmente a comprar pa\u00f1ales y medicinas al centro de la ciudad.<br \/>\nDiario El Trabajo habl\u00f3 este lunes con la nuera de do\u00f1a Sonia, Roxana Estay, quien vive en villa El Esplendor: \u00abMi suegra vive en calle Tocornal y vino al centro para hacer sus diligencias, fue un golpe muy fuerte el que se dio, yo espero que el Municipio repare esta acera de forma inmediata, pues escuch\u00e9 que otras personas tambi\u00e9n han salido afectadas\u00bb, dijo Roxana.<br \/>\nLa afectada fue auxiliada en el mismo lugar de la ca\u00edda, asisti\u00e9ndola en su momento una profesional de la medicina de quien no trascendi\u00f3 su identidad, posteriormente do\u00f1a Sonia fue remitida a su casa con golpes supuestamente leves, aunque las gr\u00e1ficas en nuestro poder dicen otra cosa. De momento el Municipio no se ha pronunciado, pero es de suponer que muy pronto estar\u00e1 reparando este desperfecto urbano.<br \/>\n<strong>Roberto Gonz\u00e1lez Short<\/strong><br \/>\n<strong>rgonzalez@eltrabajo.cl<\/strong><\/p>\n<div class=\"tiled-gallery type-rectangular tiled-gallery-unresized\" data-original-width=\"640\" data-carousel-extra='null' itemscope itemtype=\"http:\/\/schema.org\/ImageGallery\" > <div class=\"gallery-row\" style=\"width: 640px; height: 213px;\" data-original-width=\"640\" data-original-height=\"213\" > <div class=\"gallery-group images-1\" style=\"width: 320px; height: 213px;\" data-original-width=\"320\" data-original-height=\"213\" > <div class=\"tiled-gallery-item tiled-gallery-item-large\" itemprop=\"associatedMedia\" itemscope itemtype=\"http:\/\/schema.org\/ImageObject\"> <a href=\"https:\/\/eltrabajo.cl\/portal\/mujer-de-73-anos-tropieza-en-peligrosa-baldosa-de-acera-en-calle-coimas\/golpe1-4\/\" border=\"0\" itemprop=\"url\"> <meta itemprop=\"width\" content=\"316\"> <meta itemprop=\"height\" content=\"209\"> <img decoding=\"async\" class=\"\" data-attachment-id=\"65046\" data-orig-file=\"https:\/\/eltrabajo.cl\/portal\/wp-content\/uploads\/2015\/12\/Golpe1.jpg\" data-orig-size=\"530,350\" data-comments-opened=\"1\" data-image-meta=\"{&quot;aperture&quot;:&quot;0&quot;,&quot;credit&quot;:&quot;&quot;,&quot;camera&quot;:&quot;&quot;,&quot;caption&quot;:&quot;&quot;,&quot;created_timestamp&quot;:&quot;0&quot;,&quot;copyright&quot;:&quot;&quot;,&quot;focal_length&quot;:&quot;0&quot;,&quot;iso&quot;:&quot;0&quot;,&quot;shutter_speed&quot;:&quot;0&quot;,&quot;title&quot;:&quot;&quot;,&quot;orientation&quot;:&quot;0&quot;}\" data-image-title=\"Golpe1\" data-image-description=\"&lt;p&gt;FUE AUXILIADA.- As\u00ed qued\u00f3 do\u00f1a Sonia Bruna tras la aparatosa ca\u00edda en la acera, el sangrado es notorio.&lt;\/p&gt; \" data-medium-file=\"https:\/\/i0.wp.com\/eltrabajo.cl\/portal\/wp-content\/uploads\/2015\/12\/Golpe1.jpg?fit=300%2C198&#038;ssl=1\" data-large-file=\"https:\/\/i0.wp.com\/eltrabajo.cl\/portal\/wp-content\/uploads\/2015\/12\/Golpe1.jpg?fit=530%2C350&#038;ssl=1\" src=\"https:\/\/i0.wp.com\/eltrabajo.cl\/portal\/wp-content\/uploads\/2015\/12\/Golpe1.jpg?w=316&#038;h=209&#038;ssl=1\" srcset=\"https:\/\/i0.wp.com\/eltrabajo.cl\/portal\/wp-content\/uploads\/2015\/12\/Golpe1.jpg?w=530&amp;ssl=1 530w, https:\/\/i0.wp.com\/eltrabajo.cl\/portal\/wp-content\/uploads\/2015\/12\/Golpe1.jpg?resize=200%2C132&amp;ssl=1 200w, https:\/\/i0.wp.com\/eltrabajo.cl\/portal\/wp-content\/uploads\/2015\/12\/Golpe1.jpg?resize=300%2C198&amp;ssl=1 300w, https:\/\/i0.wp.com\/eltrabajo.cl\/portal\/wp-content\/uploads\/2015\/12\/Golpe1.jpg?resize=227%2C150&amp;ssl=1 227w, https:\/\/i0.wp.com\/eltrabajo.cl\/portal\/wp-content\/uploads\/2015\/12\/Golpe1.jpg?resize=400%2C264&amp;ssl=1 400w\" width=\"316\" height=\"209\" loading=\"lazy\" data-original-width=\"316\" data-original-height=\"209\" itemprop=\"http:\/\/schema.org\/image\" title=\"Golpe1\" alt=\"FUE AUXILIADA.- As\u00ed qued\u00f3 do\u00f1a Sonia Bruna tras la aparatosa ca\u00edda en la acera, el sangrado es notorio.\" style=\"width: 316px; height: 209px;\" \/> <\/a> <div class=\"tiled-gallery-caption\" itemprop=\"caption description\"> FUE AUXILIADA.- As\u00ed qued\u00f3 do\u00f1a Sonia Bruna tras la aparatosa ca\u00edda en la acera, el sangrado es notorio. <\/div> <\/div> <\/div> <!-- close group --> <div class=\"gallery-group images-1\" style=\"width: 320px; height: 213px;\" data-original-width=\"320\" data-original-height=\"213\" > <div class=\"tiled-gallery-item tiled-gallery-item-large\" itemprop=\"associatedMedia\" itemscope itemtype=\"http:\/\/schema.org\/ImageObject\"> <a href=\"https:\/\/eltrabajo.cl\/portal\/mujer-de-73-anos-tropieza-en-peligrosa-baldosa-de-acera-en-calle-coimas\/roxana-estay\/\" border=\"0\" itemprop=\"url\"> <meta itemprop=\"width\" content=\"316\"> <meta itemprop=\"height\" content=\"209\"> <img decoding=\"async\" class=\"\" data-attachment-id=\"65047\" data-orig-file=\"https:\/\/eltrabajo.cl\/portal\/wp-content\/uploads\/2015\/12\/Roxana-Estay.jpg\" data-orig-size=\"530,350\" data-comments-opened=\"1\" data-image-meta=\"{&quot;aperture&quot;:&quot;0&quot;,&quot;credit&quot;:&quot;&quot;,&quot;camera&quot;:&quot;&quot;,&quot;caption&quot;:&quot;&quot;,&quot;created_timestamp&quot;:&quot;0&quot;,&quot;copyright&quot;:&quot;&quot;,&quot;focal_length&quot;:&quot;0&quot;,&quot;iso&quot;:&quot;0&quot;,&quot;shutter_speed&quot;:&quot;0&quot;,&quot;title&quot;:&quot;&quot;,&quot;orientation&quot;:&quot;0&quot;}\" data-image-title=\"Roxana Estay\" data-image-description=\"&lt;p&gt;Roxana Estay, nuera de la mujer afectada.&lt;\/p&gt; \" data-medium-file=\"https:\/\/i0.wp.com\/eltrabajo.cl\/portal\/wp-content\/uploads\/2015\/12\/Roxana-Estay.jpg?fit=300%2C198&#038;ssl=1\" data-large-file=\"https:\/\/i0.wp.com\/eltrabajo.cl\/portal\/wp-content\/uploads\/2015\/12\/Roxana-Estay.jpg?fit=530%2C350&#038;ssl=1\" src=\"https:\/\/i0.wp.com\/eltrabajo.cl\/portal\/wp-content\/uploads\/2015\/12\/Roxana-Estay.jpg?w=316&#038;h=209&#038;ssl=1\" srcset=\"https:\/\/i0.wp.com\/eltrabajo.cl\/portal\/wp-content\/uploads\/2015\/12\/Roxana-Estay.jpg?w=530&amp;ssl=1 530w, https:\/\/i0.wp.com\/eltrabajo.cl\/portal\/wp-content\/uploads\/2015\/12\/Roxana-Estay.jpg?resize=200%2C132&amp;ssl=1 200w, https:\/\/i0.wp.com\/eltrabajo.cl\/portal\/wp-content\/uploads\/2015\/12\/Roxana-Estay.jpg?resize=300%2C198&amp;ssl=1 300w, https:\/\/i0.wp.com\/eltrabajo.cl\/portal\/wp-content\/uploads\/2015\/12\/Roxana-Estay.jpg?resize=227%2C150&amp;ssl=1 227w, https:\/\/i0.wp.com\/eltrabajo.cl\/portal\/wp-content\/uploads\/2015\/12\/Roxana-Estay.jpg?resize=400%2C264&amp;ssl=1 400w\" width=\"316\" height=\"209\" loading=\"lazy\" data-original-width=\"316\" data-original-height=\"209\" itemprop=\"http:\/\/schema.org\/image\" title=\"Roxana Estay\" alt=\"Roxana Estay, nuera de la mujer afectada.\" style=\"width: 316px; height: 209px;\" \/> <\/a> <div class=\"tiled-gallery-caption\" itemprop=\"caption description\"> Roxana Estay, nuera de la mujer afectada. <\/div> <\/div> <\/div> <!-- close group --> <\/div> <!-- close row --> <\/div>\n","protected":false},"excerpt":{"rendered":"<p>Un filo en desnivel de una baldosa en la vereda de avenida Coimas, por el sector de Caja Los H\u00e9roes, gener\u00f3 que do\u00f1a Sonia Bruna Bruna, de 73 a\u00f1os, cayera pesadamente contra&#8230;<\/p>\n","protected":false},"author":482,"featured_media":65048,"comment_status":"open","ping_status":"open","sticky":false,"template":"","format":"standard","meta":{"advanced_seo_description":"","jetpack_seo_html_title":"","jetpack_seo_noindex":false,"_jetpack_memberships_contains_paid_content":false,"footnotes":""},"categories":[15],"tags":[],"class_list":["post-65045","post","type-post","status-publish","format-standard","has-post-thumbnail","hentry","category-comunidad"],"jetpack_featured_media_url":"https:\/\/i0.wp.com\/eltrabajo.cl\/portal\/wp-content\/uploads\/2015\/12\/Sonia33.jpg?fit=530%2C348&ssl=1","jetpack_sharing_enabled":true,"jetpack_likes_enabled":true,"jetpack-related-posts":[],"_links":{"self":[{"href":"https:\/\/eltrabajo.cl\/portal\/wp-json\/wp\/v2\/posts\/65045","targetHints":{"allow":["GET"]}}],"collection":[{"href":"https:\/\/eltrabajo.cl\/portal\/wp-json\/wp\/v2\/posts"}],"about":[{"href":"https:\/\/eltrabajo.cl\/portal\/wp-json\/wp\/v2\/types\/post"}],"author":[{"embeddable":true,"href":"https:\/\/eltrabajo.cl\/portal\/wp-json\/wp\/v2\/users\/482"}],"replies":[{"embeddable":true,"href":"https:\/\/eltrabajo.cl\/portal\/wp-json\/wp\/v2\/comments?post=65045"}],"version-history":[{"count":0,"href":"https:\/\/eltrabajo.cl\/portal\/wp-json\/wp\/v2\/posts\/65045\/revisions"}],"wp:featuredmedia":[{"embeddable":true,"href":"https:\/\/eltrabajo.cl\/portal\/wp-json\/wp\/v2\/media\/65048"}],"wp:attachment":[{"href":"https:\/\/eltrabajo.cl\/portal\/wp-json\/wp\/v2\/media?parent=65045"}],"wp:term":[{"taxonomy":"category","embeddable":true,"href":"https:\/\/eltrabajo.cl\/portal\/wp-json\/wp\/v2\/categories?post=65045"},{"taxonomy":"post_tag","embeddable":true,"href":"https:\/\/eltrabajo.cl\/portal\/wp-json\/wp\/v2\/tags?post=65045"}],"curies":[{"name":"wp","href":"https:\/\/api.w.org\/{rel}","templated":true}]}}