{"id":65050,"date":"2015-12-22T14:37:37","date_gmt":"2015-12-22T17:37:37","guid":{"rendered":"http:\/\/www.eltrabajo.cl\/portal\/?p=65050"},"modified":"2015-12-22T14:37:37","modified_gmt":"2015-12-22T17:37:37","slug":"con-presentaciones-artisticas-ninos-sanfelipenos-despiden-programa-de-4-a-7","status":"publish","type":"post","link":"https:\/\/eltrabajo.cl\/portal\/con-presentaciones-artisticas-ninos-sanfelipenos-despiden-programa-de-4-a-7\/","title":{"rendered":"Con presentaciones art\u00edsticas ni\u00f1os sanfelipe\u00f1os despiden programa \u2018De 4 a 7\u2019"},"content":{"rendered":"<figure id=\"attachment_65051\" aria-describedby=\"caption-attachment-65051\" style=\"width: 300px\" class=\"wp-caption alignleft\"><img data-recalc-dims=\"1\" loading=\"lazy\" decoding=\"async\" class=\"wp-image-65051 size-medium\" src=\"https:\/\/i0.wp.com\/www.eltrabajo.cl\/portal\/wp-content\/uploads\/2015\/12\/Programa-de-4-a-7-2-300x198.jpg?resize=300%2C198\" alt=\"El programa \u2018De 4 a 7\u2019 culmin\u00f3 con la presentaci\u00f3n art\u00edstica de los ni\u00f1os que participaron del programa. \" width=\"300\" height=\"198\" srcset=\"https:\/\/i0.wp.com\/eltrabajo.cl\/portal\/wp-content\/uploads\/2015\/12\/Programa-de-4-a-7-2.jpg?resize=300%2C198&amp;ssl=1 300w, https:\/\/i0.wp.com\/eltrabajo.cl\/portal\/wp-content\/uploads\/2015\/12\/Programa-de-4-a-7-2.jpg?resize=200%2C132&amp;ssl=1 200w, https:\/\/i0.wp.com\/eltrabajo.cl\/portal\/wp-content\/uploads\/2015\/12\/Programa-de-4-a-7-2.jpg?resize=227%2C150&amp;ssl=1 227w, https:\/\/i0.wp.com\/eltrabajo.cl\/portal\/wp-content\/uploads\/2015\/12\/Programa-de-4-a-7-2.jpg?resize=400%2C264&amp;ssl=1 400w, https:\/\/i0.wp.com\/eltrabajo.cl\/portal\/wp-content\/uploads\/2015\/12\/Programa-de-4-a-7-2.jpg?w=530&amp;ssl=1 530w\" sizes=\"auto, (max-width: 300px) 100vw, 300px\" \/><figcaption id=\"caption-attachment-65051\" class=\"wp-caption-text\">El programa \u2018De 4 a 7\u2019 culmin\u00f3 con la presentaci\u00f3n art\u00edstica de los ni\u00f1os que participaron del programa.<\/figcaption><\/figure>\n<ul>\n<li><strong>Alcalde Freire agradeci\u00f3 al Sernam por desarrollar nuevamente este programa que favorece a mujeres que buscan o est\u00e1n trabajando, para que puedan desarrollar su labor con la tranquilidad de que, despu\u00e9s de clases, sus hijos est\u00e1n en buenas manos.<\/strong><\/li>\n<\/ul>\n<p>Cien ni\u00f1os de entre 6 y 13 a\u00f1os de edad, fueron favorecidos con el Programa De 4 a 7, iniciativa impulsada por el Servicio Nacional de la Mujer y ejecutada por la municipalidad de San Felipe en dos establecimientos educacionales, en este caso, las Escuelas John Kennedy y Jos\u00e9 Manso de Velasco.<br \/>\nSe trata de una iniciativa que permite a las mam\u00e1s que trabajan o que est\u00e1n buscando trabajo, pero que enfrentan dificultades porque su jornada laboral no se condice con la jornada escolar de sus hijos, puedan desenvolverse con tranquilidad a sabiendas de que sus hijos est\u00e1n en buenas manos.<br \/>\nPara ellos precisamente, este 2015 se ejecut\u00f3 este programa que permite que los ni\u00f1os permanezcan en el colegio de entre las 4 y las 7 de la tarde, recibiendo apoyo para la realizaci\u00f3n de las tareas escolares, como tambi\u00e9n participando en actividades recreativas.<br \/>\nEl alcalde Patricio Freire, en el marco de la ceremonia de cierre donde los ni\u00f1os presentaron n\u00fameros art\u00edsticos, destac\u00f3 la relevancia que tiene este programa, pues no solo es una contribuci\u00f3n para el desarrollo del trabajo por parte de muchas sanfelipe\u00f1as, sino que les favorece en su calidad de vida, al tiempo que aporta a los ni\u00f1os, en la medida que est\u00e1n en lugar seguro, lo pasan bien y reciben ayuda para hacer las tareas.<br \/>\n\u201cEn una comuna como la nuestra, donde las mujeres son un motor relevante para nuestro desarrollo, resulta imprescindible ejecutar este tipo de iniciativas, pues sabemos que aquella mam\u00e1 que trabaja y que sabe que su hijo est\u00e1 en buenas manos, se quita el peso de la preocupaci\u00f3n y adem\u00e1s, tiene un mejor rendimiento laboral\u201d, se\u00f1al\u00f3 el alcalde Patricio Freire.<br \/>\nEn tanto, el gobernador Eduardo Le\u00f3n, resalt\u00f3 que a prop\u00f3sito de la alta tasa de inserci\u00f3n de mujeres en el mundo laboral, resulta del todo beneficioso que Sernam se haga cargo del cuidado y protecci\u00f3n de ni\u00f1os y ni\u00f1as despu\u00e9s de la jornada escolar.<br \/>\n\u201cEl Gobierno de la Presidenta Michelle Bachelet ha priorizado una serie de acciones que permitan atender una necesidad b\u00e1sica para las familias y sobre todo para muchas mujeres que son jefas de hogar, y que se refiere al cuidado de sus hijos\u201d, se\u00f1al\u00f3 la autoridad.<br \/>\nLos concejales Roldolfo Silva y Dante Rodr\u00edguez resaltaron el hecho que este programa favorezca la inserci\u00f3n y\/o permanencia laboral de las mujeres, as\u00ed como el aprendizaje y desarrollo integral de las ni\u00f1as y ni\u00f1os.<\/p>\n","protected":false},"excerpt":{"rendered":"<p>Alcalde Freire agradeci\u00f3 al Sernam por desarrollar nuevamente este programa que favorece a mujeres que buscan o est\u00e1n trabajando, para que puedan desarrollar su labor con la tranquilidad de que, despu\u00e9s de&#8230;<\/p>\n","protected":false},"author":482,"featured_media":65051,"comment_status":"open","ping_status":"open","sticky":false,"template":"","format":"standard","meta":{"advanced_seo_description":"","jetpack_seo_html_title":"","jetpack_seo_noindex":false,"_jetpack_memberships_contains_paid_content":false,"footnotes":""},"categories":[1],"tags":[],"class_list":["post-65050","post","type-post","status-publish","format-standard","has-post-thumbnail","hentry","category-cronica"],"jetpack_featured_media_url":"https:\/\/i0.wp.com\/eltrabajo.cl\/portal\/wp-content\/uploads\/2015\/12\/Programa-de-4-a-7-2.jpg?fit=530%2C350&ssl=1","jetpack_sharing_enabled":true,"jetpack_likes_enabled":true,"jetpack-related-posts":[],"_links":{"self":[{"href":"https:\/\/eltrabajo.cl\/portal\/wp-json\/wp\/v2\/posts\/65050","targetHints":{"allow":["GET"]}}],"collection":[{"href":"https:\/\/eltrabajo.cl\/portal\/wp-json\/wp\/v2\/posts"}],"about":[{"href":"https:\/\/eltrabajo.cl\/portal\/wp-json\/wp\/v2\/types\/post"}],"author":[{"embeddable":true,"href":"https:\/\/eltrabajo.cl\/portal\/wp-json\/wp\/v2\/users\/482"}],"replies":[{"embeddable":true,"href":"https:\/\/eltrabajo.cl\/portal\/wp-json\/wp\/v2\/comments?post=65050"}],"version-history":[{"count":0,"href":"https:\/\/eltrabajo.cl\/portal\/wp-json\/wp\/v2\/posts\/65050\/revisions"}],"wp:featuredmedia":[{"embeddable":true,"href":"https:\/\/eltrabajo.cl\/portal\/wp-json\/wp\/v2\/media\/65051"}],"wp:attachment":[{"href":"https:\/\/eltrabajo.cl\/portal\/wp-json\/wp\/v2\/media?parent=65050"}],"wp:term":[{"taxonomy":"category","embeddable":true,"href":"https:\/\/eltrabajo.cl\/portal\/wp-json\/wp\/v2\/categories?post=65050"},{"taxonomy":"post_tag","embeddable":true,"href":"https:\/\/eltrabajo.cl\/portal\/wp-json\/wp\/v2\/tags?post=65050"}],"curies":[{"name":"wp","href":"https:\/\/api.w.org\/{rel}","templated":true}]}}