{"id":65054,"date":"2015-12-22T14:41:33","date_gmt":"2015-12-22T17:41:33","guid":{"rendered":"http:\/\/www.eltrabajo.cl\/portal\/?p=65054"},"modified":"2015-12-22T14:41:33","modified_gmt":"2015-12-22T17:41:33","slug":"hospital-san-camilo-recibe-el-mayor-aporte-financiero-de-los-ultimos-anos","status":"publish","type":"post","link":"https:\/\/eltrabajo.cl\/portal\/hospital-san-camilo-recibe-el-mayor-aporte-financiero-de-los-ultimos-anos\/","title":{"rendered":"Hospital San Camilo recibe el mayor aporte financiero de los \u00faltimos a\u00f1os"},"content":{"rendered":"<figure id=\"attachment_65055\" aria-describedby=\"caption-attachment-65055\" style=\"width: 300px\" class=\"wp-caption alignleft\"><img data-recalc-dims=\"1\" loading=\"lazy\" decoding=\"async\" class=\"wp-image-65055 size-medium\" src=\"https:\/\/i0.wp.com\/www.eltrabajo.cl\/portal\/wp-content\/uploads\/2015\/12\/FOTO-1-MODERNO-EQUIPO-DE-ATENCION-NEONATOLOGICA-OBTENIDO-CON-LOS-RECURSOS-DEL-2015-300x198.jpg?resize=300%2C198\" alt=\"Moderno equipo de atenci\u00f3n neonatol\u00f3gica obtenido con los recursos del 2015.\" width=\"300\" height=\"198\" srcset=\"https:\/\/i0.wp.com\/eltrabajo.cl\/portal\/wp-content\/uploads\/2015\/12\/FOTO-1-MODERNO-EQUIPO-DE-ATENCION-NEONATOLOGICA-OBTENIDO-CON-LOS-RECURSOS-DEL-2015.jpg?resize=300%2C198&amp;ssl=1 300w, https:\/\/i0.wp.com\/eltrabajo.cl\/portal\/wp-content\/uploads\/2015\/12\/FOTO-1-MODERNO-EQUIPO-DE-ATENCION-NEONATOLOGICA-OBTENIDO-CON-LOS-RECURSOS-DEL-2015.jpg?resize=200%2C132&amp;ssl=1 200w, https:\/\/i0.wp.com\/eltrabajo.cl\/portal\/wp-content\/uploads\/2015\/12\/FOTO-1-MODERNO-EQUIPO-DE-ATENCION-NEONATOLOGICA-OBTENIDO-CON-LOS-RECURSOS-DEL-2015.jpg?resize=227%2C150&amp;ssl=1 227w, https:\/\/i0.wp.com\/eltrabajo.cl\/portal\/wp-content\/uploads\/2015\/12\/FOTO-1-MODERNO-EQUIPO-DE-ATENCION-NEONATOLOGICA-OBTENIDO-CON-LOS-RECURSOS-DEL-2015.jpg?resize=400%2C264&amp;ssl=1 400w, https:\/\/i0.wp.com\/eltrabajo.cl\/portal\/wp-content\/uploads\/2015\/12\/FOTO-1-MODERNO-EQUIPO-DE-ATENCION-NEONATOLOGICA-OBTENIDO-CON-LOS-RECURSOS-DEL-2015.jpg?w=530&amp;ssl=1 530w\" sizes=\"auto, (max-width: 300px) 100vw, 300px\" \/><figcaption id=\"caption-attachment-65055\" class=\"wp-caption-text\">Moderno equipo de atenci\u00f3n neonatol\u00f3gica obtenido con los recursos del 2015.<\/figcaption><\/figure>\n<ul>\n<li><strong>Recursos permitieron obtener equipamiento con tecnolog\u00eda de punta, con la cual se beneficiar\u00e1n miles de aconcag\u00fcinos.<\/strong><\/li>\n<\/ul>\n<p>Con una inversi\u00f3n cercana a los mil 800 millones de pesos, el a\u00f1o 2015 fue fecundo en t\u00e9rminos de recursos para el Hospital San Camilo y gracias a esta inyecci\u00f3n financiera miles de aconcag\u00fcinos se han visto beneficiados con la renovaci\u00f3n de equipos e infraestructura, pues ha permitido dotar a gran parte de las unidades m\u00e9dicas con nuevas tecnolog\u00edas, as\u00ed como la remodelaci\u00f3n y ampliaci\u00f3n de algunos servicios.<br \/>\nDentro de la multiplicidad de equipamiento incorporado durante el presente a\u00f1o destacan los equipos para realizar endoscopias, el ec\u00f3grafo 3D para imagenolog\u00eda, la remodelaci\u00f3n y ampliaci\u00f3n de las bodegas de Farmacia, equipos para Oftalmolog\u00eda, Otorrino, UCI adulto y neonatal, G\u00edneco-Obstetricia y Pabell\u00f3n, entre otros servicios beneficiados.<br \/>\nLa directora del Servicio de Salud Aconcagua, Dra. Vilma Olave, valor\u00f3 el hecho de que el plan impuesto por el Gobierno tocara directamente a este recinto hospitalario, afirmando que \u201cestos avances concretos nos permitir\u00e1n mejorar la calidad de la atenci\u00f3n y el bienestar de nuestra poblaci\u00f3n. Se cumple el compromiso de la Presidenta Bachelet y de la Ministra Carmen Castillo de invertir no s\u00f3lo en construcci\u00f3n, sino tambi\u00e9n, en equipamiento los 4 mil millones de d\u00f3lares que el gobierno destin\u00f3 en su Plan de Inversiones en Salud 2014 \u2013 2018\u201d, expres\u00f3.<br \/>\nAs\u00ed mismo, Olave destac\u00f3 que \u201choy mostramos a la comunidad en qu\u00e9 lo estamos invirtiendo aqu\u00ed en el Hospital San Camilo y en toda la red de establecimientos. Sin duda, son cambios profundos y esperanzadores, que permiten construir un camino m\u00e1s seguro y con mayor justicia para todos los habitantes del valle de Aconcagua\u201d, enfatiz\u00f3.<br \/>\nPor su parte, el director del establecimiento, Dr. Juan de Dios Reyes, se mostr\u00f3 muy agradecido de quienes trabajaron en torno a cu\u00e1les eran las prioridades en cada \u00e1rea y recalc\u00f3 que \u201cestamos m\u00e1s que satisfechos pues esto es fruto de un arduo trabajo de nuestros equipos, de nuestros jefes de servicios y sus supervisoras que tuvieron que identificar desde un punto de vista t\u00e9cnico las necesidades de cada servicio y unidad, las cuales tambi\u00e9n debieron ser valorizadas y priorizadas para luego presentarlas al Ministerio\u201d, puntualiz\u00f3.<br \/>\nCabe destacar, que la inversi\u00f3n hecha en el HSC, es la m\u00e1s alta de los \u00faltimos a\u00f1os y si bien a\u00fan no est\u00e1n a disposici\u00f3n todos los equipos, algunos ya han llegado, mientras que el resto est\u00e1 todo licitado, lo que permitir\u00e1 dejar al establecimiento con gran parte de sus aparatos renovados y con esto atender a los usuarios con tecnolog\u00eda de punta.<\/p>\n<div class=\"tiled-gallery type-rectangular tiled-gallery-unresized\" data-original-width=\"640\" data-carousel-extra='null' itemscope itemtype=\"http:\/\/schema.org\/ImageGallery\" > <div class=\"gallery-row\" style=\"width: 640px; height: 211px;\" data-original-width=\"640\" data-original-height=\"211\" > <div class=\"gallery-group images-1\" style=\"width: 320px; height: 211px;\" data-original-width=\"320\" data-original-height=\"211\" > <div class=\"tiled-gallery-item tiled-gallery-item-large\" itemprop=\"associatedMedia\" itemscope itemtype=\"http:\/\/schema.org\/ImageObject\"> <a href=\"https:\/\/eltrabajo.cl\/portal\/hospital-san-camilo-recibe-el-mayor-aporte-financiero-de-los-ultimos-anos\/foto-3-director-del-hospital-san-camilo-dr-juan-de-dios-reyes\/\" border=\"0\" itemprop=\"url\"> <meta itemprop=\"width\" content=\"316\"> <meta itemprop=\"height\" content=\"207\"> <img decoding=\"async\" class=\"\" data-attachment-id=\"65057\" data-orig-file=\"https:\/\/eltrabajo.cl\/portal\/wp-content\/uploads\/2015\/12\/FOTO-3-Director-del-Hospital-San-Camilo-Dr.-Juan-de-Dios-Reyes..jpg\" data-orig-size=\"530,348\" data-comments-opened=\"1\" data-image-meta=\"{&quot;aperture&quot;:&quot;0&quot;,&quot;credit&quot;:&quot;&quot;,&quot;camera&quot;:&quot;&quot;,&quot;caption&quot;:&quot;&quot;,&quot;created_timestamp&quot;:&quot;0&quot;,&quot;copyright&quot;:&quot;&quot;,&quot;focal_length&quot;:&quot;0&quot;,&quot;iso&quot;:&quot;0&quot;,&quot;shutter_speed&quot;:&quot;0&quot;,&quot;title&quot;:&quot;&quot;,&quot;orientation&quot;:&quot;0&quot;}\" data-image-title=\"FOTO 3 Director del Hospital San Camilo Dr. Juan de Dios Reyes.\" data-image-description=\"&lt;p&gt;Director del Hospital San Camilo, Dr. Juan de Dios Reyes.&lt;\/p&gt; \" data-medium-file=\"https:\/\/i0.wp.com\/eltrabajo.cl\/portal\/wp-content\/uploads\/2015\/12\/FOTO-3-Director-del-Hospital-San-Camilo-Dr.-Juan-de-Dios-Reyes..jpg?fit=300%2C197&#038;ssl=1\" data-large-file=\"https:\/\/i0.wp.com\/eltrabajo.cl\/portal\/wp-content\/uploads\/2015\/12\/FOTO-3-Director-del-Hospital-San-Camilo-Dr.-Juan-de-Dios-Reyes..jpg?fit=530%2C348&#038;ssl=1\" src=\"https:\/\/i0.wp.com\/eltrabajo.cl\/portal\/wp-content\/uploads\/2015\/12\/FOTO-3-Director-del-Hospital-San-Camilo-Dr.-Juan-de-Dios-Reyes..jpg?w=316&#038;h=207&#038;ssl=1\" srcset=\"https:\/\/i0.wp.com\/eltrabajo.cl\/portal\/wp-content\/uploads\/2015\/12\/FOTO-3-Director-del-Hospital-San-Camilo-Dr.-Juan-de-Dios-Reyes..jpg?w=530&amp;ssl=1 530w, https:\/\/i0.wp.com\/eltrabajo.cl\/portal\/wp-content\/uploads\/2015\/12\/FOTO-3-Director-del-Hospital-San-Camilo-Dr.-Juan-de-Dios-Reyes..jpg?resize=200%2C131&amp;ssl=1 200w, https:\/\/i0.wp.com\/eltrabajo.cl\/portal\/wp-content\/uploads\/2015\/12\/FOTO-3-Director-del-Hospital-San-Camilo-Dr.-Juan-de-Dios-Reyes..jpg?resize=300%2C197&amp;ssl=1 300w, https:\/\/i0.wp.com\/eltrabajo.cl\/portal\/wp-content\/uploads\/2015\/12\/FOTO-3-Director-del-Hospital-San-Camilo-Dr.-Juan-de-Dios-Reyes..jpg?resize=228%2C150&amp;ssl=1 228w, https:\/\/i0.wp.com\/eltrabajo.cl\/portal\/wp-content\/uploads\/2015\/12\/FOTO-3-Director-del-Hospital-San-Camilo-Dr.-Juan-de-Dios-Reyes..jpg?resize=400%2C263&amp;ssl=1 400w\" width=\"316\" height=\"207\" loading=\"lazy\" data-original-width=\"316\" data-original-height=\"207\" itemprop=\"http:\/\/schema.org\/image\" title=\"FOTO 3 Director del Hospital San Camilo Dr. Juan de Dios Reyes.\" alt=\"Director del Hospital San Camilo, Dr. Juan de Dios Reyes.\" style=\"width: 316px; height: 207px;\" \/> <\/a> <div class=\"tiled-gallery-caption\" itemprop=\"caption description\"> Director del Hospital San Camilo, Dr. Juan de Dios Reyes. <\/div> <\/div> <\/div> <!-- close group --> <div class=\"gallery-group images-1\" style=\"width: 320px; height: 211px;\" data-original-width=\"320\" data-original-height=\"211\" > <div class=\"tiled-gallery-item tiled-gallery-item-large\" itemprop=\"associatedMedia\" itemscope itemtype=\"http:\/\/schema.org\/ImageObject\"> <a href=\"https:\/\/eltrabajo.cl\/portal\/hospital-san-camilo-recibe-el-mayor-aporte-financiero-de-los-ultimos-anos\/foto-2-la-directora-del-servicio-de-salud-aconcagua-dra-vilma-olave\/\" border=\"0\" itemprop=\"url\"> <meta itemprop=\"width\" content=\"316\"> <meta itemprop=\"height\" content=\"207\"> <img decoding=\"async\" class=\"\" data-attachment-id=\"65056\" data-orig-file=\"https:\/\/eltrabajo.cl\/portal\/wp-content\/uploads\/2015\/12\/FOTO-2-La-directora-del-Servicio-de-Salud-Aconcagua-Dra.-Vilma-Olave.jpg\" data-orig-size=\"530,348\" data-comments-opened=\"1\" data-image-meta=\"{&quot;aperture&quot;:&quot;0&quot;,&quot;credit&quot;:&quot;&quot;,&quot;camera&quot;:&quot;&quot;,&quot;caption&quot;:&quot;&quot;,&quot;created_timestamp&quot;:&quot;0&quot;,&quot;copyright&quot;:&quot;Copyright 2012&quot;,&quot;focal_length&quot;:&quot;0&quot;,&quot;iso&quot;:&quot;0&quot;,&quot;shutter_speed&quot;:&quot;0&quot;,&quot;title&quot;:&quot;&quot;,&quot;orientation&quot;:&quot;0&quot;}\" data-image-title=\"FOTO 2 La directora del Servicio de Salud Aconcagua Dra. Vilma Olave\" data-image-description=\"&lt;p&gt;La directora del Servicio de Salud Aconcagua, Dra. Vilma Olave.&lt;\/p&gt; \" data-medium-file=\"https:\/\/i0.wp.com\/eltrabajo.cl\/portal\/wp-content\/uploads\/2015\/12\/FOTO-2-La-directora-del-Servicio-de-Salud-Aconcagua-Dra.-Vilma-Olave.jpg?fit=300%2C197&#038;ssl=1\" data-large-file=\"https:\/\/i0.wp.com\/eltrabajo.cl\/portal\/wp-content\/uploads\/2015\/12\/FOTO-2-La-directora-del-Servicio-de-Salud-Aconcagua-Dra.-Vilma-Olave.jpg?fit=530%2C348&#038;ssl=1\" src=\"https:\/\/i0.wp.com\/eltrabajo.cl\/portal\/wp-content\/uploads\/2015\/12\/FOTO-2-La-directora-del-Servicio-de-Salud-Aconcagua-Dra.-Vilma-Olave.jpg?w=316&#038;h=207&#038;ssl=1\" srcset=\"https:\/\/i0.wp.com\/eltrabajo.cl\/portal\/wp-content\/uploads\/2015\/12\/FOTO-2-La-directora-del-Servicio-de-Salud-Aconcagua-Dra.-Vilma-Olave.jpg?w=530&amp;ssl=1 530w, https:\/\/i0.wp.com\/eltrabajo.cl\/portal\/wp-content\/uploads\/2015\/12\/FOTO-2-La-directora-del-Servicio-de-Salud-Aconcagua-Dra.-Vilma-Olave.jpg?resize=200%2C131&amp;ssl=1 200w, https:\/\/i0.wp.com\/eltrabajo.cl\/portal\/wp-content\/uploads\/2015\/12\/FOTO-2-La-directora-del-Servicio-de-Salud-Aconcagua-Dra.-Vilma-Olave.jpg?resize=300%2C197&amp;ssl=1 300w, https:\/\/i0.wp.com\/eltrabajo.cl\/portal\/wp-content\/uploads\/2015\/12\/FOTO-2-La-directora-del-Servicio-de-Salud-Aconcagua-Dra.-Vilma-Olave.jpg?resize=228%2C150&amp;ssl=1 228w, https:\/\/i0.wp.com\/eltrabajo.cl\/portal\/wp-content\/uploads\/2015\/12\/FOTO-2-La-directora-del-Servicio-de-Salud-Aconcagua-Dra.-Vilma-Olave.jpg?resize=400%2C263&amp;ssl=1 400w\" width=\"316\" height=\"207\" loading=\"lazy\" data-original-width=\"316\" data-original-height=\"207\" itemprop=\"http:\/\/schema.org\/image\" title=\"FOTO 2 La directora del Servicio de Salud Aconcagua Dra. Vilma Olave\" alt=\"La directora del Servicio de Salud Aconcagua, Dra. Vilma Olave.\" style=\"width: 316px; height: 207px;\" \/> <\/a> <div class=\"tiled-gallery-caption\" itemprop=\"caption description\"> La directora del Servicio de Salud Aconcagua, Dra. Vilma Olave. <\/div> <\/div> <\/div> <!-- close group --> <\/div> <!-- close row --> <\/div>\n","protected":false},"excerpt":{"rendered":"<p>Recursos permitieron obtener equipamiento con tecnolog\u00eda de punta, con la cual se beneficiar\u00e1n miles de aconcag\u00fcinos. Con una inversi\u00f3n cercana a los mil 800 millones de pesos, el a\u00f1o 2015 fue fecundo&#8230;<\/p>\n","protected":false},"author":482,"featured_media":65055,"comment_status":"open","ping_status":"open","sticky":false,"template":"","format":"standard","meta":{"advanced_seo_description":"","jetpack_seo_html_title":"","jetpack_seo_noindex":false,"_jetpack_memberships_contains_paid_content":false,"footnotes":""},"categories":[1],"tags":[],"class_list":["post-65054","post","type-post","status-publish","format-standard","has-post-thumbnail","hentry","category-cronica"],"jetpack_featured_media_url":"https:\/\/i0.wp.com\/eltrabajo.cl\/portal\/wp-content\/uploads\/2015\/12\/FOTO-1-MODERNO-EQUIPO-DE-ATENCION-NEONATOLOGICA-OBTENIDO-CON-LOS-RECURSOS-DEL-2015.jpg?fit=530%2C350&ssl=1","jetpack_sharing_enabled":true,"jetpack_likes_enabled":true,"jetpack-related-posts":[],"_links":{"self":[{"href":"https:\/\/eltrabajo.cl\/portal\/wp-json\/wp\/v2\/posts\/65054","targetHints":{"allow":["GET"]}}],"collection":[{"href":"https:\/\/eltrabajo.cl\/portal\/wp-json\/wp\/v2\/posts"}],"about":[{"href":"https:\/\/eltrabajo.cl\/portal\/wp-json\/wp\/v2\/types\/post"}],"author":[{"embeddable":true,"href":"https:\/\/eltrabajo.cl\/portal\/wp-json\/wp\/v2\/users\/482"}],"replies":[{"embeddable":true,"href":"https:\/\/eltrabajo.cl\/portal\/wp-json\/wp\/v2\/comments?post=65054"}],"version-history":[{"count":0,"href":"https:\/\/eltrabajo.cl\/portal\/wp-json\/wp\/v2\/posts\/65054\/revisions"}],"wp:featuredmedia":[{"embeddable":true,"href":"https:\/\/eltrabajo.cl\/portal\/wp-json\/wp\/v2\/media\/65055"}],"wp:attachment":[{"href":"https:\/\/eltrabajo.cl\/portal\/wp-json\/wp\/v2\/media?parent=65054"}],"wp:term":[{"taxonomy":"category","embeddable":true,"href":"https:\/\/eltrabajo.cl\/portal\/wp-json\/wp\/v2\/categories?post=65054"},{"taxonomy":"post_tag","embeddable":true,"href":"https:\/\/eltrabajo.cl\/portal\/wp-json\/wp\/v2\/tags?post=65054"}],"curies":[{"name":"wp","href":"https:\/\/api.w.org\/{rel}","templated":true}]}}