{"id":65061,"date":"2015-12-22T14:45:36","date_gmt":"2015-12-22T17:45:36","guid":{"rendered":"http:\/\/www.eltrabajo.cl\/portal\/?p=65061"},"modified":"2015-12-22T14:45:36","modified_gmt":"2015-12-22T17:45:36","slug":"indignacion-en-concejo-municipal-de-panquehue-por-nueva-postergacion-de-licitacion-para-el-nuevo-cesfam","status":"publish","type":"post","link":"https:\/\/eltrabajo.cl\/portal\/indignacion-en-concejo-municipal-de-panquehue-por-nueva-postergacion-de-licitacion-para-el-nuevo-cesfam\/","title":{"rendered":"Indignaci\u00f3n en Concejo Municipal de Panquehue por nueva postergaci\u00f3n de licitaci\u00f3n para el nuevo Cesfam"},"content":{"rendered":"<figure id=\"attachment_65062\" aria-describedby=\"caption-attachment-65062\" style=\"width: 300px\" class=\"wp-caption alignleft\"><img data-recalc-dims=\"1\" loading=\"lazy\" decoding=\"async\" class=\"wp-image-65062 size-medium\" src=\"https:\/\/i0.wp.com\/www.eltrabajo.cl\/portal\/wp-content\/uploads\/2015\/12\/Reunion-cesfam-Panquehue-300x199.jpg?resize=300%2C199\" alt=\"En una sesi\u00f3n extraordinaria del Concejo Municipal, se inform\u00f3 los motivos por los que se declar\u00f3 desierta por segunda oportunidad la licitaci\u00f3n de la construcci\u00f3n del Cesfam de Panquehue.\" width=\"300\" height=\"199\" srcset=\"https:\/\/i0.wp.com\/eltrabajo.cl\/portal\/wp-content\/uploads\/2015\/12\/Reunion-cesfam-Panquehue.jpg?resize=300%2C199&amp;ssl=1 300w, https:\/\/i0.wp.com\/eltrabajo.cl\/portal\/wp-content\/uploads\/2015\/12\/Reunion-cesfam-Panquehue.jpg?resize=200%2C133&amp;ssl=1 200w, https:\/\/i0.wp.com\/eltrabajo.cl\/portal\/wp-content\/uploads\/2015\/12\/Reunion-cesfam-Panquehue.jpg?resize=226%2C150&amp;ssl=1 226w, https:\/\/i0.wp.com\/eltrabajo.cl\/portal\/wp-content\/uploads\/2015\/12\/Reunion-cesfam-Panquehue.jpg?resize=400%2C265&amp;ssl=1 400w, https:\/\/i0.wp.com\/eltrabajo.cl\/portal\/wp-content\/uploads\/2015\/12\/Reunion-cesfam-Panquehue.jpg?w=528&amp;ssl=1 528w\" sizes=\"auto, (max-width: 300px) 100vw, 300px\" \/><figcaption id=\"caption-attachment-65062\" class=\"wp-caption-text\">En una sesi\u00f3n extraordinaria del Concejo Municipal, se inform\u00f3 los motivos por los que se declar\u00f3 desierta por segunda oportunidad la licitaci\u00f3n de la construcci\u00f3n del Cesfam de Panquehue.<\/figcaption><\/figure>\n<p><strong>PANQUEHUE.<\/strong>&#8211; \u201cSiento rabia, tristeza y molestia por el da\u00f1o que se est\u00e1 provocando a los vecinos de mi comuna de Panquehue, pues no es posible que en casi un a\u00f1o y medio, no se pueda concretar un proceso de licitaci\u00f3n, para la construcci\u00f3n de un nuevo Cesfam\u201d, con estas palabras el alcalde Luis Pradenas lament\u00f3 que por segunda vez se determine desierta la licitaci\u00f3n de este proyecto.<br \/>\nA trav\u00e9s de una sesi\u00f3n extraordinaria de concejo, Hugo Guajardo y Humberto Opazo, ambos funcionarios del Servicio de Salud Aconcagua, informaron los motivos por lo que se tuvo que declarar desierta por segunda oportunidad, el proceso de licitaci\u00f3n de la construcci\u00f3n del Cesfam de Panquehue.<br \/>\nSe se\u00f1al\u00f3 al respecto que el proyecto, con una inversi\u00f3n de $ 2.119.682.000 millones de pesos, inici\u00f3 su proceso de licitaci\u00f3n el 30 de septiembre, donde hubo cuatro empresas que registraron distintas ofertas, sin embargo la empresa Soto y Brice\u00f1o Ltda, que estaba dentro del presupuesto asignado, no acredit\u00f3 toda la documentaci\u00f3n requerida en las bases de licitaci\u00f3n, por lo que se tendr\u00e1 que efectuar un nuevo llamado en la primera semana de enero, previo envi\u00f3 de un documento al Gobierno Regional, con el fin de hacer el traspaso de los recursos a la glosa de inversi\u00f3n 2016.<br \/>\nEstas explicaciones carecen de fundamento y dejan de manifiesto que el servicio de salud, como unidad t\u00e9cnica, no ha sido lo suficientemente efectiva, para instruir a las empresas, de la obligaci\u00f3n de acreditar cada uno de los antecedentes, puesto que todo esto, lo que est\u00e1 provocando es un retraso en el inicio de obras y por ende solo se est\u00e1 castigando a la comunidad de Panquehue.<br \/>\nEl alcalde Pradenas, tras una votaci\u00f3n de concejo, acord\u00f3 solicitar al Gobierno Regional que la municipalidad desde ahora sea la unidad t\u00e9cnica del proyecto y ver la factibilidad de hacer un llamado privado de licitaci\u00f3n e iniciar en los pr\u00f3ximos meses los trabajos.<br \/>\n\u201cEstoy triste y molesto porque una vez m\u00e1s haya quedado desierta la licitaci\u00f3n para la construcci\u00f3n del nuevo Cesfam para la comuna de Panquehue, pues llevamos un a\u00f1o y medio en esto. Del mismo modo tengo una molestia con la Directora de Salud Dra. Vilma Olave, quien en una sesi\u00f3n de concejo a mediados de a\u00f1o, prometi\u00f3 concretar el proceso de licitaci\u00f3n, sin embargo luego de solicitar esta reuni\u00f3n con el municipio, no se hace presente para as\u00ed responder por lo no cumplido. Creo que las autoridades debemos estar presente en lo bueno y en lo malo, pues estoy seguro que si esta obra hubiese sido adjudicada, estar\u00edan todos aqu\u00ed atribuy\u00e9ndose las gestiones del caso.<br \/>\nPor lo tanto como concejo hemos tomado un acuerdo de solicitar al Consejo Regional, ser nosotros la unidad t\u00e9cnica, porque hemos perdido la confianza en el Servicio de Salud Aconcagua, pues con el concejo lo \u00fanico que queremos es ver terminada esta obra\u201d.<br \/>\nAgreg\u00f3 el alcalde Pradenas que no es posible que un proyecto, que cuenta con financiamiento y con un terreno, no pueda construirse, porque el proceso de licitaci\u00f3n p\u00fablica no se realiza de manera eficiente.<br \/>\n\u201cSiempre en el servicio de salud tienen excusas para no iniciar esta obra, sin embargo con toda esta dilatada acci\u00f3n no justificada, los afectados son los vecinos\u201d.<br \/>\nPara el Director del Cesfam, de Panquehue Dr. Te\u00f3filo Reyes, operar en las actuales instalaciones es ya casi imposible.<br \/>\n\u201cHoy en d\u00eda tenemos muchas dificultades, pues como funcionarios nos vemos muy dificultados poder laborar en estas condiciones, no tenemos boxes adecuados, hay problema de la infraestructura y no hay ba\u00f1os para discapacitados.<br \/>\nPor lo tanto, para nosotros es una gran dificultad brindar hoy en d\u00eda una atenci\u00f3n, lamentamos que nuevamente el servicio de salud, dilate una obra muy esperada por los funcionarios y la comunidad\u201d.<br \/>\nEl proyecto que es financiado a trav\u00e9s del Fondo Nacional de Desarrollo Regional (FNDR) por intermedio del Gobierno Regional, considera una inversi\u00f3n en obras civiles, en equipamiento; en equipos; en Gastos Administrativos y consultor\u00eda.<br \/>\nTal como se informar\u00e1 el nuevo Centro de Salud Familiar tendr\u00e1 una superficie de 1.414,08 m2 para dar cobertura a 7.140 usuarios.<br \/>\nSu infraestructura cumplir\u00e1 as\u00ed con los est\u00e1ndares sanitarios vigentes y un programa m\u00e9dico arquitect\u00f3nico que permita acoger los recintos requeridos por el modelo de atenci\u00f3n de salud familiar, para lo cual se contemplan 7 box multiprop\u00f3sito; 1 box ginecol\u00f3gico; 2 box dentales; sala Ira, sala Era, Farmacia, bodega para almacenamiento del programa nacional de alimentaci\u00f3n complementaria (PNAC), bodegas, sala de trabajo cl\u00ednico, sala multiuso, \u00e1reas administrativas, casino y otros recintos cl\u00ednicos.<\/p>\n","protected":false},"excerpt":{"rendered":"<p>PANQUEHUE.&#8211; \u201cSiento rabia, tristeza y molestia por el da\u00f1o que se est\u00e1 provocando a los vecinos de mi comuna de Panquehue, pues no es posible que en casi un a\u00f1o y medio,&#8230;<\/p>\n","protected":false},"author":482,"featured_media":65062,"comment_status":"open","ping_status":"open","sticky":false,"template":"","format":"standard","meta":{"advanced_seo_description":"","jetpack_seo_html_title":"","jetpack_seo_noindex":false,"_jetpack_memberships_contains_paid_content":false,"footnotes":""},"categories":[1],"tags":[],"class_list":["post-65061","post","type-post","status-publish","format-standard","has-post-thumbnail","hentry","category-cronica"],"jetpack_featured_media_url":"https:\/\/i0.wp.com\/eltrabajo.cl\/portal\/wp-content\/uploads\/2015\/12\/Reunion-cesfam-Panquehue.jpg?fit=528%2C350&ssl=1","jetpack_sharing_enabled":true,"jetpack_likes_enabled":true,"jetpack-related-posts":[],"_links":{"self":[{"href":"https:\/\/eltrabajo.cl\/portal\/wp-json\/wp\/v2\/posts\/65061","targetHints":{"allow":["GET"]}}],"collection":[{"href":"https:\/\/eltrabajo.cl\/portal\/wp-json\/wp\/v2\/posts"}],"about":[{"href":"https:\/\/eltrabajo.cl\/portal\/wp-json\/wp\/v2\/types\/post"}],"author":[{"embeddable":true,"href":"https:\/\/eltrabajo.cl\/portal\/wp-json\/wp\/v2\/users\/482"}],"replies":[{"embeddable":true,"href":"https:\/\/eltrabajo.cl\/portal\/wp-json\/wp\/v2\/comments?post=65061"}],"version-history":[{"count":0,"href":"https:\/\/eltrabajo.cl\/portal\/wp-json\/wp\/v2\/posts\/65061\/revisions"}],"wp:featuredmedia":[{"embeddable":true,"href":"https:\/\/eltrabajo.cl\/portal\/wp-json\/wp\/v2\/media\/65062"}],"wp:attachment":[{"href":"https:\/\/eltrabajo.cl\/portal\/wp-json\/wp\/v2\/media?parent=65061"}],"wp:term":[{"taxonomy":"category","embeddable":true,"href":"https:\/\/eltrabajo.cl\/portal\/wp-json\/wp\/v2\/categories?post=65061"},{"taxonomy":"post_tag","embeddable":true,"href":"https:\/\/eltrabajo.cl\/portal\/wp-json\/wp\/v2\/tags?post=65061"}],"curies":[{"name":"wp","href":"https:\/\/api.w.org\/{rel}","templated":true}]}}