{"id":65064,"date":"2015-12-22T14:50:13","date_gmt":"2015-12-22T17:50:13","guid":{"rendered":"http:\/\/www.eltrabajo.cl\/portal\/?p=65064"},"modified":"2015-12-22T14:53:51","modified_gmt":"2015-12-22T17:53:51","slug":"incendios-consumieron-mediagua-y-pastizales-en-san-esteban","status":"publish","type":"post","link":"https:\/\/eltrabajo.cl\/portal\/incendios-consumieron-mediagua-y-pastizales-en-san-esteban\/","title":{"rendered":"Incendios consumieron mediagua y pastizales en San Esteban"},"content":{"rendered":"<figure id=\"attachment_65065\" aria-describedby=\"caption-attachment-65065\" style=\"width: 300px\" class=\"wp-caption alignleft\"><img data-recalc-dims=\"1\" loading=\"lazy\" decoding=\"async\" class=\"wp-image-65065 size-medium\" src=\"https:\/\/i0.wp.com\/www.eltrabajo.cl\/portal\/wp-content\/uploads\/2015\/12\/fardos1-300x198.jpg?resize=300%2C198\" alt=\"Durante la madrugada del s\u00e1bado, se gener\u00f3 el segundo incendio, esta vez de pastizales, al que debieron acudir Bomberos de Santa Mar\u00eda y Los Andes, para lograr reducirlo. \" width=\"300\" height=\"198\" srcset=\"https:\/\/i0.wp.com\/eltrabajo.cl\/portal\/wp-content\/uploads\/2015\/12\/fardos1.jpg?resize=300%2C198&amp;ssl=1 300w, https:\/\/i0.wp.com\/eltrabajo.cl\/portal\/wp-content\/uploads\/2015\/12\/fardos1.jpg?resize=200%2C132&amp;ssl=1 200w, https:\/\/i0.wp.com\/eltrabajo.cl\/portal\/wp-content\/uploads\/2015\/12\/fardos1.jpg?resize=227%2C150&amp;ssl=1 227w, https:\/\/i0.wp.com\/eltrabajo.cl\/portal\/wp-content\/uploads\/2015\/12\/fardos1.jpg?resize=400%2C264&amp;ssl=1 400w, https:\/\/i0.wp.com\/eltrabajo.cl\/portal\/wp-content\/uploads\/2015\/12\/fardos1.jpg?w=530&amp;ssl=1 530w\" sizes=\"auto, (max-width: 300px) 100vw, 300px\" \/><figcaption id=\"caption-attachment-65065\" class=\"wp-caption-text\">Durante la madrugada del s\u00e1bado, se gener\u00f3 el segundo incendio, esta vez de pastizales, al que debieron acudir Bomberos de Santa Mar\u00eda y Los Andes, para lograr reducirlo.<\/figcaption><\/figure>\n<p><strong>SAN ESTEBAN.<\/strong>&#8211; Dos incendios de proporciones, uno estructural y otro de pastizales debi\u00f3 combatir el cuerpo de Bomberos de San Esteban el pasado s\u00e1bado.<br \/>\nEl primero de ellos se produjo alrededor de las 00:30 horas, en calle la L\u00ednea, en el l\u00edmite de los sectores de El Cobre y Las Golondrinas donde un una mediagua que no estaba habitada result\u00f3 totalmente destruida por las llamas.<br \/>\nEl Segundo Comandante del Cuerpo de Bomberos de San Esteban, Sebasti\u00e1n Arancibia, indic\u00f3 que al llegar la vivienda estaba completamente envuelta en llamas, \u201cpor lo que trabajamos para que no se propagara este incendio hacia una vivienda que se encontraba a escasos metros\u201d.<br \/>\n\u201cLa mediagua estaba hace un par de meses sin habitantes, pero en su interior hab\u00eda algunos enseres b\u00e1sicos, los que tambi\u00e9n resultaron destruidos\u201d, apunt\u00f3 el oficial.<\/p>\n<p><strong>FARDOS DE PASTO<\/strong><br \/>\nPosteriormente, a eso de las 4 de la madrugada debieron acudir a un llamado de un incendio de pastizales en la parcela San Expedito en calle El Carmen.<br \/>\nAll\u00ed comenzaron a arder fardos de paja de trigo que estaban apilados en una gran extensi\u00f3n y con m\u00e1s de tres metros de altura.<br \/>\nPor la magnitud del siniestro se debi\u00f3 solicitar a apoyo a los cuerpos de Bomberos de Santa Mar\u00eda y Los Andes, participando en total cerca de 50 voluntarios.<br \/>\n\u201cFue un trabajo bastante arduo, porque hubo que remover con la ayuda de maquinaria e ir remojando y aparentemente fue provocado por el guano que se encontraba al costado, que es altamente combustible y muchas veces provoca incendio, lo que comenz\u00f3 a ser investigado por personal de nuestro Departamento T\u00e9cnico para establecerlo, ya que no estaba claro el inicio\u201d, expres\u00f3 el Comandante Arancibia.<br \/>\nFue tal la magnitud de este siniestro que reci\u00e9n se concluy\u00f3 con la emergencia a eso de las 13:45 horas.<\/p>\n","protected":false},"excerpt":{"rendered":"<p>SAN ESTEBAN.&#8211; Dos incendios de proporciones, uno estructural y otro de pastizales debi\u00f3 combatir el cuerpo de Bomberos de San Esteban el pasado s\u00e1bado. El primero de ellos se produjo alrededor de&#8230;<\/p>\n","protected":false},"author":482,"featured_media":65065,"comment_status":"open","ping_status":"open","sticky":false,"template":"","format":"standard","meta":{"advanced_seo_description":"","jetpack_seo_html_title":"","jetpack_seo_noindex":false,"_jetpack_memberships_contains_paid_content":false,"footnotes":""},"categories":[21],"tags":[],"class_list":["post-65064","post","type-post","status-publish","format-standard","has-post-thumbnail","hentry","category-policial"],"jetpack_featured_media_url":"https:\/\/i0.wp.com\/eltrabajo.cl\/portal\/wp-content\/uploads\/2015\/12\/fardos1.jpg?fit=530%2C350&ssl=1","jetpack_sharing_enabled":true,"jetpack_likes_enabled":true,"jetpack-related-posts":[],"_links":{"self":[{"href":"https:\/\/eltrabajo.cl\/portal\/wp-json\/wp\/v2\/posts\/65064","targetHints":{"allow":["GET"]}}],"collection":[{"href":"https:\/\/eltrabajo.cl\/portal\/wp-json\/wp\/v2\/posts"}],"about":[{"href":"https:\/\/eltrabajo.cl\/portal\/wp-json\/wp\/v2\/types\/post"}],"author":[{"embeddable":true,"href":"https:\/\/eltrabajo.cl\/portal\/wp-json\/wp\/v2\/users\/482"}],"replies":[{"embeddable":true,"href":"https:\/\/eltrabajo.cl\/portal\/wp-json\/wp\/v2\/comments?post=65064"}],"version-history":[{"count":0,"href":"https:\/\/eltrabajo.cl\/portal\/wp-json\/wp\/v2\/posts\/65064\/revisions"}],"wp:featuredmedia":[{"embeddable":true,"href":"https:\/\/eltrabajo.cl\/portal\/wp-json\/wp\/v2\/media\/65065"}],"wp:attachment":[{"href":"https:\/\/eltrabajo.cl\/portal\/wp-json\/wp\/v2\/media?parent=65064"}],"wp:term":[{"taxonomy":"category","embeddable":true,"href":"https:\/\/eltrabajo.cl\/portal\/wp-json\/wp\/v2\/categories?post=65064"},{"taxonomy":"post_tag","embeddable":true,"href":"https:\/\/eltrabajo.cl\/portal\/wp-json\/wp\/v2\/tags?post=65064"}],"curies":[{"name":"wp","href":"https:\/\/api.w.org\/{rel}","templated":true}]}}