{"id":65070,"date":"2015-12-22T14:53:04","date_gmt":"2015-12-22T17:53:04","guid":{"rendered":"http:\/\/www.eltrabajo.cl\/portal\/?p=65070"},"modified":"2015-12-22T14:53:04","modified_gmt":"2015-12-22T17:53:04","slug":"presentan-solicitud-para-remover-del-cargo-al-alcalde-caballeria","status":"publish","type":"post","link":"https:\/\/eltrabajo.cl\/portal\/presentan-solicitud-para-remover-del-cargo-al-alcalde-caballeria\/","title":{"rendered":"Presentan solicitud para remover del cargo al alcalde Caballer\u00eda"},"content":{"rendered":"<figure id=\"attachment_65071\" aria-describedby=\"caption-attachment-65071\" style=\"width: 300px\" class=\"wp-caption alignleft\"><img data-recalc-dims=\"1\" loading=\"lazy\" decoding=\"async\" class=\"wp-image-65071 size-medium\" src=\"https:\/\/i0.wp.com\/www.eltrabajo.cl\/portal\/wp-content\/uploads\/2015\/12\/Pedro-Caballeria-1-300x197.jpg?resize=300%2C197\" alt=\"Concejales solicitan remover a alcalde Pedro Caballer\u00eda por faltas a la probidad y notable abandono de deberes.\" width=\"300\" height=\"197\" srcset=\"https:\/\/i0.wp.com\/eltrabajo.cl\/portal\/wp-content\/uploads\/2015\/12\/Pedro-Caballeria-1.jpg?resize=300%2C197&amp;ssl=1 300w, https:\/\/i0.wp.com\/eltrabajo.cl\/portal\/wp-content\/uploads\/2015\/12\/Pedro-Caballeria-1.jpg?resize=200%2C131&amp;ssl=1 200w, https:\/\/i0.wp.com\/eltrabajo.cl\/portal\/wp-content\/uploads\/2015\/12\/Pedro-Caballeria-1.jpg?resize=228%2C150&amp;ssl=1 228w, https:\/\/i0.wp.com\/eltrabajo.cl\/portal\/wp-content\/uploads\/2015\/12\/Pedro-Caballeria-1.jpg?resize=400%2C263&amp;ssl=1 400w, https:\/\/i0.wp.com\/eltrabajo.cl\/portal\/wp-content\/uploads\/2015\/12\/Pedro-Caballeria-1.jpg?w=530&amp;ssl=1 530w\" sizes=\"auto, (max-width: 300px) 100vw, 300px\" \/><figcaption id=\"caption-attachment-65071\" class=\"wp-caption-text\">Concejales solicitan remover a alcalde Pedro Caballer\u00eda por faltas a la probidad y notable abandono de deberes.<\/figcaption><\/figure>\n<ul>\n<li><strong>Lo acusan de faltas graves a la probidad y notable abandono de deberes.<\/strong><\/li>\n<\/ul>\n<p><strong>RINCONADA.<\/strong>&#8211; Los concejales de la comuna de Rinconada Miguel Vargas, Humberto Fern\u00e1ndez, Rodolfo Valle y David Bustos presentaron una solicitud ante el Tribunal Regional Electoral (TER) a fin de que el alcalde Pedro Caballer\u00eda sea removido de sus funciones por faltas a la probidad y notable abandono de deberes<br \/>\n\u201cEstamos hablando de diversas situaciones que le advertimos al alcalde en sesiones de concejo, situaciones que no se ajustan a legalidad en una administraci\u00f3n p\u00fablica, y llevamos dos a\u00f1os pidiendo que se transparenten y otras se corrijan, lamentablemente jam\u00e1s tuvimos respuesta por parte del edil, es m\u00e1s, un mes antes de presentar el recurso legal se lo volvimos a hacer presente y con todas sus letras en concejo que esto ven\u00eda, pese a esto tampoco vimos ninguna voluntad del alcalde Pedro Caballer\u00eda en dar respuesta a nuestras observaciones y cumplir presupuestalmente, y como ordena a la Ley, el manejo de recursos econ\u00f3micos municipales\u201d, explic\u00f3 el concejal Bustos.<br \/>\nLos concejales denunciante se\u00f1alaron que esta es una primera etapa y que en este recurso legal se abocaron a cinco puntos que comprenden solo el presupuesto municipal y la administraci\u00f3n de recursos municipales, en total ser\u00edan diecis\u00e9is los puntos observados en que el edil rinconadino ha faltado a sus deberes por lo que nuevos recursos ante el TER se presentar\u00edan pr\u00f3ximamente.<br \/>\nLa acusaci\u00f3n en contra de Caballer\u00eda se sustenta en la falta de informaci\u00f3n para la elaboraci\u00f3n del presupuesto municipal; la falta de respaldo con informes t\u00e9cnicos de la inversi\u00f3n realizada con fondos provenientes de la ley de casinos; demora en la entrega de informaci\u00f3n sobre proyectos realizados; oponerse reiteradamente a la contrataci\u00f3n de un Serplac y entorpecer la labor fiscalizadora de los concejales.<br \/>\nEs por ello que los ediles piden la destituci\u00f3n de Pedro Caballer\u00eda, quien adem\u00e1s cuenta con muy poco respaldo ciudadano y se ve muy improbable que vuelva a ser reelecto si se presenta a las municipales de 2016.<\/p>\n","protected":false},"excerpt":{"rendered":"<p>Lo acusan de faltas graves a la probidad y notable abandono de deberes. RINCONADA.&#8211; Los concejales de la comuna de Rinconada Miguel Vargas, Humberto Fern\u00e1ndez, Rodolfo Valle y David Bustos presentaron una&#8230;<\/p>\n","protected":false},"author":482,"featured_media":65071,"comment_status":"open","ping_status":"open","sticky":false,"template":"","format":"standard","meta":{"advanced_seo_description":"","jetpack_seo_html_title":"","jetpack_seo_noindex":false,"_jetpack_memberships_contains_paid_content":false,"footnotes":""},"categories":[15],"tags":[],"class_list":["post-65070","post","type-post","status-publish","format-standard","has-post-thumbnail","hentry","category-comunidad"],"jetpack_featured_media_url":"https:\/\/i0.wp.com\/eltrabajo.cl\/portal\/wp-content\/uploads\/2015\/12\/Pedro-Caballeria-1.jpg?fit=530%2C348&ssl=1","jetpack_sharing_enabled":true,"jetpack_likes_enabled":true,"jetpack-related-posts":[],"_links":{"self":[{"href":"https:\/\/eltrabajo.cl\/portal\/wp-json\/wp\/v2\/posts\/65070","targetHints":{"allow":["GET"]}}],"collection":[{"href":"https:\/\/eltrabajo.cl\/portal\/wp-json\/wp\/v2\/posts"}],"about":[{"href":"https:\/\/eltrabajo.cl\/portal\/wp-json\/wp\/v2\/types\/post"}],"author":[{"embeddable":true,"href":"https:\/\/eltrabajo.cl\/portal\/wp-json\/wp\/v2\/users\/482"}],"replies":[{"embeddable":true,"href":"https:\/\/eltrabajo.cl\/portal\/wp-json\/wp\/v2\/comments?post=65070"}],"version-history":[{"count":0,"href":"https:\/\/eltrabajo.cl\/portal\/wp-json\/wp\/v2\/posts\/65070\/revisions"}],"wp:featuredmedia":[{"embeddable":true,"href":"https:\/\/eltrabajo.cl\/portal\/wp-json\/wp\/v2\/media\/65071"}],"wp:attachment":[{"href":"https:\/\/eltrabajo.cl\/portal\/wp-json\/wp\/v2\/media?parent=65070"}],"wp:term":[{"taxonomy":"category","embeddable":true,"href":"https:\/\/eltrabajo.cl\/portal\/wp-json\/wp\/v2\/categories?post=65070"},{"taxonomy":"post_tag","embeddable":true,"href":"https:\/\/eltrabajo.cl\/portal\/wp-json\/wp\/v2\/tags?post=65070"}],"curies":[{"name":"wp","href":"https:\/\/api.w.org\/{rel}","templated":true}]}}