{"id":65074,"date":"2015-12-22T15:03:58","date_gmt":"2015-12-22T18:03:58","guid":{"rendered":"http:\/\/www.eltrabajo.cl\/portal\/?p=65074"},"modified":"2015-12-22T15:03:58","modified_gmt":"2015-12-22T18:03:58","slug":"por-fumarse-un-pito-en-la-calle-lo-condenan-a-un-ano-y-medio-de-carcel","status":"publish","type":"post","link":"https:\/\/eltrabajo.cl\/portal\/por-fumarse-un-pito-en-la-calle-lo-condenan-a-un-ano-y-medio-de-carcel\/","title":{"rendered":"Por fumarse un &#8216;pito&#8217; en la calle lo condenan a un a\u00f1o y medio de c\u00e1rcel"},"content":{"rendered":"<figure id=\"attachment_65076\" aria-describedby=\"caption-attachment-65076\" style=\"width: 300px\" class=\"wp-caption alignleft\"><img data-recalc-dims=\"1\" loading=\"lazy\" decoding=\"async\" class=\"wp-image-65076 size-medium\" src=\"https:\/\/i0.wp.com\/www.eltrabajo.cl\/portal\/wp-content\/uploads\/2015\/12\/NICOLAS-LERTORA-1-300x198.jpg?resize=300%2C198\" alt=\"El condenado Nicol\u00e1s L\u00e9rtora Saravia fue sentenciado a la pena de 541 d\u00edas de c\u00e1rcel efectiva tras mantener en su poder marihuana por el cual fue enjuiciado por microtr\u00e1fico de drogas.\" width=\"300\" height=\"198\" srcset=\"https:\/\/i0.wp.com\/eltrabajo.cl\/portal\/wp-content\/uploads\/2015\/12\/NICOLAS-LERTORA-1.jpg?resize=300%2C198&amp;ssl=1 300w, https:\/\/i0.wp.com\/eltrabajo.cl\/portal\/wp-content\/uploads\/2015\/12\/NICOLAS-LERTORA-1.jpg?resize=200%2C132&amp;ssl=1 200w, https:\/\/i0.wp.com\/eltrabajo.cl\/portal\/wp-content\/uploads\/2015\/12\/NICOLAS-LERTORA-1.jpg?resize=227%2C150&amp;ssl=1 227w, https:\/\/i0.wp.com\/eltrabajo.cl\/portal\/wp-content\/uploads\/2015\/12\/NICOLAS-LERTORA-1.jpg?resize=400%2C264&amp;ssl=1 400w, https:\/\/i0.wp.com\/eltrabajo.cl\/portal\/wp-content\/uploads\/2015\/12\/NICOLAS-LERTORA-1.jpg?w=530&amp;ssl=1 530w\" sizes=\"auto, (max-width: 300px) 100vw, 300px\" \/><figcaption id=\"caption-attachment-65076\" class=\"wp-caption-text\">El condenado Nicol\u00e1s L\u00e9rtora Saravia fue sentenciado a la pena de 541 d\u00edas de c\u00e1rcel efectiva tras mantener en su poder marihuana por el cual fue enjuiciado por microtr\u00e1fico de drogas.<\/figcaption><\/figure>\n<p>Tras un patrullaje preventivo de OS7 de Carabineros efectuado en avenida Yungay esquina Circunvalaci\u00f3n Santa Teresa de San Felipe, se comprob\u00f3 que el condenado portaba una cantidad importante de la droga por lo cual fue sometido a un enjuiciamiento en el Tribunal Oral en Lo Penal de esta comuna.<br \/>\nA una pena de 541 d\u00edas de c\u00e1rcel efectiva y el pago de una multa de 5 unidades tributarias mensuales, fue la sentencia en contra de Nicol\u00e1s L\u00e9rtora Saravia, quien fue considerado culpable del delito de microtr\u00e1fico de drogas cometido en la comuna de San Felipe, de acuerdo a lo resuelto por el Tribunal Oral en Lo Penal de esta comuna.<br \/>\nEl Fiscal del Ministerio P\u00fablico de San Felipe, Julio Palacios Bobadilla, acus\u00f3 mediante un juicio oral al actual condenado tras los hechos ocurridos el 13 de junio de 2015. Aquel d\u00eda personal de OS7 de Carabineros efectuaba un patrullaje preventivo por avenida Yungay y observaron a un sujeto en la esquina de la avenida Circunvalaci\u00f3n Santa Teresa de San Felipe confeccionando un cigarrillo de marihuana. Los efectivos policiales se acercaron hasta este individuo para practicarle un control de identidad, comprobando que manten\u00eda la droga entre sus manos.<br \/>\nLa polic\u00eda, al revisar entre las vestimentas del actual condenado, \u00e9ste manten\u00eda 28 envoltorios de marihuana y una bolsa con 40 gramos de la misma sustancia. Asimismo L\u00e9rtora Saravia portaba la cantidad de $35.000 en efectivo, atribuible a la comercializaci\u00f3n de drogas adem\u00e1s de 80 papeles recortados utilizados para la dosificaci\u00f3n de este alucin\u00f3geno.<br \/>\nEn aquella oportunidad L\u00e9rtora en calidad de imputado, fue sometido a control de detenci\u00f3n en el Juzgado de Garant\u00eda de San Felipe para ser formalizado por la Fiscal\u00eda por el delito de microtr\u00e1fico de drogas quedando sujeto a la cautelar de prisi\u00f3n preventiva.<br \/>\nNo obstante la semana pasada el Ministerio P\u00fablico llev\u00f3 a juicio oral al acusado ante el Tribunal Oral en Lo Penal de San Felipe, exhibiendo las pruebas que demostraron su culpabilidad en los hechos descritos. Este tribunal resolvi\u00f3 condenarlo por este delito sentenciando sus actos a una pena de c\u00e1rcel efectiva que se eleva a los 541 d\u00edas de presidio.<br \/>\nLa Fiscal\u00eda se mostr\u00f3 conforme con la condena del Tribunal Oral pese a que se persegu\u00edan tres a\u00f1os de presidio efectivo: \u201cEsta persona mantiene condenas anteriores por otros delitos, estamos conforme con la sentencia del tribunal de 541 d\u00edas de presidio efectivo y una multa de 5 unidades tributarias mensuales\u201d, afirm\u00f3 el Fiscal Julio Palacios a Diario El Trabajo.<br \/>\nCabe se\u00f1alar que desde dicho dictamen judicial se encuentre firme y ejecutoriada se descontar\u00e1n los d\u00edas que estuvo privado de libertad a la fecha desde el mes de junio del presente a\u00f1o.<br \/>\n<strong>Pablo Salinas Sald\u00edas<\/strong><\/p>\n","protected":false},"excerpt":{"rendered":"<p>Tras un patrullaje preventivo de OS7 de Carabineros efectuado en avenida Yungay esquina Circunvalaci\u00f3n Santa Teresa de San Felipe, se comprob\u00f3 que el condenado portaba una cantidad importante de la droga por&#8230;<\/p>\n","protected":false},"author":482,"featured_media":65076,"comment_status":"open","ping_status":"open","sticky":false,"template":"","format":"standard","meta":{"advanced_seo_description":"","jetpack_seo_html_title":"","jetpack_seo_noindex":false,"_jetpack_memberships_contains_paid_content":false,"footnotes":""},"categories":[21],"tags":[],"class_list":["post-65074","post","type-post","status-publish","format-standard","has-post-thumbnail","hentry","category-policial"],"jetpack_featured_media_url":"https:\/\/i0.wp.com\/eltrabajo.cl\/portal\/wp-content\/uploads\/2015\/12\/NICOLAS-LERTORA-1.jpg?fit=530%2C350&ssl=1","jetpack_sharing_enabled":true,"jetpack_likes_enabled":true,"jetpack-related-posts":[],"_links":{"self":[{"href":"https:\/\/eltrabajo.cl\/portal\/wp-json\/wp\/v2\/posts\/65074","targetHints":{"allow":["GET"]}}],"collection":[{"href":"https:\/\/eltrabajo.cl\/portal\/wp-json\/wp\/v2\/posts"}],"about":[{"href":"https:\/\/eltrabajo.cl\/portal\/wp-json\/wp\/v2\/types\/post"}],"author":[{"embeddable":true,"href":"https:\/\/eltrabajo.cl\/portal\/wp-json\/wp\/v2\/users\/482"}],"replies":[{"embeddable":true,"href":"https:\/\/eltrabajo.cl\/portal\/wp-json\/wp\/v2\/comments?post=65074"}],"version-history":[{"count":0,"href":"https:\/\/eltrabajo.cl\/portal\/wp-json\/wp\/v2\/posts\/65074\/revisions"}],"wp:featuredmedia":[{"embeddable":true,"href":"https:\/\/eltrabajo.cl\/portal\/wp-json\/wp\/v2\/media\/65076"}],"wp:attachment":[{"href":"https:\/\/eltrabajo.cl\/portal\/wp-json\/wp\/v2\/media?parent=65074"}],"wp:term":[{"taxonomy":"category","embeddable":true,"href":"https:\/\/eltrabajo.cl\/portal\/wp-json\/wp\/v2\/categories?post=65074"},{"taxonomy":"post_tag","embeddable":true,"href":"https:\/\/eltrabajo.cl\/portal\/wp-json\/wp\/v2\/tags?post=65074"}],"curies":[{"name":"wp","href":"https:\/\/api.w.org\/{rel}","templated":true}]}}