{"id":65078,"date":"2015-12-23T14:16:01","date_gmt":"2015-12-23T17:16:01","guid":{"rendered":"http:\/\/www.eltrabajo.cl\/portal\/?p=65078"},"modified":"2015-12-23T14:16:01","modified_gmt":"2015-12-23T17:16:01","slug":"inauguran-segunda-exposicion-de-taller-de-arte-de-escuela-san-alberto-de-guzmanes","status":"publish","type":"post","link":"https:\/\/eltrabajo.cl\/portal\/inauguran-segunda-exposicion-de-taller-de-arte-de-escuela-san-alberto-de-guzmanes\/","title":{"rendered":"Inauguran segunda exposici\u00f3n de taller de arte de Escuela San Alberto de Guzmanes"},"content":{"rendered":"<figure id=\"attachment_65079\" aria-describedby=\"caption-attachment-65079\" style=\"width: 300px\" class=\"wp-caption alignleft\"><img data-recalc-dims=\"1\" loading=\"lazy\" decoding=\"async\" class=\"wp-image-65079 size-medium\" src=\"https:\/\/i0.wp.com\/www.eltrabajo.cl\/portal\/wp-content\/uploads\/2015\/12\/exposicion-300x198.jpg?resize=300%2C198\" alt=\"Este s\u00e1bado se inaugur\u00f3 la exposici\u00f3n \u2018Imaginando y haciendo caminos por el arte\u2019, en la escuela San Alberto de Guzmanes.\" width=\"300\" height=\"198\" srcset=\"https:\/\/i0.wp.com\/eltrabajo.cl\/portal\/wp-content\/uploads\/2015\/12\/exposicion.jpg?resize=300%2C198&amp;ssl=1 300w, https:\/\/i0.wp.com\/eltrabajo.cl\/portal\/wp-content\/uploads\/2015\/12\/exposicion.jpg?resize=200%2C132&amp;ssl=1 200w, https:\/\/i0.wp.com\/eltrabajo.cl\/portal\/wp-content\/uploads\/2015\/12\/exposicion.jpg?resize=228%2C150&amp;ssl=1 228w, https:\/\/i0.wp.com\/eltrabajo.cl\/portal\/wp-content\/uploads\/2015\/12\/exposicion.jpg?resize=400%2C263&amp;ssl=1 400w, https:\/\/i0.wp.com\/eltrabajo.cl\/portal\/wp-content\/uploads\/2015\/12\/exposicion.jpg?w=530&amp;ssl=1 530w\" sizes=\"auto, (max-width: 300px) 100vw, 300px\" \/><figcaption id=\"caption-attachment-65079\" class=\"wp-caption-text\">Este s\u00e1bado se inaugur\u00f3 la exposici\u00f3n \u2018Imaginando y haciendo caminos por el arte\u2019, en la escuela San Alberto de Guzmanes.<\/figcaption><\/figure>\n<p><strong>PUTAENDO<\/strong>.- Este s\u00e1bado 18 de diciembre la Escuela San Alberto de Rinconada de Guzmanes present\u00f3 a la comunidad de Putaendo en una hermosa ceremonia en la Casa de la Cultura, la segunda exposici\u00f3n del taller de arte en \u00f3leos denominada \u2018Imaginando y haciendo caminos por el arte\u2019 a cargo de la destacada artista local, se\u00f1ora Andrea Vergara Canelo, el cual se viene desarrollando como iniciativa del Plan de Mejoramiento Educativo que tiene el colegio desde el a\u00f1o 2010 con gran \u00e9xito ,en el cual participan alumnos desde primer a octavo a\u00f1o b\u00e1sico.<br \/>\nMarco Arancibia Silva, Director de la Escuela San Alberto, manifest\u00f3 que el objetivo de este taller es desarrollar en los alumnos creatividad, autoestima e imaginaci\u00f3n, entendiendo estos como elementos fundamentales para lograr un adecuado proceso de aprendizaje que les permita desarrollarse y descubrir las enormes potencialidades que como seres humanos ellos tienen.<br \/>\nEn la oportunidad, los asistentes entre los cuales se encontraban el se\u00f1or Patrick Vyvyan, presidente del Centro Cultural de Putaendo, Carlos Gallardo Concejal, padres y alumnos del taller junto a los docentes de la escuela San Alberto e invitados especiales pudieron disfrutar de los hermosos \u00f3leos que se expondr\u00e1n durante todo el mes de diciembre en el centro cultural y de esta forma pueda ser visitado por todo el p\u00fablico en general.<br \/>\n<strong>Patricio Gallardo M.<\/strong><\/p>\n","protected":false},"excerpt":{"rendered":"<p>PUTAENDO.- Este s\u00e1bado 18 de diciembre la Escuela San Alberto de Rinconada de Guzmanes present\u00f3 a la comunidad de Putaendo en una hermosa ceremonia en la Casa de la Cultura, la segunda&#8230;<\/p>\n","protected":false},"author":482,"featured_media":65079,"comment_status":"open","ping_status":"open","sticky":false,"template":"","format":"standard","meta":{"advanced_seo_description":"","jetpack_seo_html_title":"","jetpack_seo_noindex":false,"_jetpack_memberships_contains_paid_content":false,"footnotes":""},"categories":[15],"tags":[],"class_list":["post-65078","post","type-post","status-publish","format-standard","has-post-thumbnail","hentry","category-comunidad"],"jetpack_featured_media_url":"https:\/\/i0.wp.com\/eltrabajo.cl\/portal\/wp-content\/uploads\/2015\/12\/exposicion.jpg?fit=530%2C349&ssl=1","jetpack_sharing_enabled":true,"jetpack_likes_enabled":true,"jetpack-related-posts":[],"_links":{"self":[{"href":"https:\/\/eltrabajo.cl\/portal\/wp-json\/wp\/v2\/posts\/65078","targetHints":{"allow":["GET"]}}],"collection":[{"href":"https:\/\/eltrabajo.cl\/portal\/wp-json\/wp\/v2\/posts"}],"about":[{"href":"https:\/\/eltrabajo.cl\/portal\/wp-json\/wp\/v2\/types\/post"}],"author":[{"embeddable":true,"href":"https:\/\/eltrabajo.cl\/portal\/wp-json\/wp\/v2\/users\/482"}],"replies":[{"embeddable":true,"href":"https:\/\/eltrabajo.cl\/portal\/wp-json\/wp\/v2\/comments?post=65078"}],"version-history":[{"count":0,"href":"https:\/\/eltrabajo.cl\/portal\/wp-json\/wp\/v2\/posts\/65078\/revisions"}],"wp:featuredmedia":[{"embeddable":true,"href":"https:\/\/eltrabajo.cl\/portal\/wp-json\/wp\/v2\/media\/65079"}],"wp:attachment":[{"href":"https:\/\/eltrabajo.cl\/portal\/wp-json\/wp\/v2\/media?parent=65078"}],"wp:term":[{"taxonomy":"category","embeddable":true,"href":"https:\/\/eltrabajo.cl\/portal\/wp-json\/wp\/v2\/categories?post=65078"},{"taxonomy":"post_tag","embeddable":true,"href":"https:\/\/eltrabajo.cl\/portal\/wp-json\/wp\/v2\/tags?post=65078"}],"curies":[{"name":"wp","href":"https:\/\/api.w.org\/{rel}","templated":true}]}}