{"id":65081,"date":"2015-12-23T14:17:51","date_gmt":"2015-12-23T17:17:51","guid":{"rendered":"http:\/\/www.eltrabajo.cl\/portal\/?p=65081"},"modified":"2015-12-23T14:17:51","modified_gmt":"2015-12-23T17:17:51","slug":"una-veintena-de-profesionales-culminan-ciclo-academico-de-primer-diplomado-en-psicologia-y-psiquiatria-forense","status":"publish","type":"post","link":"https:\/\/eltrabajo.cl\/portal\/una-veintena-de-profesionales-culminan-ciclo-academico-de-primer-diplomado-en-psicologia-y-psiquiatria-forense\/","title":{"rendered":"Una veintena de profesionales culminan ciclo acad\u00e9mico de primer Diplomado en Psicolog\u00eda y Psiquiatr\u00eda Forense"},"content":{"rendered":"<figure id=\"attachment_65082\" aria-describedby=\"caption-attachment-65082\" style=\"width: 300px\" class=\"wp-caption alignleft\"><img data-recalc-dims=\"1\" loading=\"lazy\" decoding=\"async\" class=\"wp-image-65082 size-medium\" src=\"https:\/\/i0.wp.com\/www.eltrabajo.cl\/portal\/wp-content\/uploads\/2015\/12\/Finalizacion-Diplomado-Forense-300x198.jpg?resize=300%2C198\" alt=\"28 profesionales finalizaron la etapa acad\u00e9mica del primer Diplomado en Psicolog\u00eda y Psiquiatr\u00eda Forense que llev\u00f3 adelante el Hospital Psiqui\u00e1trico Dr. Philippe Pinel.\" width=\"300\" height=\"198\" srcset=\"https:\/\/i0.wp.com\/eltrabajo.cl\/portal\/wp-content\/uploads\/2015\/12\/Finalizacion-Diplomado-Forense.jpg?resize=300%2C198&amp;ssl=1 300w, https:\/\/i0.wp.com\/eltrabajo.cl\/portal\/wp-content\/uploads\/2015\/12\/Finalizacion-Diplomado-Forense.jpg?resize=200%2C132&amp;ssl=1 200w, https:\/\/i0.wp.com\/eltrabajo.cl\/portal\/wp-content\/uploads\/2015\/12\/Finalizacion-Diplomado-Forense.jpg?resize=228%2C150&amp;ssl=1 228w, https:\/\/i0.wp.com\/eltrabajo.cl\/portal\/wp-content\/uploads\/2015\/12\/Finalizacion-Diplomado-Forense.jpg?resize=400%2C263&amp;ssl=1 400w, https:\/\/i0.wp.com\/eltrabajo.cl\/portal\/wp-content\/uploads\/2015\/12\/Finalizacion-Diplomado-Forense.jpg?w=530&amp;ssl=1 530w\" sizes=\"auto, (max-width: 300px) 100vw, 300px\" \/><figcaption id=\"caption-attachment-65082\" class=\"wp-caption-text\">28 profesionales finalizaron la etapa acad\u00e9mica del primer Diplomado en Psicolog\u00eda y Psiquiatr\u00eda Forense que llev\u00f3 adelante el Hospital Psiqui\u00e1trico Dr. Philippe Pinel.<\/figcaption><\/figure>\n<ul>\n<li><strong>A trav\u00e9s de la adquisici\u00f3n de nuevos conocimientos, la instituci\u00f3n de salud mental comienza a perfeccionar sus metodolog\u00edas de evaluaci\u00f3n e intervenci\u00f3n en el Sistema de Psiquiatr\u00eda Forense.<\/strong><\/li>\n<\/ul>\n<p><strong>PUTAENDO.<\/strong>&#8211; Con \u00e9xito 28 profesionales del Hospital Psiqui\u00e1trico Dr. Philippe Pinel de Putaendo finalizaron la etapa acad\u00e9mica del primer Diplomado en Psicolog\u00eda y Psiquiatr\u00eda Forense que llev\u00f3 adelante el establecimiento y que fue impartido por la Universidad del Desarrollo, lo que conlleva a que el Hospital comience a perfeccionar sus protocolos de evaluaci\u00f3n e intervenci\u00f3n.<br \/>\nEste programa comenz\u00f3 en mayo de este a\u00f1o y entre las tem\u00e1ticas aprendidas por los profesionales sobre la materia se cuentan las relacionadas con las directrices b\u00e1sicas en la evaluaci\u00f3n forense y la intervenci\u00f3n con poblaci\u00f3n de dif\u00edcil manejo. Dentro de los cursos del diplomado, los estudiantes cursaron clases de Marco Legal, Evaluaci\u00f3n Forense, actualizaci\u00f3n en metodolog\u00eda de la investigaci\u00f3n, entre otras.<br \/>\n\u201cEste diplomado vino a reforzar los conocimientos que nosotros ya pose\u00edamos, y evidentemente que esta experiencia nos brind\u00f3 nuevos conceptos y herramientas\u201d, afirm\u00f3 el terapeuta ocupacional Julio Mu\u00f1oz Hermosilla, Jefe de la Unidad Forense de Alta Complejidad, quien relev\u00f3 la mirada de trabajo en equipo brindada en esta instancia acad\u00e9mica y la incorporaci\u00f3n de nuevas t\u00e9cnicas que se est\u00e1n utilizando a nivel mundial en el \u00e1rea forense, principalmente en lo orientado a evaluaci\u00f3n desde la mirada de la neurociencia \u201calgo tremendamente relevante para la pericia y las intervenciones\u201d, recalc\u00f3 el profesional.<br \/>\nPara el Dr. Nathan Arenas Pessa, m\u00e9dico psiquiatra y Jefe del Sistema de Psiquiatr\u00eda Forense del Hospital Psiqui\u00e1trico de Putaendo, la nueva perspectiva que se adopta al culminar este primer diplomado forense permite tener un enfoque sobre las patolog\u00edas psiqui\u00e1tricas que se ven en los usuarios complejos que recibe el establecimiento \u201cy que pueden recibir un tratamiento m\u00e1s adecuado, sobre todo en casos de trastornos de personalidad. Cuando uno revisa todo lo aprendido en el diplomado se puede dar cuenta que ha logrado grandes aportes para poder manejar usuarios complejos, y eso nos ha permitido tener mejores ideas para trabajar y mejorar el apoyo mutuo en los equipos de trabajo\u201d, concluy\u00f3.<br \/>\nCabe mencionar que las unidades de Psiquiatr\u00eda Forense del Hospital Psiqui\u00e1trico Dr. Philippe Pinel de Putaendo poseen una relevancia a nivel nacional y latinoamericano, situ\u00e1ndolo como un referente en la materia.<\/p>\n","protected":false},"excerpt":{"rendered":"<p>A trav\u00e9s de la adquisici\u00f3n de nuevos conocimientos, la instituci\u00f3n de salud mental comienza a perfeccionar sus metodolog\u00edas de evaluaci\u00f3n e intervenci\u00f3n en el Sistema de Psiquiatr\u00eda Forense. PUTAENDO.&#8211; Con \u00e9xito 28&#8230;<\/p>\n","protected":false},"author":482,"featured_media":65082,"comment_status":"open","ping_status":"open","sticky":false,"template":"","format":"standard","meta":{"advanced_seo_description":"","jetpack_seo_html_title":"","jetpack_seo_noindex":false,"_jetpack_memberships_contains_paid_content":false,"footnotes":""},"categories":[15],"tags":[],"class_list":["post-65081","post","type-post","status-publish","format-standard","has-post-thumbnail","hentry","category-comunidad"],"jetpack_featured_media_url":"https:\/\/i0.wp.com\/eltrabajo.cl\/portal\/wp-content\/uploads\/2015\/12\/Finalizacion-Diplomado-Forense.jpg?fit=530%2C349&ssl=1","jetpack_sharing_enabled":true,"jetpack_likes_enabled":true,"jetpack-related-posts":[],"_links":{"self":[{"href":"https:\/\/eltrabajo.cl\/portal\/wp-json\/wp\/v2\/posts\/65081","targetHints":{"allow":["GET"]}}],"collection":[{"href":"https:\/\/eltrabajo.cl\/portal\/wp-json\/wp\/v2\/posts"}],"about":[{"href":"https:\/\/eltrabajo.cl\/portal\/wp-json\/wp\/v2\/types\/post"}],"author":[{"embeddable":true,"href":"https:\/\/eltrabajo.cl\/portal\/wp-json\/wp\/v2\/users\/482"}],"replies":[{"embeddable":true,"href":"https:\/\/eltrabajo.cl\/portal\/wp-json\/wp\/v2\/comments?post=65081"}],"version-history":[{"count":0,"href":"https:\/\/eltrabajo.cl\/portal\/wp-json\/wp\/v2\/posts\/65081\/revisions"}],"wp:featuredmedia":[{"embeddable":true,"href":"https:\/\/eltrabajo.cl\/portal\/wp-json\/wp\/v2\/media\/65082"}],"wp:attachment":[{"href":"https:\/\/eltrabajo.cl\/portal\/wp-json\/wp\/v2\/media?parent=65081"}],"wp:term":[{"taxonomy":"category","embeddable":true,"href":"https:\/\/eltrabajo.cl\/portal\/wp-json\/wp\/v2\/categories?post=65081"},{"taxonomy":"post_tag","embeddable":true,"href":"https:\/\/eltrabajo.cl\/portal\/wp-json\/wp\/v2\/tags?post=65081"}],"curies":[{"name":"wp","href":"https:\/\/api.w.org\/{rel}","templated":true}]}}