{"id":65091,"date":"2015-12-23T14:23:14","date_gmt":"2015-12-23T17:23:14","guid":{"rendered":"http:\/\/www.eltrabajo.cl\/portal\/?p=65091"},"modified":"2015-12-23T14:23:14","modified_gmt":"2015-12-23T17:23:14","slug":"alcalde-freire-evoco-a-viejito-pascuero-en-escuela-especial-sagrado-corazon","status":"publish","type":"post","link":"https:\/\/eltrabajo.cl\/portal\/alcalde-freire-evoco-a-viejito-pascuero-en-escuela-especial-sagrado-corazon\/","title":{"rendered":"Alcalde Freire evoc\u00f3 a Viejito Pascuero en Escuela Especial Sagrado Coraz\u00f3n"},"content":{"rendered":"<figure id=\"attachment_65092\" aria-describedby=\"caption-attachment-65092\" style=\"width: 300px\" class=\"wp-caption alignleft\"><img data-recalc-dims=\"1\" loading=\"lazy\" decoding=\"async\" class=\"wp-image-65092 size-medium\" src=\"https:\/\/i0.wp.com\/www.eltrabajo.cl\/portal\/wp-content\/uploads\/2015\/12\/FOTO-7-ALCALDE-FREIRE-ENTREGANDO-LOS-REGALOS-DE-NAVIDAD-A-LOS-NINOS-DE-LA-ESCUELA-ESPECIAL-SAGRADO-CORAZON-300x198.jpg?resize=300%2C198\" alt=\"Alcalde Freire entregando los regalos de navidad a los ni\u00f1os de la Escuela Especial Sagrado Coraz\u00f3n.\" width=\"300\" height=\"198\" srcset=\"https:\/\/i0.wp.com\/eltrabajo.cl\/portal\/wp-content\/uploads\/2015\/12\/FOTO-7-ALCALDE-FREIRE-ENTREGANDO-LOS-REGALOS-DE-NAVIDAD-A-LOS-NINOS-DE-LA-ESCUELA-ESPECIAL-SAGRADO-CORAZON.jpg?resize=300%2C198&amp;ssl=1 300w, https:\/\/i0.wp.com\/eltrabajo.cl\/portal\/wp-content\/uploads\/2015\/12\/FOTO-7-ALCALDE-FREIRE-ENTREGANDO-LOS-REGALOS-DE-NAVIDAD-A-LOS-NINOS-DE-LA-ESCUELA-ESPECIAL-SAGRADO-CORAZON.jpg?resize=200%2C132&amp;ssl=1 200w, https:\/\/i0.wp.com\/eltrabajo.cl\/portal\/wp-content\/uploads\/2015\/12\/FOTO-7-ALCALDE-FREIRE-ENTREGANDO-LOS-REGALOS-DE-NAVIDAD-A-LOS-NINOS-DE-LA-ESCUELA-ESPECIAL-SAGRADO-CORAZON.jpg?resize=227%2C150&amp;ssl=1 227w, https:\/\/i0.wp.com\/eltrabajo.cl\/portal\/wp-content\/uploads\/2015\/12\/FOTO-7-ALCALDE-FREIRE-ENTREGANDO-LOS-REGALOS-DE-NAVIDAD-A-LOS-NINOS-DE-LA-ESCUELA-ESPECIAL-SAGRADO-CORAZON.jpg?resize=400%2C264&amp;ssl=1 400w, https:\/\/i0.wp.com\/eltrabajo.cl\/portal\/wp-content\/uploads\/2015\/12\/FOTO-7-ALCALDE-FREIRE-ENTREGANDO-LOS-REGALOS-DE-NAVIDAD-A-LOS-NINOS-DE-LA-ESCUELA-ESPECIAL-SAGRADO-CORAZON.jpg?w=530&amp;ssl=1 530w\" sizes=\"auto, (max-width: 300px) 100vw, 300px\" \/><figcaption id=\"caption-attachment-65092\" class=\"wp-caption-text\">Alcalde Freire entregando los regalos de navidad a los ni\u00f1os de la Escuela Especial Sagrado Coraz\u00f3n.<\/figcaption><\/figure>\n<ul>\n<li><strong>El establecimiento que cuenta con una matr\u00edcula de 105 alumnos con capacidades diferentes fue escenario de un emotivo momento entre los ni\u00f1os y la m\u00e1xima autoridad comunal.<\/strong><\/li>\n<\/ul>\n<p>Uno de los ritos navide\u00f1os que ya es todo un cl\u00e1sico en la ciudad de San Felipe, es la entrega de Regalos que la m\u00e1xima autoridad comunal, en este caso el alcalde Patricio Freire, simbolizando al Viejito Pascuero, realiza a cada uno de los ni\u00f1os que forman parte del plantel educacional de la Escuela Especial Sagrado Coraz\u00f3n.<br \/>\nEste episodio navide\u00f1o lleno de energ\u00eda y emotividad se vivi\u00f3 en la jornada de ayer en dependencias del establecimiento ubicado en calle Joaqu\u00edn Oliva. En la oportunidad el edil sanfelipe\u00f1o, se mostr\u00f3 emocionado ante la presentaci\u00f3n art\u00edstica que le regalaron algunos de los estudiantes y asegur\u00f3 que \u201cver la carita de los ni\u00f1os, la felicidad de celebrar esta fiesta navide\u00f1a a todos nos llena de alegr\u00eda y regocijo\u201d, asever\u00f3.<br \/>\nAdem\u00e1s Freire fue enf\u00e1tico en recordar que el municipio que dirige est\u00e1 siempre pensando en la inclusi\u00f3n y a\u00f1adi\u00f3 que \u201cSan Felipe es una comuna de todas y de todos, por lo que la inclusi\u00f3n de las personas con capacidades diferentes es un sello de nuestro trabajo, hoy la navidad la celebramos ac\u00e1 porque as\u00ed lo sentimos\u201d, puntualiz\u00f3.<br \/>\nPor su parte, la directora subrogante de la Escuela Sagrado Coraz\u00f3n, Jenny Fuenzalida Valencia destac\u00f3 la enorme relevancia que tiene para los ni\u00f1os la figura del alcalde formando parte de la entrega de regalos e indic\u00f3 que \u201cnosotros como todos los a\u00f1os recibimos ansiosos la visita del Viejito Pascuero, representado por el alcalde, sentimos que esta iniciativa se ha vuelto una costumbre y los ni\u00f1os y los funcionarios lo reciben gustoso\u201d, explic\u00f3.<br \/>\nAs\u00ed mismo, Fuenzalida destac\u00f3 que este tipo de actividades fortalece el esp\u00edritu de compartir y ser generosos, inundando toda la ciudad y bajo ese prisma el establecimiento se hace participe con esta entrega de obsequios en donde los ni\u00f1os son los m\u00e1s felices.<br \/>\nLa Escuela Especial Sagrado Coraz\u00f3n, actualmente tiene una matr\u00edcula de 105 alumnos provenientes de Panquehue, Santa Mar\u00eda, Curim\u00f3n y San Felipe.<\/p>\n<div class=\"tiled-gallery type-rectangular tiled-gallery-unresized\" data-original-width=\"640\" data-carousel-extra='null' itemscope itemtype=\"http:\/\/schema.org\/ImageGallery\" > <div class=\"gallery-row\" style=\"width: 640px; height: 211px;\" data-original-width=\"640\" data-original-height=\"211\" > <div class=\"gallery-group images-1\" style=\"width: 320px; height: 211px;\" data-original-width=\"320\" data-original-height=\"211\" > <div class=\"tiled-gallery-item tiled-gallery-item-large\" itemprop=\"associatedMedia\" itemscope itemtype=\"http:\/\/schema.org\/ImageObject\"> <a href=\"https:\/\/eltrabajo.cl\/portal\/alcalde-freire-evoco-a-viejito-pascuero-en-escuela-especial-sagrado-corazon\/foto-6-patricio-freire\/\" border=\"0\" itemprop=\"url\"> <meta itemprop=\"width\" content=\"316\"> <meta itemprop=\"height\" content=\"207\"> <img decoding=\"async\" class=\"\" data-attachment-id=\"65093\" data-orig-file=\"https:\/\/eltrabajo.cl\/portal\/wp-content\/uploads\/2015\/12\/FOTO-6-PATRICIO-FREIRE.jpg\" data-orig-size=\"530,348\" data-comments-opened=\"1\" data-image-meta=\"{&quot;aperture&quot;:&quot;0&quot;,&quot;credit&quot;:&quot;&quot;,&quot;camera&quot;:&quot;&quot;,&quot;caption&quot;:&quot;&quot;,&quot;created_timestamp&quot;:&quot;0&quot;,&quot;copyright&quot;:&quot;Copyright 2012&quot;,&quot;focal_length&quot;:&quot;0&quot;,&quot;iso&quot;:&quot;0&quot;,&quot;shutter_speed&quot;:&quot;0&quot;,&quot;title&quot;:&quot;&quot;,&quot;orientation&quot;:&quot;0&quot;}\" data-image-title=\"FOTO 6 PATRICIO FREIRE\" data-image-description=\"&lt;p&gt;Alcalde de San Felipe, Patricio Freire junto a la directora (s) de la Escuela Especial Sagrado Coraz\u00f3n, Yenny Fuenzalida Valencia.&lt;\/p&gt; \" data-medium-file=\"https:\/\/i0.wp.com\/eltrabajo.cl\/portal\/wp-content\/uploads\/2015\/12\/FOTO-6-PATRICIO-FREIRE.jpg?fit=300%2C197&#038;ssl=1\" data-large-file=\"https:\/\/i0.wp.com\/eltrabajo.cl\/portal\/wp-content\/uploads\/2015\/12\/FOTO-6-PATRICIO-FREIRE.jpg?fit=530%2C348&#038;ssl=1\" src=\"https:\/\/i0.wp.com\/eltrabajo.cl\/portal\/wp-content\/uploads\/2015\/12\/FOTO-6-PATRICIO-FREIRE.jpg?w=316&#038;h=207&#038;ssl=1\" srcset=\"https:\/\/i0.wp.com\/eltrabajo.cl\/portal\/wp-content\/uploads\/2015\/12\/FOTO-6-PATRICIO-FREIRE.jpg?w=530&amp;ssl=1 530w, https:\/\/i0.wp.com\/eltrabajo.cl\/portal\/wp-content\/uploads\/2015\/12\/FOTO-6-PATRICIO-FREIRE.jpg?resize=200%2C131&amp;ssl=1 200w, https:\/\/i0.wp.com\/eltrabajo.cl\/portal\/wp-content\/uploads\/2015\/12\/FOTO-6-PATRICIO-FREIRE.jpg?resize=300%2C197&amp;ssl=1 300w, https:\/\/i0.wp.com\/eltrabajo.cl\/portal\/wp-content\/uploads\/2015\/12\/FOTO-6-PATRICIO-FREIRE.jpg?resize=228%2C150&amp;ssl=1 228w, https:\/\/i0.wp.com\/eltrabajo.cl\/portal\/wp-content\/uploads\/2015\/12\/FOTO-6-PATRICIO-FREIRE.jpg?resize=400%2C263&amp;ssl=1 400w\" width=\"316\" height=\"207\" loading=\"lazy\" data-original-width=\"316\" data-original-height=\"207\" itemprop=\"http:\/\/schema.org\/image\" title=\"FOTO 6 PATRICIO FREIRE\" alt=\"Alcalde de San Felipe, Patricio Freire junto a la directora (s) de la Escuela Especial Sagrado Coraz\u00f3n, Yenny Fuenzalida Valencia.\" style=\"width: 316px; height: 207px;\" \/> <\/a> <div class=\"tiled-gallery-caption\" itemprop=\"caption description\"> Alcalde de San Felipe, Patricio Freire junto a la directora (s) de la Escuela Especial Sagrado Coraz\u00f3n, Yenny Fuenzalida Valencia. <\/div> <\/div> <\/div> <!-- close group --> <div class=\"gallery-group images-1\" style=\"width: 320px; height: 211px;\" data-original-width=\"320\" data-original-height=\"211\" > <div class=\"tiled-gallery-item tiled-gallery-item-large\" itemprop=\"associatedMedia\" itemscope itemtype=\"http:\/\/schema.org\/ImageObject\"> <a href=\"https:\/\/eltrabajo.cl\/portal\/alcalde-freire-evoco-a-viejito-pascuero-en-escuela-especial-sagrado-corazon\/foto-8-reina-saa-alumna-que-interpreto-dos-canciones-navidenas-durante-la-ceremonia-de-entrega-de-regalos\/\" border=\"0\" itemprop=\"url\"> <meta itemprop=\"width\" content=\"316\"> <meta itemprop=\"height\" content=\"207\"> <img decoding=\"async\" class=\"\" data-attachment-id=\"65094\" data-orig-file=\"https:\/\/eltrabajo.cl\/portal\/wp-content\/uploads\/2015\/12\/FOTO-8-REINA-SAA-ALUMNA-QUE-INTERPRETO-DOS-CANCIONES-NAVIDENAS-DURANTE-LA-CEREMONIA-DE-ENTREGA-DE-REGALOS.jpg\" data-orig-size=\"530,348\" data-comments-opened=\"1\" data-image-meta=\"{&quot;aperture&quot;:&quot;0&quot;,&quot;credit&quot;:&quot;&quot;,&quot;camera&quot;:&quot;&quot;,&quot;caption&quot;:&quot;&quot;,&quot;created_timestamp&quot;:&quot;0&quot;,&quot;copyright&quot;:&quot;Copyright 2012&quot;,&quot;focal_length&quot;:&quot;0&quot;,&quot;iso&quot;:&quot;0&quot;,&quot;shutter_speed&quot;:&quot;0&quot;,&quot;title&quot;:&quot;&quot;,&quot;orientation&quot;:&quot;0&quot;}\" data-image-title=\"FOTO 8 REINA SAA ALUMNA QUE INTERPRETO DOS CANCIONES NAVIDENAS DURANTE LA CEREMONIA DE ENTREGA DE REGALOS\" data-image-description=\"&lt;p&gt;Reina Saa, alumna que interpret\u00f3 dos canciones navide\u00f1as durante la ceremonia de entrega de regalos.&lt;\/p&gt; \" data-medium-file=\"https:\/\/i0.wp.com\/eltrabajo.cl\/portal\/wp-content\/uploads\/2015\/12\/FOTO-8-REINA-SAA-ALUMNA-QUE-INTERPRETO-DOS-CANCIONES-NAVIDENAS-DURANTE-LA-CEREMONIA-DE-ENTREGA-DE-REGALOS.jpg?fit=300%2C197&#038;ssl=1\" data-large-file=\"https:\/\/i0.wp.com\/eltrabajo.cl\/portal\/wp-content\/uploads\/2015\/12\/FOTO-8-REINA-SAA-ALUMNA-QUE-INTERPRETO-DOS-CANCIONES-NAVIDENAS-DURANTE-LA-CEREMONIA-DE-ENTREGA-DE-REGALOS.jpg?fit=530%2C348&#038;ssl=1\" src=\"https:\/\/i0.wp.com\/eltrabajo.cl\/portal\/wp-content\/uploads\/2015\/12\/FOTO-8-REINA-SAA-ALUMNA-QUE-INTERPRETO-DOS-CANCIONES-NAVIDENAS-DURANTE-LA-CEREMONIA-DE-ENTREGA-DE-REGALOS.jpg?w=316&#038;h=207&#038;ssl=1\" srcset=\"https:\/\/i0.wp.com\/eltrabajo.cl\/portal\/wp-content\/uploads\/2015\/12\/FOTO-8-REINA-SAA-ALUMNA-QUE-INTERPRETO-DOS-CANCIONES-NAVIDENAS-DURANTE-LA-CEREMONIA-DE-ENTREGA-DE-REGALOS.jpg?w=530&amp;ssl=1 530w, https:\/\/i0.wp.com\/eltrabajo.cl\/portal\/wp-content\/uploads\/2015\/12\/FOTO-8-REINA-SAA-ALUMNA-QUE-INTERPRETO-DOS-CANCIONES-NAVIDENAS-DURANTE-LA-CEREMONIA-DE-ENTREGA-DE-REGALOS.jpg?resize=200%2C131&amp;ssl=1 200w, https:\/\/i0.wp.com\/eltrabajo.cl\/portal\/wp-content\/uploads\/2015\/12\/FOTO-8-REINA-SAA-ALUMNA-QUE-INTERPRETO-DOS-CANCIONES-NAVIDENAS-DURANTE-LA-CEREMONIA-DE-ENTREGA-DE-REGALOS.jpg?resize=300%2C197&amp;ssl=1 300w, https:\/\/i0.wp.com\/eltrabajo.cl\/portal\/wp-content\/uploads\/2015\/12\/FOTO-8-REINA-SAA-ALUMNA-QUE-INTERPRETO-DOS-CANCIONES-NAVIDENAS-DURANTE-LA-CEREMONIA-DE-ENTREGA-DE-REGALOS.jpg?resize=228%2C150&amp;ssl=1 228w, https:\/\/i0.wp.com\/eltrabajo.cl\/portal\/wp-content\/uploads\/2015\/12\/FOTO-8-REINA-SAA-ALUMNA-QUE-INTERPRETO-DOS-CANCIONES-NAVIDENAS-DURANTE-LA-CEREMONIA-DE-ENTREGA-DE-REGALOS.jpg?resize=400%2C263&amp;ssl=1 400w\" width=\"316\" height=\"207\" loading=\"lazy\" data-original-width=\"316\" data-original-height=\"207\" itemprop=\"http:\/\/schema.org\/image\" title=\"FOTO 8 REINA SAA ALUMNA QUE INTERPRETO DOS CANCIONES NAVIDENAS DURANTE LA CEREMONIA DE ENTREGA DE REGALOS\" alt=\"Reina Saa, alumna que interpret\u00f3 dos canciones navide\u00f1as durante la ceremonia de entrega de regalos.\" style=\"width: 316px; height: 207px;\" \/> <\/a> <div class=\"tiled-gallery-caption\" itemprop=\"caption description\"> Reina Saa, alumna que interpret\u00f3 dos canciones navide\u00f1as durante la ceremonia de entrega de regalos. <\/div> <\/div> <\/div> <!-- close group --> <\/div> <!-- close row --> <\/div>\n","protected":false},"excerpt":{"rendered":"<p>El establecimiento que cuenta con una matr\u00edcula de 105 alumnos con capacidades diferentes fue escenario de un emotivo momento entre los ni\u00f1os y la m\u00e1xima autoridad comunal. Uno de los ritos navide\u00f1os&#8230;<\/p>\n","protected":false},"author":482,"featured_media":65092,"comment_status":"open","ping_status":"open","sticky":false,"template":"","format":"standard","meta":{"advanced_seo_description":"","jetpack_seo_html_title":"","jetpack_seo_noindex":false,"_jetpack_memberships_contains_paid_content":false,"footnotes":""},"categories":[15],"tags":[],"class_list":["post-65091","post","type-post","status-publish","format-standard","has-post-thumbnail","hentry","category-comunidad"],"jetpack_featured_media_url":"https:\/\/i0.wp.com\/eltrabajo.cl\/portal\/wp-content\/uploads\/2015\/12\/FOTO-7-ALCALDE-FREIRE-ENTREGANDO-LOS-REGALOS-DE-NAVIDAD-A-LOS-NINOS-DE-LA-ESCUELA-ESPECIAL-SAGRADO-CORAZON.jpg?fit=530%2C350&ssl=1","jetpack_sharing_enabled":true,"jetpack_likes_enabled":true,"jetpack-related-posts":[],"_links":{"self":[{"href":"https:\/\/eltrabajo.cl\/portal\/wp-json\/wp\/v2\/posts\/65091","targetHints":{"allow":["GET"]}}],"collection":[{"href":"https:\/\/eltrabajo.cl\/portal\/wp-json\/wp\/v2\/posts"}],"about":[{"href":"https:\/\/eltrabajo.cl\/portal\/wp-json\/wp\/v2\/types\/post"}],"author":[{"embeddable":true,"href":"https:\/\/eltrabajo.cl\/portal\/wp-json\/wp\/v2\/users\/482"}],"replies":[{"embeddable":true,"href":"https:\/\/eltrabajo.cl\/portal\/wp-json\/wp\/v2\/comments?post=65091"}],"version-history":[{"count":0,"href":"https:\/\/eltrabajo.cl\/portal\/wp-json\/wp\/v2\/posts\/65091\/revisions"}],"wp:featuredmedia":[{"embeddable":true,"href":"https:\/\/eltrabajo.cl\/portal\/wp-json\/wp\/v2\/media\/65092"}],"wp:attachment":[{"href":"https:\/\/eltrabajo.cl\/portal\/wp-json\/wp\/v2\/media?parent=65091"}],"wp:term":[{"taxonomy":"category","embeddable":true,"href":"https:\/\/eltrabajo.cl\/portal\/wp-json\/wp\/v2\/categories?post=65091"},{"taxonomy":"post_tag","embeddable":true,"href":"https:\/\/eltrabajo.cl\/portal\/wp-json\/wp\/v2\/tags?post=65091"}],"curies":[{"name":"wp","href":"https:\/\/api.w.org\/{rel}","templated":true}]}}