{"id":65096,"date":"2015-12-23T14:24:30","date_gmt":"2015-12-23T17:24:30","guid":{"rendered":"http:\/\/www.eltrabajo.cl\/portal\/?p=65096"},"modified":"2015-12-23T14:24:30","modified_gmt":"2015-12-23T17:24:30","slug":"implementan-proyecto-de-video-proteccion-en-parque-ambrosio-ohiggins","status":"publish","type":"post","link":"https:\/\/eltrabajo.cl\/portal\/implementan-proyecto-de-video-proteccion-en-parque-ambrosio-ohiggins\/","title":{"rendered":"Implementan proyecto de video protecci\u00f3n en Parque Ambrosio O\u2019Higgins"},"content":{"rendered":"<figure id=\"attachment_65097\" aria-describedby=\"caption-attachment-65097\" style=\"width: 300px\" class=\"wp-caption alignleft\"><img data-recalc-dims=\"1\" loading=\"lazy\" decoding=\"async\" class=\"wp-image-65097 size-medium\" src=\"https:\/\/i0.wp.com\/www.eltrabajo.cl\/portal\/wp-content\/uploads\/2015\/12\/Parque-Ambrosio-Ohiggins-300x198.jpg?resize=300%2C198\" alt=\"Junto a la Brigada de Antinarc\u00f3ticos de la PDI, se dio inicio a la etapa de ejecuci\u00f3n del proyecto \u2018Video Protecci\u00f3n para un Parque Seguro en Los Andes\u2019.\" width=\"300\" height=\"198\" srcset=\"https:\/\/i0.wp.com\/eltrabajo.cl\/portal\/wp-content\/uploads\/2015\/12\/Parque-Ambrosio-Ohiggins.jpg?resize=300%2C198&amp;ssl=1 300w, https:\/\/i0.wp.com\/eltrabajo.cl\/portal\/wp-content\/uploads\/2015\/12\/Parque-Ambrosio-Ohiggins.jpg?resize=200%2C132&amp;ssl=1 200w, https:\/\/i0.wp.com\/eltrabajo.cl\/portal\/wp-content\/uploads\/2015\/12\/Parque-Ambrosio-Ohiggins.jpg?resize=227%2C150&amp;ssl=1 227w, https:\/\/i0.wp.com\/eltrabajo.cl\/portal\/wp-content\/uploads\/2015\/12\/Parque-Ambrosio-Ohiggins.jpg?resize=400%2C264&amp;ssl=1 400w, https:\/\/i0.wp.com\/eltrabajo.cl\/portal\/wp-content\/uploads\/2015\/12\/Parque-Ambrosio-Ohiggins.jpg?w=530&amp;ssl=1 530w\" sizes=\"auto, (max-width: 300px) 100vw, 300px\" \/><figcaption id=\"caption-attachment-65097\" class=\"wp-caption-text\">Junto a la Brigada de Antinarc\u00f3ticos de la PDI, se dio inicio a la etapa de ejecuci\u00f3n del proyecto \u2018Video Protecci\u00f3n para un Parque Seguro en Los Andes\u2019.<\/figcaption><\/figure>\n<ul>\n<li><strong>Iniciativa fue posible gracias la adjudicaci\u00f3n de cerca de 28 millones de pesos para la instalaci\u00f3n de 4 c\u00e1maras de \u00faltima tecnolog\u00eda.<\/strong><\/li>\n<\/ul>\n<p><strong>LOS ANDES<\/strong>.- Con una jornada de difusi\u00f3n e informaci\u00f3n, en el Parque Ambrosio O\u2019Higgins se dio inicio a la etapa de ejecuci\u00f3n del proyecto \u2018Video Protecci\u00f3n para un Parque Seguro en Los Andes\u2019, iniciativa que fue elaborada y presentada por el municipio andino al 2% de Seguridad del Gobierno Regional este a\u00f1o, logrando la adjudicaci\u00f3n de cerca de 28 millones de pesos para la instalaci\u00f3n de 4 c\u00e1maras de \u00faltima tecnolog\u00eda, sistema que adem\u00e1s contar\u00e1 con una central de monitoreo que permitir\u00e1 vigilar el parque en tiempo real las 24 horas del d\u00eda.<br \/>\nLa jornada cont\u00f3 con la participaci\u00f3n de la Brigada Antinarc\u00f3ticos de la Polic\u00eda de Investigaciones, equipo que ha trabajado intensamente junto a la Municipalidad en eliminar este punto de la comuna como uno de los principales ejes de microtr\u00e1fico en Los Andes. \u2018Yuki\u2019, perra policial adiestrada, interactu\u00f3 con ni\u00f1os y ni\u00f1as, haciendo una demostraci\u00f3n del trabajo que realiza junto a otros caninos principalmente en el paso fronterizo y en las poblaciones de las provincias del Valle de Aconcagua.<br \/>\nSe espera que el proyecto de video protecci\u00f3n para el parque urbano pueda concluir en febrero de 2016 y comenzar su funcionamiento con la presencia de personal preparado para controlar la central de monitoreo que ayudar\u00e1 a aumentar la sensaci\u00f3n de seguridad en los vecinos y vecinas que visitan el principal paseo peatonal de la comuna.<\/p>\n","protected":false},"excerpt":{"rendered":"<p>Iniciativa fue posible gracias la adjudicaci\u00f3n de cerca de 28 millones de pesos para la instalaci\u00f3n de 4 c\u00e1maras de \u00faltima tecnolog\u00eda. LOS ANDES.- Con una jornada de difusi\u00f3n e informaci\u00f3n, en&#8230;<\/p>\n","protected":false},"author":482,"featured_media":65097,"comment_status":"open","ping_status":"open","sticky":false,"template":"","format":"standard","meta":{"advanced_seo_description":"","jetpack_seo_html_title":"","jetpack_seo_noindex":false,"_jetpack_memberships_contains_paid_content":false,"footnotes":""},"categories":[1],"tags":[],"class_list":["post-65096","post","type-post","status-publish","format-standard","has-post-thumbnail","hentry","category-cronica"],"jetpack_featured_media_url":"https:\/\/i0.wp.com\/eltrabajo.cl\/portal\/wp-content\/uploads\/2015\/12\/Parque-Ambrosio-Ohiggins.jpg?fit=530%2C350&ssl=1","jetpack_sharing_enabled":true,"jetpack_likes_enabled":true,"jetpack-related-posts":[],"_links":{"self":[{"href":"https:\/\/eltrabajo.cl\/portal\/wp-json\/wp\/v2\/posts\/65096","targetHints":{"allow":["GET"]}}],"collection":[{"href":"https:\/\/eltrabajo.cl\/portal\/wp-json\/wp\/v2\/posts"}],"about":[{"href":"https:\/\/eltrabajo.cl\/portal\/wp-json\/wp\/v2\/types\/post"}],"author":[{"embeddable":true,"href":"https:\/\/eltrabajo.cl\/portal\/wp-json\/wp\/v2\/users\/482"}],"replies":[{"embeddable":true,"href":"https:\/\/eltrabajo.cl\/portal\/wp-json\/wp\/v2\/comments?post=65096"}],"version-history":[{"count":0,"href":"https:\/\/eltrabajo.cl\/portal\/wp-json\/wp\/v2\/posts\/65096\/revisions"}],"wp:featuredmedia":[{"embeddable":true,"href":"https:\/\/eltrabajo.cl\/portal\/wp-json\/wp\/v2\/media\/65097"}],"wp:attachment":[{"href":"https:\/\/eltrabajo.cl\/portal\/wp-json\/wp\/v2\/media?parent=65096"}],"wp:term":[{"taxonomy":"category","embeddable":true,"href":"https:\/\/eltrabajo.cl\/portal\/wp-json\/wp\/v2\/categories?post=65096"},{"taxonomy":"post_tag","embeddable":true,"href":"https:\/\/eltrabajo.cl\/portal\/wp-json\/wp\/v2\/tags?post=65096"}],"curies":[{"name":"wp","href":"https:\/\/api.w.org\/{rel}","templated":true}]}}