{"id":65099,"date":"2015-12-23T14:26:56","date_gmt":"2015-12-23T17:26:56","guid":{"rendered":"http:\/\/www.eltrabajo.cl\/portal\/?p=65099"},"modified":"2015-12-23T14:26:56","modified_gmt":"2015-12-23T17:26:56","slug":"interponen-recurso-de-proteccion-para-paralizar-faenas-de-andes-copper-en-los-patos","status":"publish","type":"post","link":"https:\/\/eltrabajo.cl\/portal\/interponen-recurso-de-proteccion-para-paralizar-faenas-de-andes-copper-en-los-patos\/","title":{"rendered":"Interponen recurso de protecci\u00f3n para paralizar faenas de Andes Copper en Los Patos"},"content":{"rendered":"<figure id=\"attachment_65100\" aria-describedby=\"caption-attachment-65100\" style=\"width: 300px\" class=\"wp-caption alignleft\"><img data-recalc-dims=\"1\" loading=\"lazy\" decoding=\"async\" class=\"wp-image-65100 size-medium\" src=\"https:\/\/i0.wp.com\/www.eltrabajo.cl\/portal\/wp-content\/uploads\/2015\/12\/recurso1-300x198.jpg?resize=300%2C198\" alt=\"El empresario Luis Arancibia C\u00e1diz junto al abogado H\u00e9ctor P\u00e9rez, luego de interponer un recurso de protecci\u00f3n en la Corte de Apelaciones de Valpara\u00edso para detener los trabajos de Andes Cooper en el sector de Los Patos.\" width=\"300\" height=\"198\" srcset=\"https:\/\/i0.wp.com\/eltrabajo.cl\/portal\/wp-content\/uploads\/2015\/12\/recurso1.jpg?resize=300%2C198&amp;ssl=1 300w, https:\/\/i0.wp.com\/eltrabajo.cl\/portal\/wp-content\/uploads\/2015\/12\/recurso1.jpg?resize=200%2C132&amp;ssl=1 200w, https:\/\/i0.wp.com\/eltrabajo.cl\/portal\/wp-content\/uploads\/2015\/12\/recurso1.jpg?resize=227%2C150&amp;ssl=1 227w, https:\/\/i0.wp.com\/eltrabajo.cl\/portal\/wp-content\/uploads\/2015\/12\/recurso1.jpg?resize=400%2C264&amp;ssl=1 400w, https:\/\/i0.wp.com\/eltrabajo.cl\/portal\/wp-content\/uploads\/2015\/12\/recurso1.jpg?w=530&amp;ssl=1 530w\" sizes=\"auto, (max-width: 300px) 100vw, 300px\" \/><figcaption id=\"caption-attachment-65100\" class=\"wp-caption-text\">El empresario Luis Arancibia C\u00e1diz junto al abogado H\u00e9ctor P\u00e9rez, luego de interponer un recurso de protecci\u00f3n en la Corte de Apelaciones de Valpara\u00edso para detener los trabajos de Andes Cooper en el sector de Los Patos.<\/figcaption><\/figure>\n<p><strong>PUTAENDO.<\/strong>&#8211; El empresario Luis Arancibia C\u00e1diz interpuso un recurso de protecci\u00f3n en la Corte de Apelaciones de Valpara\u00edso, instancia en la cual adem\u00e1s solicit\u00f3 una orden de no innovar en contra de Andes Copper, con el objetivo de paralizar los trabajos de prospecci\u00f3n y sondaje que la transnacional desarrolla en el R\u00edo Roc\u00edn.<br \/>\nEl escrito presentado por el empresario a trav\u00e9s del abogado H\u00e9ctor P\u00e9rez, pide a la Corte de Apelaciones de Valpara\u00edso que ordene la inmediata paralizaci\u00f3n de las faenas mineras de Andes Copper en el R\u00edo Roc\u00edn y tambi\u00e9n se indica que la Direcci\u00f3n General de Aguas y la Direcci\u00f3n de Obras Hidr\u00e1ulicas han incurrido en actos arbitrarios al no efectuar las fiscalizaciones correspondientes por los sondajes mineros y el sondaje ilegal que estar\u00eda realizando el consorcio canadiense en los glaciares de roca y los afluentes del Roc\u00edn.<br \/>\nEl documento fue acompa\u00f1ado de varias fotograf\u00edas tomadas durante las \u00faltimas horas, que dan cuenta de una grave intervenci\u00f3n del caudal del R\u00edo Roc\u00edn con maquinaria pesada y c\u00f3mo por ejemplo los desechos (borras) de las m\u00e1quinas de sondaje est\u00e1n siendo arrojados a quebradas y al mismo afluente.<br \/>\nDentro de su intervenci\u00f3n, el empresario desliz\u00f3 duras cr\u00edticas hacia las autoridades de Putaendo, afirmando que no es posible que se hayan dejado estar y no recurrieran a la justicia desde un principio.<br \/>\nLuis Arancibia asegur\u00f3 que no lo mueven intenciones pol\u00edticas, y muy por el contrario lo hace por el cari\u00f1o que tiene hacia la comuna, lo que lo llev\u00f3 a presentar este recurso, porque ve c\u00f3mo hoy la comuna se est\u00e1 movilizando, pero tanto las autoridades locales, provinciales y pol\u00edticas s\u00f3lo se han dedicado a dilatar una intervenci\u00f3n directa, mientras que Andes Copper gana tiempo y sigue destruyendo los cerros, glaciares y contaminando al interior del R\u00edo Roc\u00edn, motivo por el cual espera confiado en que la Corte de Apelaciones de Valpara\u00edso de a lugar al recurso presentado y ordene la paralizaci\u00f3n de los trabajos, las que ya fueron frenadas el a\u00f1o 2008 por la Corema.<br \/>\nEl empresario expres\u00f3 que es inaceptable y vergonzoso ver c\u00f3mo hoy organismos dependientes del estado, como la D.G.A, la D.O.H y Sernageomin no han sido capaces de realizar una fiscalizaci\u00f3n exhaustiva a los trabajos que Andes Copper est\u00e1 efectuando en el R\u00edo Roc\u00edn, a pesar que la Junta de Vigilancia del R\u00edo Putaendo lo ha pedido cientos de veces y simplemente estos organismos hacen o\u00eddos sordos y demuestran que lamentablemente al parecer el gobierno quiere que se instale este proyecto minero al interior de Los Patos.<br \/>\nSeg\u00fan lo manifestado por el abogado H\u00e9ctor P\u00e9rez, el recurso presentado es contundente desde el punto de vista de los argumentos y antecedentes, expresando su confianza en que la Corte de Apelaciones acoja el requerimiento, determine una orden de no innovar a fin de paralizar en forma inmediata los trabajos para que sea el organismo jur\u00eddico el que obligue a las entidades estatales a fiscalizar y garantizar que las obras cumplan con la normativa medioambiental que garanticen que la comuna no se ver\u00e1 afectada, aduciendo que su representado tiene toda la raz\u00f3n al se\u00f1alar que hoy Andes Copper gana tiempo, sigue haciendo perforaciones y pr\u00e1cticamente nadie los fiscaliza.<br \/>\n<strong>Patricio Gallardo M.<\/strong><\/p>\n<div class=\"tiled-gallery type-rectangular tiled-gallery-unresized\" data-original-width=\"640\" data-carousel-extra='null' itemscope itemtype=\"http:\/\/schema.org\/ImageGallery\" > <div class=\"gallery-row\" style=\"width: 640px; height: 212px;\" data-original-width=\"640\" data-original-height=\"212\" > <div class=\"gallery-group images-1\" style=\"width: 320px; height: 212px;\" data-original-width=\"320\" data-original-height=\"212\" > <div class=\"tiled-gallery-item tiled-gallery-item-large\" itemprop=\"associatedMedia\" itemscope itemtype=\"http:\/\/schema.org\/ImageObject\"> <a href=\"https:\/\/eltrabajo.cl\/portal\/interponen-recurso-de-proteccion-para-paralizar-faenas-de-andes-copper-en-los-patos\/recurso2\/\" border=\"0\" itemprop=\"url\"> <meta itemprop=\"width\" content=\"316\"> <meta itemprop=\"height\" content=\"208\"> <img decoding=\"async\" class=\"\" data-attachment-id=\"65101\" data-orig-file=\"https:\/\/eltrabajo.cl\/portal\/wp-content\/uploads\/2015\/12\/recurso2.jpg\" data-orig-size=\"530,349\" data-comments-opened=\"1\" data-image-meta=\"{&quot;aperture&quot;:&quot;0&quot;,&quot;credit&quot;:&quot;&quot;,&quot;camera&quot;:&quot;&quot;,&quot;caption&quot;:&quot;&quot;,&quot;created_timestamp&quot;:&quot;0&quot;,&quot;copyright&quot;:&quot;&quot;,&quot;focal_length&quot;:&quot;0&quot;,&quot;iso&quot;:&quot;0&quot;,&quot;shutter_speed&quot;:&quot;0&quot;,&quot;title&quot;:&quot;&quot;,&quot;orientation&quot;:&quot;0&quot;}\" data-image-title=\"recurso2\" data-image-description=\"&lt;p&gt;Aseguran que con maquinaria pesada habr\u00edan intervenido el caudal del r\u00edo, y adem\u00e1s los desechos que arrojan las m\u00e1quinas de sondaje est\u00e1n siendo arrojados a quebradas y al afluente del r\u00edo.&lt;\/p&gt; \" data-medium-file=\"https:\/\/i0.wp.com\/eltrabajo.cl\/portal\/wp-content\/uploads\/2015\/12\/recurso2.jpg?fit=300%2C198&#038;ssl=1\" data-large-file=\"https:\/\/i0.wp.com\/eltrabajo.cl\/portal\/wp-content\/uploads\/2015\/12\/recurso2.jpg?fit=530%2C349&#038;ssl=1\" src=\"https:\/\/i0.wp.com\/eltrabajo.cl\/portal\/wp-content\/uploads\/2015\/12\/recurso2.jpg?w=316&#038;h=208&#038;ssl=1\" srcset=\"https:\/\/i0.wp.com\/eltrabajo.cl\/portal\/wp-content\/uploads\/2015\/12\/recurso2.jpg?w=530&amp;ssl=1 530w, https:\/\/i0.wp.com\/eltrabajo.cl\/portal\/wp-content\/uploads\/2015\/12\/recurso2.jpg?resize=200%2C132&amp;ssl=1 200w, https:\/\/i0.wp.com\/eltrabajo.cl\/portal\/wp-content\/uploads\/2015\/12\/recurso2.jpg?resize=300%2C198&amp;ssl=1 300w, https:\/\/i0.wp.com\/eltrabajo.cl\/portal\/wp-content\/uploads\/2015\/12\/recurso2.jpg?resize=228%2C150&amp;ssl=1 228w, https:\/\/i0.wp.com\/eltrabajo.cl\/portal\/wp-content\/uploads\/2015\/12\/recurso2.jpg?resize=400%2C263&amp;ssl=1 400w\" width=\"316\" height=\"208\" loading=\"lazy\" data-original-width=\"316\" data-original-height=\"208\" itemprop=\"http:\/\/schema.org\/image\" title=\"recurso2\" alt=\"Aseguran que con maquinaria pesada habr\u00edan intervenido el caudal del r\u00edo, y adem\u00e1s los desechos que arrojan las m\u00e1quinas de sondaje est\u00e1n siendo arrojados a quebradas y al afluente del r\u00edo.\" style=\"width: 316px; height: 208px;\" \/> <\/a> <div class=\"tiled-gallery-caption\" itemprop=\"caption description\"> Aseguran que con maquinaria pesada habr\u00edan intervenido el caudal del r\u00edo, y adem\u00e1s los desechos que arrojan las m\u00e1quinas de sondaje est\u00e1n siendo arrojados a quebradas y al afluente del r\u00edo. <\/div> <\/div> <\/div> <!-- close group --> <div class=\"gallery-group images-1\" style=\"width: 320px; height: 212px;\" data-original-width=\"320\" data-original-height=\"212\" > <div class=\"tiled-gallery-item tiled-gallery-item-large\" itemprop=\"associatedMedia\" itemscope itemtype=\"http:\/\/schema.org\/ImageObject\"> <a href=\"https:\/\/eltrabajo.cl\/portal\/interponen-recurso-de-proteccion-para-paralizar-faenas-de-andes-copper-en-los-patos\/recurso3\/\" border=\"0\" itemprop=\"url\"> <meta itemprop=\"width\" content=\"316\"> <meta itemprop=\"height\" content=\"208\"> <img decoding=\"async\" class=\"\" data-attachment-id=\"65102\" data-orig-file=\"https:\/\/eltrabajo.cl\/portal\/wp-content\/uploads\/2015\/12\/recurso3.jpg\" data-orig-size=\"530,349\" data-comments-opened=\"1\" data-image-meta=\"{&quot;aperture&quot;:&quot;0&quot;,&quot;credit&quot;:&quot;&quot;,&quot;camera&quot;:&quot;&quot;,&quot;caption&quot;:&quot;&quot;,&quot;created_timestamp&quot;:&quot;0&quot;,&quot;copyright&quot;:&quot;&quot;,&quot;focal_length&quot;:&quot;0&quot;,&quot;iso&quot;:&quot;0&quot;,&quot;shutter_speed&quot;:&quot;0&quot;,&quot;title&quot;:&quot;&quot;,&quot;orientation&quot;:&quot;0&quot;}\" data-image-title=\"recurso3\" data-image-description=\"&lt;p&gt;Esta imagen corresponde a los trabajos que est\u00e1 realizando Andes Cooper en el sector de Los Patos y seg\u00fan el empresario, ninguna autoridad ha hecho una fiscalizaci\u00f3n exhaustiva. &lt;\/p&gt; \" data-medium-file=\"https:\/\/i0.wp.com\/eltrabajo.cl\/portal\/wp-content\/uploads\/2015\/12\/recurso3.jpg?fit=300%2C198&#038;ssl=1\" data-large-file=\"https:\/\/i0.wp.com\/eltrabajo.cl\/portal\/wp-content\/uploads\/2015\/12\/recurso3.jpg?fit=530%2C349&#038;ssl=1\" src=\"https:\/\/i0.wp.com\/eltrabajo.cl\/portal\/wp-content\/uploads\/2015\/12\/recurso3.jpg?w=316&#038;h=208&#038;ssl=1\" srcset=\"https:\/\/i0.wp.com\/eltrabajo.cl\/portal\/wp-content\/uploads\/2015\/12\/recurso3.jpg?w=530&amp;ssl=1 530w, https:\/\/i0.wp.com\/eltrabajo.cl\/portal\/wp-content\/uploads\/2015\/12\/recurso3.jpg?resize=200%2C132&amp;ssl=1 200w, https:\/\/i0.wp.com\/eltrabajo.cl\/portal\/wp-content\/uploads\/2015\/12\/recurso3.jpg?resize=300%2C198&amp;ssl=1 300w, https:\/\/i0.wp.com\/eltrabajo.cl\/portal\/wp-content\/uploads\/2015\/12\/recurso3.jpg?resize=228%2C150&amp;ssl=1 228w, https:\/\/i0.wp.com\/eltrabajo.cl\/portal\/wp-content\/uploads\/2015\/12\/recurso3.jpg?resize=400%2C263&amp;ssl=1 400w\" width=\"316\" height=\"208\" loading=\"lazy\" data-original-width=\"316\" data-original-height=\"208\" itemprop=\"http:\/\/schema.org\/image\" title=\"recurso3\" alt=\"Esta imagen corresponde a los trabajos que est\u00e1 realizando Andes Cooper en el sector de Los Patos y seg\u00fan el empresario, ninguna autoridad ha hecho una fiscalizaci\u00f3n exhaustiva.\" style=\"width: 316px; height: 208px;\" \/> <\/a> <div class=\"tiled-gallery-caption\" itemprop=\"caption description\"> Esta imagen corresponde a los trabajos que est\u00e1 realizando Andes Cooper en el sector de Los Patos y seg\u00fan el empresario, ninguna autoridad ha hecho una fiscalizaci\u00f3n exhaustiva. <\/div> <\/div> <\/div> <!-- close group --> <\/div> <!-- close row --> <\/div>\n","protected":false},"excerpt":{"rendered":"<p>PUTAENDO.&#8211; El empresario Luis Arancibia C\u00e1diz interpuso un recurso de protecci\u00f3n en la Corte de Apelaciones de Valpara\u00edso, instancia en la cual adem\u00e1s solicit\u00f3 una orden de no innovar en contra de&#8230;<\/p>\n","protected":false},"author":482,"featured_media":65100,"comment_status":"open","ping_status":"open","sticky":false,"template":"","format":"standard","meta":{"advanced_seo_description":"","jetpack_seo_html_title":"","jetpack_seo_noindex":false,"_jetpack_memberships_contains_paid_content":false,"footnotes":""},"categories":[1],"tags":[],"class_list":["post-65099","post","type-post","status-publish","format-standard","has-post-thumbnail","hentry","category-cronica"],"jetpack_featured_media_url":"https:\/\/i0.wp.com\/eltrabajo.cl\/portal\/wp-content\/uploads\/2015\/12\/recurso1.jpg?fit=530%2C350&ssl=1","jetpack_sharing_enabled":true,"jetpack_likes_enabled":true,"jetpack-related-posts":[],"_links":{"self":[{"href":"https:\/\/eltrabajo.cl\/portal\/wp-json\/wp\/v2\/posts\/65099","targetHints":{"allow":["GET"]}}],"collection":[{"href":"https:\/\/eltrabajo.cl\/portal\/wp-json\/wp\/v2\/posts"}],"about":[{"href":"https:\/\/eltrabajo.cl\/portal\/wp-json\/wp\/v2\/types\/post"}],"author":[{"embeddable":true,"href":"https:\/\/eltrabajo.cl\/portal\/wp-json\/wp\/v2\/users\/482"}],"replies":[{"embeddable":true,"href":"https:\/\/eltrabajo.cl\/portal\/wp-json\/wp\/v2\/comments?post=65099"}],"version-history":[{"count":0,"href":"https:\/\/eltrabajo.cl\/portal\/wp-json\/wp\/v2\/posts\/65099\/revisions"}],"wp:featuredmedia":[{"embeddable":true,"href":"https:\/\/eltrabajo.cl\/portal\/wp-json\/wp\/v2\/media\/65100"}],"wp:attachment":[{"href":"https:\/\/eltrabajo.cl\/portal\/wp-json\/wp\/v2\/media?parent=65099"}],"wp:term":[{"taxonomy":"category","embeddable":true,"href":"https:\/\/eltrabajo.cl\/portal\/wp-json\/wp\/v2\/categories?post=65099"},{"taxonomy":"post_tag","embeddable":true,"href":"https:\/\/eltrabajo.cl\/portal\/wp-json\/wp\/v2\/tags?post=65099"}],"curies":[{"name":"wp","href":"https:\/\/api.w.org\/{rel}","templated":true}]}}