{"id":65107,"date":"2015-12-23T14:30:53","date_gmt":"2015-12-23T17:30:53","guid":{"rendered":"http:\/\/www.eltrabajo.cl\/portal\/?p=65107"},"modified":"2015-12-23T14:30:53","modified_gmt":"2015-12-23T17:30:53","slug":"50-vecinos-de-la-provincia-de-san-felipe-ya-cuentan-con-subsidio-habitacional","status":"publish","type":"post","link":"https:\/\/eltrabajo.cl\/portal\/50-vecinos-de-la-provincia-de-san-felipe-ya-cuentan-con-subsidio-habitacional\/","title":{"rendered":"50 vecinos de la Provincia de San Felipe ya cuentan con subsidio habitacional"},"content":{"rendered":"<figure id=\"attachment_65108\" aria-describedby=\"caption-attachment-65108\" style=\"width: 300px\" class=\"wp-caption alignleft\"><img data-recalc-dims=\"1\" loading=\"lazy\" decoding=\"async\" class=\"wp-image-65108 size-medium\" src=\"https:\/\/i0.wp.com\/www.eltrabajo.cl\/portal\/wp-content\/uploads\/2015\/12\/FOTO-5-300x198.jpg?resize=300%2C198\" alt=\"Alrededor de 50 familias de la Provincia de San Felipe, recibieron sus certificados de subsidios del fondo solidario de vivienda, de manos de las principales autoridades locales.\" width=\"300\" height=\"198\" srcset=\"https:\/\/i0.wp.com\/eltrabajo.cl\/portal\/wp-content\/uploads\/2015\/12\/FOTO-5.jpg?resize=300%2C198&amp;ssl=1 300w, https:\/\/i0.wp.com\/eltrabajo.cl\/portal\/wp-content\/uploads\/2015\/12\/FOTO-5.jpg?resize=200%2C132&amp;ssl=1 200w, https:\/\/i0.wp.com\/eltrabajo.cl\/portal\/wp-content\/uploads\/2015\/12\/FOTO-5.jpg?resize=227%2C150&amp;ssl=1 227w, https:\/\/i0.wp.com\/eltrabajo.cl\/portal\/wp-content\/uploads\/2015\/12\/FOTO-5.jpg?resize=400%2C264&amp;ssl=1 400w, https:\/\/i0.wp.com\/eltrabajo.cl\/portal\/wp-content\/uploads\/2015\/12\/FOTO-5.jpg?w=530&amp;ssl=1 530w\" sizes=\"auto, (max-width: 300px) 100vw, 300px\" \/><figcaption id=\"caption-attachment-65108\" class=\"wp-caption-text\">Alrededor de 50 familias de la Provincia de San Felipe, recibieron sus certificados de subsidios del fondo solidario de vivienda, de manos de las principales autoridades locales.<\/figcaption><\/figure>\n<ul>\n<li><strong>Ceremonia de certificaci\u00f3n cont\u00f3 con la presencia del Gobernador Provincial Eduardo Le\u00f3n, el Consejero Regional Iv\u00e1n Reyes, los alcaldes de San Felipe y Panquehue Patricio Freire y Luis Pradenas, quienes junto a la delegada Bi-Provincial del Serviu Geovanna Serey, hicieron entrega de los beneficios.<\/strong><\/li>\n<\/ul>\n<p>La catemina Ada Tapia tiene 2 hijos, un var\u00f3n de 18 meses y una ni\u00f1a de 5 a\u00f1os, desde que abandon\u00f3 el seno familiar y decidi\u00f3 construir su propio hogar, tuvo que lidiar con el pago mensual de un arriendo y con las limitantes de vivir en una casa que no le pertenec\u00eda. A sus 26 a\u00f1os aquellas restricciones y su estado de \u2018arrendataria\u2019 est\u00e1 a punto de cambiar, pues ella es una de las 50 beneficiadas de la Provincia de San Felipe con el Fondo Solidario de Vivienda, que le permitir\u00e1 cumplir en un futuro no muy lejano con el sue\u00f1o de la casa propia<br \/>\nTapia forma parte de los 50 beneficiados de las distintas comunas de la Provincia, que recibieron ayer en el Sal\u00f3n de Honor de la Municipalidad sanfelipe\u00f1a, el certificado que les permitir\u00e1 adquirir- en zona rural o urbana- una vivienda con un valor de hasta 25 millones de pesos, de los cuales, dependiendo de las caracter\u00edsticas de localizaci\u00f3n y dimensiones de la propiedad, entre 9 y 13 millones ser\u00e1n cubiertos por el subsidio.<br \/>\nAs\u00ed lo inform\u00f3 Geovanna Serey, delegada Bi-provincial San Felipe-Los Andes del Servicio de Vivienda y Urbanismo, Serviu, quien detall\u00f3 que \u201cla inversi\u00f3n del Ministerio de Vivienda en este caso es muy importante, porque estamos hablando de 701 millones de pesos, lo que le va a permitir comprar a estas familias una vivienda nueva o usada. El subsidio fluct\u00faa entre las 317 a 625 Unidades de Fomento, UF y por el subsidio de localizaci\u00f3n se adicionan 200 UF y por el metraje 50 m\u00e1s\u201d, describi\u00f3.<br \/>\nAl tratarse de un Fondo Solidario de Vivienda, los requisitos son m\u00e1s exigentes que en otros casos y se solicita a los postulantes, por ejemplo, tener menos de 8 mil 500 puntos en la Ficha de Protecci\u00f3n Social, FPS, un ahorro de 10 UF, ser mayor de 18 a\u00f1os y formar parte de un n\u00facleo familiar, es decir, no pueden postular personas que vivan solas.<br \/>\nRespecto de lo que significa para una familia con dificultades econ\u00f3micas, tratar de juntar los cerca de 250 mil pesos que se requieren como ahorro previo para la postulaci\u00f3n, Marl\u00e9n Contreras, beneficiaria de la comuna de San Felipe asegur\u00f3 que \u201ccost\u00f3 harto juntar la plata, pero es un regalo para la familia en esta fecha\u2026gracias a Dios sal\u00ed beneficiada al tiro, es una ayuda para todos, tuvimos que poner harto esfuerzo para tener el dinero pero finalmente sali\u00f3 todo bien\u201d, sostuvo.<br \/>\nOtro de los aspectos importantes en este tipo de beneficios, es como pueden mejorar su calidad de vida las personas a quienes se les adjudican los subsidios. Gisela Badilla, otra de las beneficiadas de la comuna de Catemu, reafirm\u00f3 la importancia de no tener que pagar m\u00e1s arriendo y a su vez dejar de pensar en que de un d\u00eda para otro el propietario les puede pedir la casa y echar a su familia a la calle. Adem\u00e1s, Badilla sostuvo que \u201cEstoy m\u00e1s que contenta porque el sue\u00f1o de cualquiera es tener su casa, voy a poder tenerle sus piezas a mi ni\u00f1as, porque yo tengo 2 hijas de 5 y 3 a\u00f1os y es bonito pensar que les voy a poder arreglar las piezas a su gusto, colgar los cuadros que ellas quieran, poner sus monitos en las paredes y hacerles un cl\u00f3set, eso es lo que uno siempre sue\u00f1a\u201d, manifest\u00f3.<br \/>\nBadilla asegura que en su caso, es m\u00e1s factible tratar de encontrar una casa usada a un buen precio, debido a que \u201cya hay algo visto, pero las casas nuevas son muy chicos los terrenos, el pap\u00e1 de mis ni\u00f1as trabaja en artesan\u00eda, fabrica muebles tambi\u00e9n, por eso me sirve m\u00e1s una casa usada porque tienen sitios m\u00e1s grandes\u201d, expres\u00f3.<br \/>\nCada familia forja a trav\u00e9s del tiempo una historia y dentro de ella va creando sue\u00f1os y generando necesidades. En la regi\u00f3n de Valpara\u00edso se otorgaron 150 subsidios correspondientes al Fondo Solidario, de los cuales, 86 se adjudicaron a grupos familiares de las Provincias de Los Andes y San Felipe. A partir de este instante, ellos comenzar\u00e1n a buscar el lugar en donde comiencen hacer realidad el sue\u00f1o de la casa propia.<\/p>\n<div class=\"tiled-gallery type-rectangular tiled-gallery-unresized\" data-original-width=\"640\" data-carousel-extra='null' itemscope itemtype=\"http:\/\/schema.org\/ImageGallery\" > <div class=\"gallery-row\" style=\"width: 640px; height: 282px;\" data-original-width=\"640\" data-original-height=\"282\" > <div class=\"gallery-group images-1\" style=\"width: 427px; height: 282px;\" data-original-width=\"427\" data-original-height=\"282\" > <div class=\"tiled-gallery-item tiled-gallery-item-large\" itemprop=\"associatedMedia\" itemscope itemtype=\"http:\/\/schema.org\/ImageObject\"> <a href=\"https:\/\/eltrabajo.cl\/portal\/50-vecinos-de-la-provincia-de-san-felipe-ya-cuentan-con-subsidio-habitacional\/foto-1-geovanna-serey\/\" border=\"0\" itemprop=\"url\"> <meta itemprop=\"width\" content=\"423\"> <meta itemprop=\"height\" content=\"278\"> <img decoding=\"async\" class=\"\" data-attachment-id=\"65109\" data-orig-file=\"https:\/\/eltrabajo.cl\/portal\/wp-content\/uploads\/2015\/12\/FOTO-1-GEOVANNA-SEREY.jpg\" data-orig-size=\"530,348\" data-comments-opened=\"1\" data-image-meta=\"{&quot;aperture&quot;:&quot;0&quot;,&quot;credit&quot;:&quot;&quot;,&quot;camera&quot;:&quot;&quot;,&quot;caption&quot;:&quot;&quot;,&quot;created_timestamp&quot;:&quot;0&quot;,&quot;copyright&quot;:&quot;Copyright 2012&quot;,&quot;focal_length&quot;:&quot;0&quot;,&quot;iso&quot;:&quot;0&quot;,&quot;shutter_speed&quot;:&quot;0&quot;,&quot;title&quot;:&quot;&quot;,&quot;orientation&quot;:&quot;0&quot;}\" data-image-title=\"FOTO 1 GEOVANNA SEREY\" data-image-description=\"&lt;p&gt;Geovanna Serey, delegada biprovincial Serviu San Felipe-Los Andes&lt;\/p&gt; \" data-medium-file=\"https:\/\/i0.wp.com\/eltrabajo.cl\/portal\/wp-content\/uploads\/2015\/12\/FOTO-1-GEOVANNA-SEREY.jpg?fit=300%2C197&#038;ssl=1\" data-large-file=\"https:\/\/i0.wp.com\/eltrabajo.cl\/portal\/wp-content\/uploads\/2015\/12\/FOTO-1-GEOVANNA-SEREY.jpg?fit=530%2C348&#038;ssl=1\" src=\"https:\/\/i0.wp.com\/eltrabajo.cl\/portal\/wp-content\/uploads\/2015\/12\/FOTO-1-GEOVANNA-SEREY.jpg?w=423&#038;h=278&#038;ssl=1\" srcset=\"https:\/\/i0.wp.com\/eltrabajo.cl\/portal\/wp-content\/uploads\/2015\/12\/FOTO-1-GEOVANNA-SEREY.jpg?w=530&amp;ssl=1 530w, https:\/\/i0.wp.com\/eltrabajo.cl\/portal\/wp-content\/uploads\/2015\/12\/FOTO-1-GEOVANNA-SEREY.jpg?resize=200%2C131&amp;ssl=1 200w, https:\/\/i0.wp.com\/eltrabajo.cl\/portal\/wp-content\/uploads\/2015\/12\/FOTO-1-GEOVANNA-SEREY.jpg?resize=300%2C197&amp;ssl=1 300w, https:\/\/i0.wp.com\/eltrabajo.cl\/portal\/wp-content\/uploads\/2015\/12\/FOTO-1-GEOVANNA-SEREY.jpg?resize=228%2C150&amp;ssl=1 228w, https:\/\/i0.wp.com\/eltrabajo.cl\/portal\/wp-content\/uploads\/2015\/12\/FOTO-1-GEOVANNA-SEREY.jpg?resize=400%2C263&amp;ssl=1 400w\" width=\"423\" height=\"278\" loading=\"lazy\" data-original-width=\"423\" data-original-height=\"278\" itemprop=\"http:\/\/schema.org\/image\" title=\"FOTO 1 GEOVANNA SEREY\" alt=\"Geovanna Serey, delegada biprovincial Serviu San Felipe-Los Andes\" style=\"width: 423px; height: 278px;\" \/> <\/a> <div class=\"tiled-gallery-caption\" itemprop=\"caption description\"> Geovanna Serey, delegada biprovincial Serviu San Felipe-Los Andes <\/div> <\/div> <\/div> <!-- close group --> <div class=\"gallery-group images-2\" style=\"width: 213px; height: 282px;\" data-original-width=\"213\" data-original-height=\"282\" > <div class=\"tiled-gallery-item tiled-gallery-item-small\" itemprop=\"associatedMedia\" itemscope itemtype=\"http:\/\/schema.org\/ImageObject\"> <a href=\"https:\/\/eltrabajo.cl\/portal\/50-vecinos-de-la-provincia-de-san-felipe-ya-cuentan-con-subsidio-habitacional\/foto-2-gisela-badilla\/\" border=\"0\" itemprop=\"url\"> <meta itemprop=\"width\" content=\"209\"> <meta itemprop=\"height\" content=\"137\"> <img decoding=\"async\" class=\"\" data-attachment-id=\"65110\" data-orig-file=\"https:\/\/eltrabajo.cl\/portal\/wp-content\/uploads\/2015\/12\/FOTO-2-GISELA-BADILLA.jpg\" data-orig-size=\"530,348\" data-comments-opened=\"1\" data-image-meta=\"{&quot;aperture&quot;:&quot;0&quot;,&quot;credit&quot;:&quot;&quot;,&quot;camera&quot;:&quot;&quot;,&quot;caption&quot;:&quot;&quot;,&quot;created_timestamp&quot;:&quot;0&quot;,&quot;copyright&quot;:&quot;Copyright 2012&quot;,&quot;focal_length&quot;:&quot;0&quot;,&quot;iso&quot;:&quot;0&quot;,&quot;shutter_speed&quot;:&quot;0&quot;,&quot;title&quot;:&quot;&quot;,&quot;orientation&quot;:&quot;0&quot;}\" data-image-title=\"FOTO 2 GISELA BADILLA\" data-image-description=\"&lt;p&gt;Gisela Badilla, vecina de Catemu a quien se le adjudic\u00f3 un subsidio habitacional.&lt;\/p&gt; \" data-medium-file=\"https:\/\/i0.wp.com\/eltrabajo.cl\/portal\/wp-content\/uploads\/2015\/12\/FOTO-2-GISELA-BADILLA.jpg?fit=300%2C197&#038;ssl=1\" data-large-file=\"https:\/\/i0.wp.com\/eltrabajo.cl\/portal\/wp-content\/uploads\/2015\/12\/FOTO-2-GISELA-BADILLA.jpg?fit=530%2C348&#038;ssl=1\" src=\"https:\/\/i0.wp.com\/eltrabajo.cl\/portal\/wp-content\/uploads\/2015\/12\/FOTO-2-GISELA-BADILLA.jpg?w=209&#038;h=137&#038;ssl=1\" srcset=\"https:\/\/i0.wp.com\/eltrabajo.cl\/portal\/wp-content\/uploads\/2015\/12\/FOTO-2-GISELA-BADILLA.jpg?w=530&amp;ssl=1 530w, https:\/\/i0.wp.com\/eltrabajo.cl\/portal\/wp-content\/uploads\/2015\/12\/FOTO-2-GISELA-BADILLA.jpg?resize=200%2C131&amp;ssl=1 200w, https:\/\/i0.wp.com\/eltrabajo.cl\/portal\/wp-content\/uploads\/2015\/12\/FOTO-2-GISELA-BADILLA.jpg?resize=300%2C197&amp;ssl=1 300w, https:\/\/i0.wp.com\/eltrabajo.cl\/portal\/wp-content\/uploads\/2015\/12\/FOTO-2-GISELA-BADILLA.jpg?resize=228%2C150&amp;ssl=1 228w, https:\/\/i0.wp.com\/eltrabajo.cl\/portal\/wp-content\/uploads\/2015\/12\/FOTO-2-GISELA-BADILLA.jpg?resize=400%2C263&amp;ssl=1 400w\" width=\"209\" height=\"137\" loading=\"lazy\" data-original-width=\"209\" data-original-height=\"137\" itemprop=\"http:\/\/schema.org\/image\" title=\"FOTO 2 GISELA BADILLA\" alt=\"Gisela Badilla, vecina de Catemu a quien se le adjudic\u00f3 un subsidio habitacional.\" style=\"width: 209px; height: 137px;\" \/> <\/a> <div class=\"tiled-gallery-caption\" itemprop=\"caption description\"> Gisela Badilla, vecina de Catemu a quien se le adjudic\u00f3 un subsidio habitacional. <\/div> <\/div> <div class=\"tiled-gallery-item tiled-gallery-item-small\" itemprop=\"associatedMedia\" itemscope itemtype=\"http:\/\/schema.org\/ImageObject\"> <a href=\"https:\/\/eltrabajo.cl\/portal\/50-vecinos-de-la-provincia-de-san-felipe-ya-cuentan-con-subsidio-habitacional\/foto-3-ada-tapia-beneficiada-con-subsidio-habitacional-junto-a-su-hijo-brayan-pizarro\/\" border=\"0\" itemprop=\"url\"> <meta itemprop=\"width\" content=\"209\"> <meta itemprop=\"height\" content=\"137\"> <img decoding=\"async\" class=\"\" data-attachment-id=\"65111\" data-orig-file=\"https:\/\/eltrabajo.cl\/portal\/wp-content\/uploads\/2015\/12\/FOTO-3-ADA-TAPIA-BENEFICIADA-CON-SUBSIDIO-HABITACIONAL-JUNTO-A-SU-HIJO-BRAYAN-PIZARRO.jpg\" data-orig-size=\"530,348\" data-comments-opened=\"1\" data-image-meta=\"{&quot;aperture&quot;:&quot;0&quot;,&quot;credit&quot;:&quot;&quot;,&quot;camera&quot;:&quot;&quot;,&quot;caption&quot;:&quot;&quot;,&quot;created_timestamp&quot;:&quot;0&quot;,&quot;copyright&quot;:&quot;Copyright 2012&quot;,&quot;focal_length&quot;:&quot;0&quot;,&quot;iso&quot;:&quot;0&quot;,&quot;shutter_speed&quot;:&quot;0&quot;,&quot;title&quot;:&quot;&quot;,&quot;orientation&quot;:&quot;0&quot;}\" data-image-title=\"FOTO 3 ADA TAPIA BENEFICIADA CON SUBSIDIO HABITACIONAL JUNTO A SU HIJO BRAYAN PIZARRO\" data-image-description=\"&lt;p&gt;Ada Tapia, beneficiada con subsidio habitacional, junto a su hijo Brayan Pizarro.&lt;\/p&gt; \" data-medium-file=\"https:\/\/i0.wp.com\/eltrabajo.cl\/portal\/wp-content\/uploads\/2015\/12\/FOTO-3-ADA-TAPIA-BENEFICIADA-CON-SUBSIDIO-HABITACIONAL-JUNTO-A-SU-HIJO-BRAYAN-PIZARRO.jpg?fit=300%2C197&#038;ssl=1\" data-large-file=\"https:\/\/i0.wp.com\/eltrabajo.cl\/portal\/wp-content\/uploads\/2015\/12\/FOTO-3-ADA-TAPIA-BENEFICIADA-CON-SUBSIDIO-HABITACIONAL-JUNTO-A-SU-HIJO-BRAYAN-PIZARRO.jpg?fit=530%2C348&#038;ssl=1\" src=\"https:\/\/i0.wp.com\/eltrabajo.cl\/portal\/wp-content\/uploads\/2015\/12\/FOTO-3-ADA-TAPIA-BENEFICIADA-CON-SUBSIDIO-HABITACIONAL-JUNTO-A-SU-HIJO-BRAYAN-PIZARRO.jpg?w=209&#038;h=137&#038;ssl=1\" srcset=\"https:\/\/i0.wp.com\/eltrabajo.cl\/portal\/wp-content\/uploads\/2015\/12\/FOTO-3-ADA-TAPIA-BENEFICIADA-CON-SUBSIDIO-HABITACIONAL-JUNTO-A-SU-HIJO-BRAYAN-PIZARRO.jpg?w=530&amp;ssl=1 530w, https:\/\/i0.wp.com\/eltrabajo.cl\/portal\/wp-content\/uploads\/2015\/12\/FOTO-3-ADA-TAPIA-BENEFICIADA-CON-SUBSIDIO-HABITACIONAL-JUNTO-A-SU-HIJO-BRAYAN-PIZARRO.jpg?resize=200%2C131&amp;ssl=1 200w, https:\/\/i0.wp.com\/eltrabajo.cl\/portal\/wp-content\/uploads\/2015\/12\/FOTO-3-ADA-TAPIA-BENEFICIADA-CON-SUBSIDIO-HABITACIONAL-JUNTO-A-SU-HIJO-BRAYAN-PIZARRO.jpg?resize=300%2C197&amp;ssl=1 300w, https:\/\/i0.wp.com\/eltrabajo.cl\/portal\/wp-content\/uploads\/2015\/12\/FOTO-3-ADA-TAPIA-BENEFICIADA-CON-SUBSIDIO-HABITACIONAL-JUNTO-A-SU-HIJO-BRAYAN-PIZARRO.jpg?resize=228%2C150&amp;ssl=1 228w, https:\/\/i0.wp.com\/eltrabajo.cl\/portal\/wp-content\/uploads\/2015\/12\/FOTO-3-ADA-TAPIA-BENEFICIADA-CON-SUBSIDIO-HABITACIONAL-JUNTO-A-SU-HIJO-BRAYAN-PIZARRO.jpg?resize=400%2C263&amp;ssl=1 400w\" width=\"209\" height=\"137\" loading=\"lazy\" data-original-width=\"209\" data-original-height=\"137\" itemprop=\"http:\/\/schema.org\/image\" title=\"FOTO 3 ADA TAPIA BENEFICIADA CON SUBSIDIO HABITACIONAL JUNTO A SU HIJO BRAYAN PIZARRO\" alt=\"Ada Tapia, beneficiada con subsidio habitacional, junto a su hijo Brayan Pizarro.\" style=\"width: 209px; height: 137px;\" \/> <\/a> <div class=\"tiled-gallery-caption\" itemprop=\"caption description\"> Ada Tapia, beneficiada con subsidio habitacional, junto a su hijo Brayan Pizarro. <\/div> <\/div> <\/div> <!-- close group --> <\/div> <!-- close row --> <div class=\"gallery-row\" style=\"width: 640px; height: 422px;\" data-original-width=\"640\" data-original-height=\"422\" > <div class=\"gallery-group images-1\" style=\"width: 640px; height: 422px;\" data-original-width=\"640\" data-original-height=\"422\" > <div class=\"tiled-gallery-item tiled-gallery-item-large\" itemprop=\"associatedMedia\" itemscope itemtype=\"http:\/\/schema.org\/ImageObject\"> <a href=\"https:\/\/eltrabajo.cl\/portal\/50-vecinos-de-la-provincia-de-san-felipe-ya-cuentan-con-subsidio-habitacional\/foto-4-marlen-contreras\/\" border=\"0\" itemprop=\"url\"> <meta itemprop=\"width\" content=\"636\"> <meta itemprop=\"height\" content=\"418\"> <img decoding=\"async\" class=\"\" data-attachment-id=\"65112\" data-orig-file=\"https:\/\/eltrabajo.cl\/portal\/wp-content\/uploads\/2015\/12\/FOTO-4-MARLEN-CONTRERAS.jpg\" data-orig-size=\"530,348\" data-comments-opened=\"1\" data-image-meta=\"{&quot;aperture&quot;:&quot;0&quot;,&quot;credit&quot;:&quot;&quot;,&quot;camera&quot;:&quot;&quot;,&quot;caption&quot;:&quot;&quot;,&quot;created_timestamp&quot;:&quot;0&quot;,&quot;copyright&quot;:&quot;Copyright 2012&quot;,&quot;focal_length&quot;:&quot;0&quot;,&quot;iso&quot;:&quot;0&quot;,&quot;shutter_speed&quot;:&quot;0&quot;,&quot;title&quot;:&quot;&quot;,&quot;orientation&quot;:&quot;0&quot;}\" data-image-title=\"FOTO 4 MARLEN CONTRERAS\" data-image-description=\"&lt;p&gt;Marl\u00e9n Contreras, Beneficiada con subsidio en San Felipe.&lt;\/p&gt; \" data-medium-file=\"https:\/\/i0.wp.com\/eltrabajo.cl\/portal\/wp-content\/uploads\/2015\/12\/FOTO-4-MARLEN-CONTRERAS.jpg?fit=300%2C197&#038;ssl=1\" data-large-file=\"https:\/\/i0.wp.com\/eltrabajo.cl\/portal\/wp-content\/uploads\/2015\/12\/FOTO-4-MARLEN-CONTRERAS.jpg?fit=530%2C348&#038;ssl=1\" src=\"https:\/\/i0.wp.com\/eltrabajo.cl\/portal\/wp-content\/uploads\/2015\/12\/FOTO-4-MARLEN-CONTRERAS.jpg?w=636&#038;h=418&#038;ssl=1\" srcset=\"https:\/\/i0.wp.com\/eltrabajo.cl\/portal\/wp-content\/uploads\/2015\/12\/FOTO-4-MARLEN-CONTRERAS.jpg?w=530&amp;ssl=1 530w, https:\/\/i0.wp.com\/eltrabajo.cl\/portal\/wp-content\/uploads\/2015\/12\/FOTO-4-MARLEN-CONTRERAS.jpg?resize=200%2C131&amp;ssl=1 200w, https:\/\/i0.wp.com\/eltrabajo.cl\/portal\/wp-content\/uploads\/2015\/12\/FOTO-4-MARLEN-CONTRERAS.jpg?resize=300%2C197&amp;ssl=1 300w, https:\/\/i0.wp.com\/eltrabajo.cl\/portal\/wp-content\/uploads\/2015\/12\/FOTO-4-MARLEN-CONTRERAS.jpg?resize=228%2C150&amp;ssl=1 228w, https:\/\/i0.wp.com\/eltrabajo.cl\/portal\/wp-content\/uploads\/2015\/12\/FOTO-4-MARLEN-CONTRERAS.jpg?resize=400%2C263&amp;ssl=1 400w\" width=\"636\" height=\"418\" loading=\"lazy\" data-original-width=\"636\" data-original-height=\"418\" itemprop=\"http:\/\/schema.org\/image\" title=\"FOTO 4 MARLEN CONTRERAS\" alt=\"Marl\u00e9n Contreras, Beneficiada con subsidio en San Felipe.\" style=\"width: 636px; height: 418px;\" \/> <\/a> <div class=\"tiled-gallery-caption\" itemprop=\"caption description\"> Marl\u00e9n Contreras, Beneficiada con subsidio en San Felipe. <\/div> <\/div> <\/div> <!-- close group --> <\/div> <!-- close row --> <\/div>\n","protected":false},"excerpt":{"rendered":"<p>Ceremonia de certificaci\u00f3n cont\u00f3 con la presencia del Gobernador Provincial Eduardo Le\u00f3n, el Consejero Regional Iv\u00e1n Reyes, los alcaldes de San Felipe y Panquehue Patricio Freire y Luis Pradenas, quienes junto a&#8230;<\/p>\n","protected":false},"author":482,"featured_media":65108,"comment_status":"open","ping_status":"open","sticky":false,"template":"","format":"standard","meta":{"advanced_seo_description":"","jetpack_seo_html_title":"","jetpack_seo_noindex":false,"_jetpack_memberships_contains_paid_content":false,"footnotes":""},"categories":[15],"tags":[],"class_list":["post-65107","post","type-post","status-publish","format-standard","has-post-thumbnail","hentry","category-comunidad"],"jetpack_featured_media_url":"https:\/\/i0.wp.com\/eltrabajo.cl\/portal\/wp-content\/uploads\/2015\/12\/FOTO-5.jpg?fit=530%2C350&ssl=1","jetpack_sharing_enabled":true,"jetpack_likes_enabled":true,"jetpack-related-posts":[],"_links":{"self":[{"href":"https:\/\/eltrabajo.cl\/portal\/wp-json\/wp\/v2\/posts\/65107","targetHints":{"allow":["GET"]}}],"collection":[{"href":"https:\/\/eltrabajo.cl\/portal\/wp-json\/wp\/v2\/posts"}],"about":[{"href":"https:\/\/eltrabajo.cl\/portal\/wp-json\/wp\/v2\/types\/post"}],"author":[{"embeddable":true,"href":"https:\/\/eltrabajo.cl\/portal\/wp-json\/wp\/v2\/users\/482"}],"replies":[{"embeddable":true,"href":"https:\/\/eltrabajo.cl\/portal\/wp-json\/wp\/v2\/comments?post=65107"}],"version-history":[{"count":0,"href":"https:\/\/eltrabajo.cl\/portal\/wp-json\/wp\/v2\/posts\/65107\/revisions"}],"wp:featuredmedia":[{"embeddable":true,"href":"https:\/\/eltrabajo.cl\/portal\/wp-json\/wp\/v2\/media\/65108"}],"wp:attachment":[{"href":"https:\/\/eltrabajo.cl\/portal\/wp-json\/wp\/v2\/media?parent=65107"}],"wp:term":[{"taxonomy":"category","embeddable":true,"href":"https:\/\/eltrabajo.cl\/portal\/wp-json\/wp\/v2\/categories?post=65107"},{"taxonomy":"post_tag","embeddable":true,"href":"https:\/\/eltrabajo.cl\/portal\/wp-json\/wp\/v2\/tags?post=65107"}],"curies":[{"name":"wp","href":"https:\/\/api.w.org\/{rel}","templated":true}]}}