{"id":65114,"date":"2015-12-23T14:33:04","date_gmt":"2015-12-23T17:33:04","guid":{"rendered":"http:\/\/www.eltrabajo.cl\/portal\/?p=65114"},"modified":"2015-12-23T14:33:04","modified_gmt":"2015-12-23T17:33:04","slug":"espero-que-tras-lo-del-cesfam-no-haya-intencionalidad-politica-y-no-se-este-jugando-con-las-necesidades-de-mi-comuna","status":"publish","type":"post","link":"https:\/\/eltrabajo.cl\/portal\/espero-que-tras-lo-del-cesfam-no-haya-intencionalidad-politica-y-no-se-este-jugando-con-las-necesidades-de-mi-comuna\/","title":{"rendered":"\u00abEspero que tras lo del Cesfam no haya intencionalidad pol\u00edtica y no se est\u00e9 jugando con las necesidades de mi comuna\u00bb"},"content":{"rendered":"<figure id=\"attachment_65115\" aria-describedby=\"caption-attachment-65115\" style=\"width: 300px\" class=\"wp-caption alignleft\"><img data-recalc-dims=\"1\" loading=\"lazy\" decoding=\"async\" class=\"wp-image-65115 size-medium\" src=\"https:\/\/i0.wp.com\/www.eltrabajo.cl\/portal\/wp-content\/uploads\/2015\/12\/FOTO-1-CONCEJAL-DE-PANQUEHUE-GONZALO-VERGARA-300x197.jpg?resize=300%2C197\" alt=\"Concejal de Panquehue, Gonzalo Vergara.\" width=\"300\" height=\"197\" srcset=\"https:\/\/i0.wp.com\/eltrabajo.cl\/portal\/wp-content\/uploads\/2015\/12\/FOTO-1-CONCEJAL-DE-PANQUEHUE-GONZALO-VERGARA.jpg?resize=300%2C197&amp;ssl=1 300w, https:\/\/i0.wp.com\/eltrabajo.cl\/portal\/wp-content\/uploads\/2015\/12\/FOTO-1-CONCEJAL-DE-PANQUEHUE-GONZALO-VERGARA.jpg?resize=200%2C131&amp;ssl=1 200w, https:\/\/i0.wp.com\/eltrabajo.cl\/portal\/wp-content\/uploads\/2015\/12\/FOTO-1-CONCEJAL-DE-PANQUEHUE-GONZALO-VERGARA.jpg?resize=228%2C150&amp;ssl=1 228w, https:\/\/i0.wp.com\/eltrabajo.cl\/portal\/wp-content\/uploads\/2015\/12\/FOTO-1-CONCEJAL-DE-PANQUEHUE-GONZALO-VERGARA.jpg?resize=400%2C263&amp;ssl=1 400w, https:\/\/i0.wp.com\/eltrabajo.cl\/portal\/wp-content\/uploads\/2015\/12\/FOTO-1-CONCEJAL-DE-PANQUEHUE-GONZALO-VERGARA.jpg?w=530&amp;ssl=1 530w\" sizes=\"auto, (max-width: 300px) 100vw, 300px\" \/><figcaption id=\"caption-attachment-65115\" class=\"wp-caption-text\">Concejal de Panquehue, Gonzalo Vergara.<\/figcaption><\/figure>\n<ul>\n<li><strong>El Concejal de Panquehue, Gonzalo Vergara, evidenci\u00f3 molestia y preocupaci\u00f3n ante el nuevo fracaso en la licitaci\u00f3n por construir el nuevo centro de salud familiar.<\/strong><\/li>\n<\/ul>\n<p>Manteniendo una postura firme y cr\u00edtica ante los sucesivos fracasos que han implicado los procesos licitatorios para construir el nuevo Centro de Salud Familiar, Cesfam, Panquehue, el concejal de esa comuna, Gonzalo Vergara, hizo un llamado a las autoridades a no ensuciar con intereses pol\u00edticos personales, una necesidad que es de primer orden para los panquehuinos<br \/>\nDe acuerdo a lo manifestado por Vergara, despu\u00e9s de tanto tiempo sin ver resultados es imposible no pensar que hay intencionalidad pol\u00edtica, argumentando que \u00abno quiero referirme a eso, pero a veces uno se pone a pensar y ac\u00e1 han pasado ya tres gobiernos pr\u00e1cticamente, yo soy parte de este tercer gobierno, pero no puedo dejar de ser cr\u00edtico cuando las cosas no se hacen correctamente o cuando se demoran los procesos\u00bb, apunt\u00f3.<br \/>\n\u00abYo no quiero que esto se ensucie m\u00e1s con el tema pol\u00edtico, porque ac\u00e1 se habla mucho que pasa por un factor pol\u00edtico, porque son proyectos de otro Gobierno, en fin, por eso hago un llamado como parte del Gobierno, para que esto sea transparente, para que el tema se agilice\u00bb, ratific\u00f3 Vergara.<br \/>\nAs\u00ed mismo, el candidato al sill\u00f3n edilicio, asegur\u00f3 que existe plena uni\u00f3n con el alcalde Luis Pradenas en torno a solucionar esta situaci\u00f3n, porque est\u00e1n seguros que el Cesfam es una tremenda necesidad para Panquehue, por lo tanto, no es momento de que sacar provechos pol\u00edticos, sino que es instante de unir fuerzas para sacar adelante un proyecto que es indispensable para la comuna.<br \/>\nEn referencia a la postura que tomar\u00e1n como concejo municipal, Vergara agreg\u00f3 que \u00abestamos todos en la misma l\u00ednea de hacer un llamado a las autoridades que est\u00e1n detr\u00e1s de este gran proyecto, porque estamos esperando desde el a\u00f1o 2008 y han pasado dos licitaciones que han ca\u00eddo en los mismos errores\u00bb, sostuvo, a\u00f1adiendo que \u00abno quiero hablar de mala voluntad, ni tampoco que no tienen ganas de trabajar en este proyecto, mi llamado es para que esto se agilice, se haga r\u00e1pido, porque hay toda una comuna que est\u00e1 detr\u00e1s, no hay partidos pol\u00edticos los que est\u00e1n detr\u00e1s de la concreci\u00f3n de esta obra, somos 7 mil panquehuinos los que estamos esperando que de una vez por todas se concrete esta situaci\u00f3n\u00bb, argument\u00f3.<br \/>\nPor \u00faltimo Vergara aludi\u00f3 que a\u00fan no han recibido explicaci\u00f3n formal desde el Servicio de Salud Aconcagua y que \u00ablo lamentamos mucho como concejo municipal, porque es un tema tremendamente importante y creemos que la autoridad tiene que dar la cara en los momentos importantes, sea para bien o para mal, hay que dar la cara y tenemos que ser responsables, porque ac\u00e1 se est\u00e1 jugando con los sentimientos de los vecinos de Panquehue\u00bb, remat\u00f3 el concejal.<\/p>\n","protected":false},"excerpt":{"rendered":"<p>El Concejal de Panquehue, Gonzalo Vergara, evidenci\u00f3 molestia y preocupaci\u00f3n ante el nuevo fracaso en la licitaci\u00f3n por construir el nuevo centro de salud familiar. Manteniendo una postura firme y cr\u00edtica ante&#8230;<\/p>\n","protected":false},"author":482,"featured_media":65115,"comment_status":"open","ping_status":"open","sticky":false,"template":"","format":"standard","meta":{"advanced_seo_description":"","jetpack_seo_html_title":"","jetpack_seo_noindex":false,"_jetpack_memberships_contains_paid_content":false,"footnotes":""},"categories":[1],"tags":[],"class_list":["post-65114","post","type-post","status-publish","format-standard","has-post-thumbnail","hentry","category-cronica"],"jetpack_featured_media_url":"https:\/\/i0.wp.com\/eltrabajo.cl\/portal\/wp-content\/uploads\/2015\/12\/FOTO-1-CONCEJAL-DE-PANQUEHUE-GONZALO-VERGARA.jpg?fit=530%2C348&ssl=1","jetpack_sharing_enabled":true,"jetpack_likes_enabled":true,"jetpack-related-posts":[],"_links":{"self":[{"href":"https:\/\/eltrabajo.cl\/portal\/wp-json\/wp\/v2\/posts\/65114","targetHints":{"allow":["GET"]}}],"collection":[{"href":"https:\/\/eltrabajo.cl\/portal\/wp-json\/wp\/v2\/posts"}],"about":[{"href":"https:\/\/eltrabajo.cl\/portal\/wp-json\/wp\/v2\/types\/post"}],"author":[{"embeddable":true,"href":"https:\/\/eltrabajo.cl\/portal\/wp-json\/wp\/v2\/users\/482"}],"replies":[{"embeddable":true,"href":"https:\/\/eltrabajo.cl\/portal\/wp-json\/wp\/v2\/comments?post=65114"}],"version-history":[{"count":0,"href":"https:\/\/eltrabajo.cl\/portal\/wp-json\/wp\/v2\/posts\/65114\/revisions"}],"wp:featuredmedia":[{"embeddable":true,"href":"https:\/\/eltrabajo.cl\/portal\/wp-json\/wp\/v2\/media\/65115"}],"wp:attachment":[{"href":"https:\/\/eltrabajo.cl\/portal\/wp-json\/wp\/v2\/media?parent=65114"}],"wp:term":[{"taxonomy":"category","embeddable":true,"href":"https:\/\/eltrabajo.cl\/portal\/wp-json\/wp\/v2\/categories?post=65114"},{"taxonomy":"post_tag","embeddable":true,"href":"https:\/\/eltrabajo.cl\/portal\/wp-json\/wp\/v2\/tags?post=65114"}],"curies":[{"name":"wp","href":"https:\/\/api.w.org\/{rel}","templated":true}]}}