{"id":65117,"date":"2015-12-23T14:37:25","date_gmt":"2015-12-23T17:37:25","guid":{"rendered":"http:\/\/www.eltrabajo.cl\/portal\/?p=65117"},"modified":"2015-12-23T14:37:25","modified_gmt":"2015-12-23T17:37:25","slug":"municipio-invita-a-ninos-de-la-comuna-a-disfrutar-verano-entretenido-2016","status":"publish","type":"post","link":"https:\/\/eltrabajo.cl\/portal\/municipio-invita-a-ninos-de-la-comuna-a-disfrutar-verano-entretenido-2016\/","title":{"rendered":"Municipio invita a ni\u00f1os de la comuna a disfrutar \u2018Verano Entretenido 2016\u2019"},"content":{"rendered":"<figure id=\"attachment_65118\" aria-describedby=\"caption-attachment-65118\" style=\"width: 300px\" class=\"wp-caption alignleft\"><img data-recalc-dims=\"1\" loading=\"lazy\" decoding=\"async\" class=\"wp-image-65118 size-medium\" src=\"https:\/\/i0.wp.com\/www.eltrabajo.cl\/portal\/wp-content\/uploads\/2015\/12\/verano-entretenido-300x198.jpg?resize=300%2C198\" alt=\"El centro n\u00famero uno, ser\u00e1 una vez m\u00e1s el Estadio Fiscal, y la idea es que todos los ni\u00f1os y ni\u00f1as puedan asistir entre las 09.00 y las 13.00 horas, participando en actividades rotativas de b\u00e1squetbol, v\u00f3leibol, f\u00fatbol y actividades acu\u00e1ticas.\" width=\"300\" height=\"198\" srcset=\"https:\/\/i0.wp.com\/eltrabajo.cl\/portal\/wp-content\/uploads\/2015\/12\/verano-entretenido.jpg?resize=300%2C198&amp;ssl=1 300w, https:\/\/i0.wp.com\/eltrabajo.cl\/portal\/wp-content\/uploads\/2015\/12\/verano-entretenido.jpg?resize=200%2C132&amp;ssl=1 200w, https:\/\/i0.wp.com\/eltrabajo.cl\/portal\/wp-content\/uploads\/2015\/12\/verano-entretenido.jpg?resize=227%2C150&amp;ssl=1 227w, https:\/\/i0.wp.com\/eltrabajo.cl\/portal\/wp-content\/uploads\/2015\/12\/verano-entretenido.jpg?resize=400%2C264&amp;ssl=1 400w, https:\/\/i0.wp.com\/eltrabajo.cl\/portal\/wp-content\/uploads\/2015\/12\/verano-entretenido.jpg?w=530&amp;ssl=1 530w\" sizes=\"auto, (max-width: 300px) 100vw, 300px\" \/><figcaption id=\"caption-attachment-65118\" class=\"wp-caption-text\">El centro n\u00famero uno, ser\u00e1 una vez m\u00e1s el Estadio Fiscal, y la idea es que todos los ni\u00f1os y ni\u00f1as puedan asistir entre las 09.00 y las 13.00 horas, participando en actividades rotativas de b\u00e1squetbol, v\u00f3leibol, f\u00fatbol y actividades acu\u00e1ticas.<\/figcaption><\/figure>\n<ul>\n<li><strong>Nuevamente, habr\u00e1 diversas instancias orientadas a favorecer espacios para la recreaci\u00f3n de los ni\u00f1os, ni\u00f1as y adolescentes, en la comuna de San Felipe<\/strong>.<\/li>\n<\/ul>\n<p>Nuevamente la municipalidad de San Felipe a trav\u00e9s del Departamento de Deportes y Actividad F\u00edsica, desarrollar\u00e1 el programa Verano Entretenido 2016, iniciativa que busca generar un espacio de diversi\u00f3n y buen uso del tiempo libre de los ni\u00f1os, ni\u00f1as y adolescentes, en el contexto de sus vacaciones.<br \/>\nLa informaci\u00f3n la entreg\u00f3 el coordinador del Departamento de Deportes, Danilo Pe\u00f1a, quien coment\u00f3 que las actividades se inician el 4 de enero, siendo nuevamente el Estadio Fiscal el centro neur\u00e1lgico de acci\u00f3n, aun cuando tambi\u00e9n habr\u00e1 otros centros donde los ni\u00f1os y ni\u00f1as sanfelipe\u00f1os podr\u00e1n asistir.<br \/>\n\u00abVamos a tener una nueva versi\u00f3n del Verano Entretenido, por lo que invitamos a participar a todas y a todos. El centro n\u00famero uno, ser\u00e1 una vez m\u00e1s el Estadio Fiscal, y la idea es que todos los ni\u00f1os y ni\u00f1as puedan asistir entre las 09.00 y las 13.00 horas, participando en actividades rotativas de b\u00e1squetbol, v\u00f3leibol, f\u00fatbol y actividades acu\u00e1ticas\u00bb, se\u00f1al\u00f3 Danilo Pe\u00f1a.<\/p>\n<figure id=\"attachment_65119\" aria-describedby=\"caption-attachment-65119\" style=\"width: 300px\" class=\"wp-caption alignright\"><img data-recalc-dims=\"1\" loading=\"lazy\" decoding=\"async\" class=\"wp-image-65119 size-medium\" src=\"https:\/\/i0.wp.com\/www.eltrabajo.cl\/portal\/wp-content\/uploads\/2015\/12\/verano-entretenido1-300x198.jpg?resize=300%2C198\" alt=\"El Alcalde Patricio Freire junto a Danilo Pe\u00f1a y el Concejal Dante Rodr\u00edguez en un recorrido por la Piscina Fiscal.\" width=\"300\" height=\"198\" srcset=\"https:\/\/i0.wp.com\/eltrabajo.cl\/portal\/wp-content\/uploads\/2015\/12\/verano-entretenido1.jpg?resize=300%2C198&amp;ssl=1 300w, https:\/\/i0.wp.com\/eltrabajo.cl\/portal\/wp-content\/uploads\/2015\/12\/verano-entretenido1.jpg?resize=200%2C132&amp;ssl=1 200w, https:\/\/i0.wp.com\/eltrabajo.cl\/portal\/wp-content\/uploads\/2015\/12\/verano-entretenido1.jpg?resize=227%2C150&amp;ssl=1 227w, https:\/\/i0.wp.com\/eltrabajo.cl\/portal\/wp-content\/uploads\/2015\/12\/verano-entretenido1.jpg?resize=400%2C264&amp;ssl=1 400w, https:\/\/i0.wp.com\/eltrabajo.cl\/portal\/wp-content\/uploads\/2015\/12\/verano-entretenido1.jpg?w=530&amp;ssl=1 530w\" sizes=\"auto, (max-width: 300px) 100vw, 300px\" \/><figcaption id=\"caption-attachment-65119\" class=\"wp-caption-text\">El Alcalde Patricio Freire junto a Danilo Pe\u00f1a y el Concejal Dante Rodr\u00edguez en un recorrido por la Piscina Fiscal.<\/figcaption><\/figure>\n<p>El club de Tenis Valle de Aconcagua tambi\u00e9n ser\u00e1 un recinto donde se instalar\u00e1 el Programa \u00abVerano Entretenido\u00bb. Ah\u00ed, los martes y jueves de enero y febrero, entre las 09.00 y las 11.00 horas, se realizar\u00e1n clases gratuitas de tenis.<br \/>\nCurim\u00f3n y La Troya tambi\u00e9n contar\u00e1n con el programa, donde se favorecer\u00e1 la pr\u00e1ctica del f\u00fatbol entre las 18.00 y las 20.00 horas, mientras que en la piscina n\u00famero dos, habr\u00e1 aqua aerobic, para que todos puedan hacer actividad f\u00edsica de manera muy entretenida.<br \/>\n\u00abDe manera que est\u00e1 s\u00faper entretenido el programa este 2016 ya que, siguiendo las instrucciones de nuestro alcalde, hemos definido una serie de actividades para que este verano no sea sin\u00f3nimo de letargo, sino que de mucha diversi\u00f3n\u00bb, enfatiz\u00f3 Pe\u00f1a.<br \/>\nEn este mismo sentido, el alcalde Patricio Freire relev\u00f3 la necesidad de fortalecer este tipo de iniciativas, que han arrojado muy buenos resultados si de respuesta y asistencia de ni\u00f1os y ni\u00f1as se trata.<br \/>\n\u00abNos interesa que nuestros ni\u00f1os cuenten con espacios para que se diviertan en estas vacaciones. Sabemos que son muchos los que no pueden salir de la ciudad a vacacionar, por lo tanto, es nuestro deber como municipio generar una oferta, tanto desde el punto de vista art\u00edstico y cultural, como tambi\u00e9n en materia de deportes y actividad f\u00edsica\u00bb, precis\u00f3 la autoridad comunal.<br \/>\nAsimismo, el administrador de la Piscina Fiscal, Marcelo Mazuela, se\u00f1al\u00f3 que el recinto atiende desde las 12.00 y hasta las 19.00 horas de lunes a viernes; con valor de entrada de 1.200 pesos los ni\u00f1os y 1.500 los adultos; mientras que los fines de semana el valor de las entradas asciende a los 1.800 ni\u00f1os y 2.000 pesos los adultos.<br \/>\nLa piscina inici\u00f3 temporada el pasado 1 de diciembre y la finaliza el 15 de marzo. El 4 de enero en tanto, se realizar\u00e1n las clases de nataci\u00f3n en horario de la ma\u00f1ana.<\/p>\n","protected":false},"excerpt":{"rendered":"<p>Nuevamente, habr\u00e1 diversas instancias orientadas a favorecer espacios para la recreaci\u00f3n de los ni\u00f1os, ni\u00f1as y adolescentes, en la comuna de San Felipe. Nuevamente la municipalidad de San Felipe a trav\u00e9s del&#8230;<\/p>\n","protected":false},"author":482,"featured_media":65118,"comment_status":"open","ping_status":"open","sticky":false,"template":"","format":"standard","meta":{"advanced_seo_description":"","jetpack_seo_html_title":"","jetpack_seo_noindex":false,"_jetpack_memberships_contains_paid_content":false,"footnotes":""},"categories":[15],"tags":[],"class_list":["post-65117","post","type-post","status-publish","format-standard","has-post-thumbnail","hentry","category-comunidad"],"jetpack_featured_media_url":"https:\/\/i0.wp.com\/eltrabajo.cl\/portal\/wp-content\/uploads\/2015\/12\/verano-entretenido.jpg?fit=530%2C350&ssl=1","jetpack_sharing_enabled":true,"jetpack_likes_enabled":true,"jetpack-related-posts":[],"_links":{"self":[{"href":"https:\/\/eltrabajo.cl\/portal\/wp-json\/wp\/v2\/posts\/65117","targetHints":{"allow":["GET"]}}],"collection":[{"href":"https:\/\/eltrabajo.cl\/portal\/wp-json\/wp\/v2\/posts"}],"about":[{"href":"https:\/\/eltrabajo.cl\/portal\/wp-json\/wp\/v2\/types\/post"}],"author":[{"embeddable":true,"href":"https:\/\/eltrabajo.cl\/portal\/wp-json\/wp\/v2\/users\/482"}],"replies":[{"embeddable":true,"href":"https:\/\/eltrabajo.cl\/portal\/wp-json\/wp\/v2\/comments?post=65117"}],"version-history":[{"count":0,"href":"https:\/\/eltrabajo.cl\/portal\/wp-json\/wp\/v2\/posts\/65117\/revisions"}],"wp:featuredmedia":[{"embeddable":true,"href":"https:\/\/eltrabajo.cl\/portal\/wp-json\/wp\/v2\/media\/65118"}],"wp:attachment":[{"href":"https:\/\/eltrabajo.cl\/portal\/wp-json\/wp\/v2\/media?parent=65117"}],"wp:term":[{"taxonomy":"category","embeddable":true,"href":"https:\/\/eltrabajo.cl\/portal\/wp-json\/wp\/v2\/categories?post=65117"},{"taxonomy":"post_tag","embeddable":true,"href":"https:\/\/eltrabajo.cl\/portal\/wp-json\/wp\/v2\/tags?post=65117"}],"curies":[{"name":"wp","href":"https:\/\/api.w.org\/{rel}","templated":true}]}}