{"id":65121,"date":"2015-12-23T14:39:48","date_gmt":"2015-12-23T17:39:48","guid":{"rendered":"http:\/\/www.eltrabajo.cl\/portal\/?p=65121"},"modified":"2015-12-23T14:39:48","modified_gmt":"2015-12-23T17:39:48","slug":"el-magico-gonzalez-cuelga-los-botines","status":"publish","type":"post","link":"https:\/\/eltrabajo.cl\/portal\/el-magico-gonzalez-cuelga-los-botines\/","title":{"rendered":"El M\u00e1gico Gonz\u00e1lez cuelga los botines"},"content":{"rendered":"<figure id=\"attachment_65122\" aria-describedby=\"caption-attachment-65122\" style=\"width: 300px\" class=\"wp-caption alignleft\"><img data-recalc-dims=\"1\" loading=\"lazy\" decoding=\"async\" class=\"wp-image-65122 size-medium\" src=\"https:\/\/i0.wp.com\/www.eltrabajo.cl\/portal\/wp-content\/uploads\/2015\/12\/magico-en-el-adios-005-300x197.jpg?resize=300%2C197\" alt=\"Miguel \u00c1ngel Gonz\u00e1lez confirm\u00f3 que su retiro del f\u00fatbol activo es definitivo, descartando por ahora una carrera como entrenador.\" width=\"300\" height=\"197\" srcset=\"https:\/\/i0.wp.com\/eltrabajo.cl\/portal\/wp-content\/uploads\/2015\/12\/magico-en-el-adios-005.jpg?resize=300%2C197&amp;ssl=1 300w, https:\/\/i0.wp.com\/eltrabajo.cl\/portal\/wp-content\/uploads\/2015\/12\/magico-en-el-adios-005.jpg?resize=200%2C131&amp;ssl=1 200w, https:\/\/i0.wp.com\/eltrabajo.cl\/portal\/wp-content\/uploads\/2015\/12\/magico-en-el-adios-005.jpg?resize=228%2C150&amp;ssl=1 228w, https:\/\/i0.wp.com\/eltrabajo.cl\/portal\/wp-content\/uploads\/2015\/12\/magico-en-el-adios-005.jpg?resize=400%2C263&amp;ssl=1 400w, https:\/\/i0.wp.com\/eltrabajo.cl\/portal\/wp-content\/uploads\/2015\/12\/magico-en-el-adios-005.jpg?w=530&amp;ssl=1 530w\" sizes=\"auto, (max-width: 300px) 100vw, 300px\" \/><figcaption id=\"caption-attachment-65122\" class=\"wp-caption-text\">Miguel \u00c1ngel Gonz\u00e1lez confirm\u00f3 que su retiro del f\u00fatbol activo es definitivo, descartando por ahora una carrera como entrenador.<\/figcaption><\/figure>\n<p>A pesar de dar una dura batalla contra una rebelde lesi\u00f3n a una de sus rodillas, la que finalmente no pudo superar, a pesar de haber sido sometido a una compleja intervenci\u00f3n quir\u00fargica, el talentoso volante trasandino Miguel \u2018M\u00e1gico\u2019 Gonz\u00e1lez decidi\u00f3 retirarse del f\u00fatbol activo.<br \/>\nLa noticia del retiro de uno de los jugadores m\u00e1s talentosos que haya defendido al Un\u00ed en toda su historia, provoc\u00f3 conmoci\u00f3n y sorpresa entre los seguidores albirrojos, los que con toda seguridad extra\u00f1ar\u00e1n las vistosas y exquisitas jugadas que \u2018El M\u00e1gico\u2019 sol\u00eda hacer cada vez que el bal\u00f3n llegaba a sus botines.<br \/>\nMiguel Gonz\u00e1lez, arrib\u00f3 a Uni\u00f3n San Felipe el a\u00f1o 2010, cost\u00e1ndole muy poco tiempo hacerse un nombre en el f\u00fatbol chileno, gracias a sus actuaciones en el torneo de la Primera A y la Copa Sudamericana, torneo en el cual le marc\u00f3 a Guaran\u00ed de Paraguay.<br \/>\nEl ahora exjugador, aparte de vestir en Chile la casaquilla del Un\u00ed Un\u00ed, tambi\u00e9n milit\u00f3 en O\u2019Higgins de Rancagua y Colo Colo.<\/p>\n<p><strong>Y la magia lleg\u00f3 a su fin\u2026<\/strong><br \/>\nAyer en el ma\u00f1ana El Trabajo Deportivo acudi\u00f3 al Complejo Deportivo de Uni\u00f3n San Felipe, para conversar con \u2018El M\u00e1gico\u2019, el que con estas palabras se refiri\u00f3 a su adi\u00f3s al balompi\u00e9 profesional. \u201cHace mucho rato que con mi familia ven\u00edamos pensando en la opci\u00f3n del retiro debido al problema de mi rodilla\u201d, as\u00ed el ex volante de creaci\u00f3n abri\u00f3 el di\u00e1logo.<br \/>\n<strong>&#8211; \u00bfEs mucha la molestia que ya no quieres seguir?<\/strong><br \/>\n<strong>&#8211;<\/strong> La verdad s\u00ed, desde la operaci\u00f3n (hace dos a\u00f1os) volv\u00ed y pude jugar un a\u00f1o y medio con algunas molestias y forz\u00e1ndola, pero en el \u00faltimo tiempo me estaba costando mucho y deb\u00ed infiltrarme para poder jugar y ni siquiera as\u00ed pasaba el dolor, lo intent\u00e9 pero me duele mucho, incluso para caminar\u201d.<br \/>\n<strong>&#8211; \u00bfFue dif\u00edcil tomar esa decisi\u00f3n?<\/strong><br \/>\n<strong>&#8211;<\/strong> Cuesta porque uno vive de esto y lo disfruta, dejarlo de esta manera es muy complicado. Llevo quince a\u00f1os jugando al f\u00fatbol, me voy tranquilo, pero un poco triste porque hice lo imposible para seguir jugando.<br \/>\n<strong>&#8211; \u00bfUni\u00f3n San Felipe fue un paso importante en tu carrera?<\/strong><br \/>\n<strong>&#8211;<\/strong> Ac\u00e1 es como mi casa, a mi familia la han tratado muy bien, por eso quiero agradecer a los dirigentes, compa\u00f1eros, cuerpo t\u00e9cnico y toda la gente que siempre confi\u00f3 en m\u00ed. Desde que llegu\u00e9 aqu\u00ed mi carrera fue muy buena.<br \/>\n<strong>&#8211; \u00bfEl mejor gol?<\/strong><br \/>\n<strong>&#8211;<\/strong> El de la Sudamericana, ese lo vivimos con todo con mi familia.<br \/>\n<strong>&#8211; \u00bfC\u00f3mo ves al equipo para el pr\u00f3ximo semestre?<\/strong><br \/>\n<strong>&#8211; <\/strong>Hay un buen equipo, conf\u00edo en que har\u00e1n un buen torneo.<br \/>\n<strong>&#8211; \u00bfSeguir\u00edas ligado al f\u00fatbol por medio de una carrera t\u00e9cnica?<\/strong><br \/>\n<strong>&#8211;<\/strong> Por el momento no me gustar\u00eda, quiz\u00e1s m\u00e1s adelante, pero por ahora quiero descansar, disfrutar a mi familia y despejarme un poco, despu\u00e9s se ver\u00e1, ahora lo importante es cuidar la salud.<\/p>\n","protected":false},"excerpt":{"rendered":"<p>A pesar de dar una dura batalla contra una rebelde lesi\u00f3n a una de sus rodillas, la que finalmente no pudo superar, a pesar de haber sido sometido a una compleja intervenci\u00f3n&#8230;<\/p>\n","protected":false},"author":482,"featured_media":65122,"comment_status":"open","ping_status":"open","sticky":false,"template":"","format":"standard","meta":{"advanced_seo_description":"","jetpack_seo_html_title":"","jetpack_seo_noindex":false,"_jetpack_memberships_contains_paid_content":false,"footnotes":""},"categories":[19],"tags":[],"class_list":["post-65121","post","type-post","status-publish","format-standard","has-post-thumbnail","hentry","category-deportes"],"jetpack_featured_media_url":"https:\/\/i0.wp.com\/eltrabajo.cl\/portal\/wp-content\/uploads\/2015\/12\/magico-en-el-adios-005.jpg?fit=530%2C348&ssl=1","jetpack_sharing_enabled":true,"jetpack_likes_enabled":true,"jetpack-related-posts":[],"_links":{"self":[{"href":"https:\/\/eltrabajo.cl\/portal\/wp-json\/wp\/v2\/posts\/65121","targetHints":{"allow":["GET"]}}],"collection":[{"href":"https:\/\/eltrabajo.cl\/portal\/wp-json\/wp\/v2\/posts"}],"about":[{"href":"https:\/\/eltrabajo.cl\/portal\/wp-json\/wp\/v2\/types\/post"}],"author":[{"embeddable":true,"href":"https:\/\/eltrabajo.cl\/portal\/wp-json\/wp\/v2\/users\/482"}],"replies":[{"embeddable":true,"href":"https:\/\/eltrabajo.cl\/portal\/wp-json\/wp\/v2\/comments?post=65121"}],"version-history":[{"count":0,"href":"https:\/\/eltrabajo.cl\/portal\/wp-json\/wp\/v2\/posts\/65121\/revisions"}],"wp:featuredmedia":[{"embeddable":true,"href":"https:\/\/eltrabajo.cl\/portal\/wp-json\/wp\/v2\/media\/65122"}],"wp:attachment":[{"href":"https:\/\/eltrabajo.cl\/portal\/wp-json\/wp\/v2\/media?parent=65121"}],"wp:term":[{"taxonomy":"category","embeddable":true,"href":"https:\/\/eltrabajo.cl\/portal\/wp-json\/wp\/v2\/categories?post=65121"},{"taxonomy":"post_tag","embeddable":true,"href":"https:\/\/eltrabajo.cl\/portal\/wp-json\/wp\/v2\/tags?post=65121"}],"curies":[{"name":"wp","href":"https:\/\/api.w.org\/{rel}","templated":true}]}}