{"id":65124,"date":"2015-12-23T14:43:40","date_gmt":"2015-12-23T17:43:40","guid":{"rendered":"http:\/\/www.eltrabajo.cl\/portal\/?p=65124"},"modified":"2015-12-23T14:43:40","modified_gmt":"2015-12-23T17:43:40","slug":"mujer-es-detenida-cuando-intentaba-reducir-motocicleta-robada","status":"publish","type":"post","link":"https:\/\/eltrabajo.cl\/portal\/mujer-es-detenida-cuando-intentaba-reducir-motocicleta-robada\/","title":{"rendered":"Mujer es detenida cuando intentaba reducir motocicleta robada"},"content":{"rendered":"<figure id=\"attachment_65126\" aria-describedby=\"caption-attachment-65126\" style=\"width: 300px\" class=\"wp-caption alignleft\"><img data-recalc-dims=\"1\" loading=\"lazy\" decoding=\"async\" class=\"wp-image-65126 size-medium\" src=\"https:\/\/i0.wp.com\/www.eltrabajo.cl\/portal\/wp-content\/uploads\/2015\/12\/CAROL-300x197.jpg?resize=300%2C197\" alt=\"La imputada Carol Mellado Escobar domiciliada en villa 250 A\u00f1os de San Felipe, fue detenida por el delito de receptaci\u00f3n la tarde de este lunes en la poblaci\u00f3n Manso de Velasco en San Felipe.\" width=\"300\" height=\"197\" srcset=\"https:\/\/i0.wp.com\/eltrabajo.cl\/portal\/wp-content\/uploads\/2015\/12\/CAROL.jpg?resize=300%2C197&amp;ssl=1 300w, https:\/\/i0.wp.com\/eltrabajo.cl\/portal\/wp-content\/uploads\/2015\/12\/CAROL.jpg?resize=200%2C131&amp;ssl=1 200w, https:\/\/i0.wp.com\/eltrabajo.cl\/portal\/wp-content\/uploads\/2015\/12\/CAROL.jpg?resize=228%2C150&amp;ssl=1 228w, https:\/\/i0.wp.com\/eltrabajo.cl\/portal\/wp-content\/uploads\/2015\/12\/CAROL.jpg?resize=400%2C263&amp;ssl=1 400w, https:\/\/i0.wp.com\/eltrabajo.cl\/portal\/wp-content\/uploads\/2015\/12\/CAROL.jpg?w=530&amp;ssl=1 530w\" sizes=\"auto, (max-width: 300px) 100vw, 300px\" \/><figcaption id=\"caption-attachment-65126\" class=\"wp-caption-text\">La imputada Carol Mellado Escobar domiciliada en villa 250 A\u00f1os de San Felipe, fue detenida por el delito de receptaci\u00f3n la tarde de este lunes en la poblaci\u00f3n Manso de Velasco en San Felipe.<\/figcaption><\/figure>\n<ul>\n<li><strong>La imputada transportaba el m\u00f3vil amarrado sobre el pick up de una camioneta en calle Ana Galindo de la poblaci\u00f3n Manso de Velasco en San Felipe, frente a un taller mec\u00e1nico, donde fue sorprendida por la polic\u00eda que incaut\u00f3 la motocicleta encargada por robo.<\/strong><\/li>\n<\/ul>\n<p>Por el delito de receptaci\u00f3n de especies fue detenida y formalizada una mujer domiciliada en la villa 250 A\u00f1os que fue sorprendida por efectivos de la SIP de Carabineros, intentando reducir una motocicleta que manten\u00eda encargo por robo desde la comuna de Los Andes desde el mes de mayo del 2014.<br \/>\nLa secci\u00f3n especializada de Carabineros manten\u00eda en conocimiento los diversos robos de este tipo de veh\u00edculos que son reducidos en el mercado negro, por lo que efectuaron diversas diligencias para la recuperaci\u00f3n de los m\u00f3viles que son denunciados por sus v\u00edctimas.<\/p>\n<figure id=\"attachment_65127\" aria-describedby=\"caption-attachment-65127\" style=\"width: 300px\" class=\"wp-caption alignright\"><img data-recalc-dims=\"1\" loading=\"lazy\" decoding=\"async\" class=\"wp-image-65127 size-medium\" src=\"https:\/\/i0.wp.com\/www.eltrabajo.cl\/portal\/wp-content\/uploads\/2015\/12\/MOTOCICLETA-300x198.jpg?resize=300%2C198\" alt=\"La motocicleta ser\u00e1 entregada a su propietario que hab\u00eda denunciado el robo el mes de mayo del 2014 desde la comuna de Los Andes.\" width=\"300\" height=\"198\" srcset=\"https:\/\/i0.wp.com\/eltrabajo.cl\/portal\/wp-content\/uploads\/2015\/12\/MOTOCICLETA.jpg?resize=300%2C198&amp;ssl=1 300w, https:\/\/i0.wp.com\/eltrabajo.cl\/portal\/wp-content\/uploads\/2015\/12\/MOTOCICLETA.jpg?resize=200%2C132&amp;ssl=1 200w, https:\/\/i0.wp.com\/eltrabajo.cl\/portal\/wp-content\/uploads\/2015\/12\/MOTOCICLETA.jpg?resize=227%2C150&amp;ssl=1 227w, https:\/\/i0.wp.com\/eltrabajo.cl\/portal\/wp-content\/uploads\/2015\/12\/MOTOCICLETA.jpg?resize=400%2C264&amp;ssl=1 400w, https:\/\/i0.wp.com\/eltrabajo.cl\/portal\/wp-content\/uploads\/2015\/12\/MOTOCICLETA.jpg?w=530&amp;ssl=1 530w\" sizes=\"auto, (max-width: 300px) 100vw, 300px\" \/><figcaption id=\"caption-attachment-65127\" class=\"wp-caption-text\">La motocicleta ser\u00e1 entregada a su propietario que hab\u00eda denunciado el robo el mes de mayo del 2014 desde la comuna de Los Andes.<\/figcaption><\/figure>\n<p>Tras vigilancias discretas, se concluy\u00f3 que en calle Ana Galindo esquina Pasaje Tres de la poblaci\u00f3n Manso de Velasco, una mujer identificada como Carol Silvana Mellado Escobar de 31 a\u00f1os de edad, conduc\u00eda una camioneta manteniendo sobre el pick up una motocicleta sin sus placas patentes.<br \/>\nFue as\u00ed que a eso de las 20:20 horas del pasado lunes, Carabineros intercept\u00f3 a la conductora para practicarle un control de identidad y verificar la procedencia de la motocicleta marca Yamaha modelo XT 225, comprob\u00e1ndose que el verdadero propietario del m\u00f3vil hab\u00eda denunciado su robo desde el mes de mayo del 2014 en la comuna de Los Andes.<br \/>\nTras estas circunstancias se procedi\u00f3 a la detenci\u00f3n de la imputada por el delito de receptaci\u00f3n de especies, siendo trasladada hasta la unidad policial, tomando contacto con el verdadero propietario denunciante para hacer entrega de la especie.<br \/>\nEn tanto la acusada que tiene antecedentes policiales, fue conducida hasta el Juzgado de Garant\u00eda de San Felipe para ser formalizada por la Fiscal\u00eda por el delito de receptaci\u00f3n. Este tribunal impuso las cautelares de firma mensual en Carabineros y arraigo nacional a la espera de juicio simplificado en un pr\u00f3xima fecha, pudiendo ser condenada a penas que parten desde los tres a\u00f1os y un d\u00eda de presidio.<br \/>\nAsimismo Carabineros de la SIP mantiene vigente las investigaciones sobre la compra y venta de este tipo de veh\u00edculos robados en el comercio informal tras el incremento de denuncias por este tipo de il\u00edcitos.<br \/>\n<strong>Pablo Salinas Sald\u00edas<\/strong><\/p>\n","protected":false},"excerpt":{"rendered":"<p>La imputada transportaba el m\u00f3vil amarrado sobre el pick up de una camioneta en calle Ana Galindo de la poblaci\u00f3n Manso de Velasco en San Felipe, frente a un taller mec\u00e1nico, donde&#8230;<\/p>\n","protected":false},"author":482,"featured_media":65126,"comment_status":"open","ping_status":"open","sticky":false,"template":"","format":"standard","meta":{"advanced_seo_description":"","jetpack_seo_html_title":"","jetpack_seo_noindex":false,"_jetpack_memberships_contains_paid_content":false,"footnotes":""},"categories":[21],"tags":[],"class_list":["post-65124","post","type-post","status-publish","format-standard","has-post-thumbnail","hentry","category-policial"],"jetpack_featured_media_url":"https:\/\/i0.wp.com\/eltrabajo.cl\/portal\/wp-content\/uploads\/2015\/12\/CAROL.jpg?fit=530%2C348&ssl=1","jetpack_sharing_enabled":true,"jetpack_likes_enabled":true,"jetpack-related-posts":[],"_links":{"self":[{"href":"https:\/\/eltrabajo.cl\/portal\/wp-json\/wp\/v2\/posts\/65124","targetHints":{"allow":["GET"]}}],"collection":[{"href":"https:\/\/eltrabajo.cl\/portal\/wp-json\/wp\/v2\/posts"}],"about":[{"href":"https:\/\/eltrabajo.cl\/portal\/wp-json\/wp\/v2\/types\/post"}],"author":[{"embeddable":true,"href":"https:\/\/eltrabajo.cl\/portal\/wp-json\/wp\/v2\/users\/482"}],"replies":[{"embeddable":true,"href":"https:\/\/eltrabajo.cl\/portal\/wp-json\/wp\/v2\/comments?post=65124"}],"version-history":[{"count":0,"href":"https:\/\/eltrabajo.cl\/portal\/wp-json\/wp\/v2\/posts\/65124\/revisions"}],"wp:featuredmedia":[{"embeddable":true,"href":"https:\/\/eltrabajo.cl\/portal\/wp-json\/wp\/v2\/media\/65126"}],"wp:attachment":[{"href":"https:\/\/eltrabajo.cl\/portal\/wp-json\/wp\/v2\/media?parent=65124"}],"wp:term":[{"taxonomy":"category","embeddable":true,"href":"https:\/\/eltrabajo.cl\/portal\/wp-json\/wp\/v2\/categories?post=65124"},{"taxonomy":"post_tag","embeddable":true,"href":"https:\/\/eltrabajo.cl\/portal\/wp-json\/wp\/v2\/tags?post=65124"}],"curies":[{"name":"wp","href":"https:\/\/api.w.org\/{rel}","templated":true}]}}