{"id":65129,"date":"2015-12-24T14:18:20","date_gmt":"2015-12-24T17:18:20","guid":{"rendered":"http:\/\/www.eltrabajo.cl\/portal\/?p=65129"},"modified":"2015-12-24T14:18:20","modified_gmt":"2015-12-24T17:18:20","slug":"el-prat-ya-sabe-el-recorrido-que-debera-hacer-en-el-domani","status":"publish","type":"post","link":"https:\/\/eltrabajo.cl\/portal\/el-prat-ya-sabe-el-recorrido-que-debera-hacer-en-el-domani\/","title":{"rendered":"El Prat ya sabe el recorrido que deber\u00e1 hacer en el Domani"},"content":{"rendered":"<figure id=\"attachment_65130\" aria-describedby=\"caption-attachment-65130\" style=\"width: 300px\" class=\"wp-caption alignleft\"><img data-recalc-dims=\"1\" loading=\"lazy\" decoding=\"async\" class=\"wp-image-65130 size-medium\" src=\"https:\/\/i0.wp.com\/www.eltrabajo.cl\/portal\/wp-content\/uploads\/2015\/12\/prat-en-domani-300x198.jpg?resize=300%2C198\" alt=\"El Prat tendr\u00e1 una duro camino en la etapa inicial del Domani\" width=\"300\" height=\"198\" srcset=\"https:\/\/i0.wp.com\/eltrabajo.cl\/portal\/wp-content\/uploads\/2015\/12\/prat-en-domani.jpg?resize=300%2C198&amp;ssl=1 300w, https:\/\/i0.wp.com\/eltrabajo.cl\/portal\/wp-content\/uploads\/2015\/12\/prat-en-domani.jpg?resize=200%2C132&amp;ssl=1 200w, https:\/\/i0.wp.com\/eltrabajo.cl\/portal\/wp-content\/uploads\/2015\/12\/prat-en-domani.jpg?resize=227%2C150&amp;ssl=1 227w, https:\/\/i0.wp.com\/eltrabajo.cl\/portal\/wp-content\/uploads\/2015\/12\/prat-en-domani.jpg?resize=400%2C264&amp;ssl=1 400w, https:\/\/i0.wp.com\/eltrabajo.cl\/portal\/wp-content\/uploads\/2015\/12\/prat-en-domani.jpg?w=530&amp;ssl=1 530w\" sizes=\"auto, (max-width: 300px) 100vw, 300px\" \/><figcaption id=\"caption-attachment-65130\" class=\"wp-caption-text\">El Prat tendr\u00e1 una duro camino en la etapa inicial del Domani<\/figcaption><\/figure>\n<p>La organizaci\u00f3n del Campioni del Domani entreg\u00f3 el fixture de la fase grupal del torneo cestero juvenil m\u00e1s importante del pa\u00eds, certamen en el cual y por tercera vez consecutiva participar\u00e1 el Prat de San Felipe.<br \/>\nEl destino quiso que los sanfelipe\u00f1os tuvieran una posici\u00f3n privilegiada ya que el s\u00e1bado 2 de enero del 2016 a las 10:30 horas frente a la Universidad de Chile ser\u00e1n protagonistas del partido que abrir\u00e1 los fuegos en el parket del Stadio Italiano.<br \/>\nLos dirigidos de Galo Lara no tendr\u00e1n espacio para el relajo debido a que 24 horas despu\u00e9s deber\u00e1n medirse con Sergio Ceppi, uno de los favoritos para la pr\u00f3xima edici\u00f3n del Domani.<br \/>\nEl lunes, los pratinos quedar\u00e1n libres, y desde el martes no tendr\u00e1n respiro porque chocar\u00e1n con Sokol de Antofagasta, para despu\u00e9s medirse el mi\u00e9rcoles con las \u00c1nimas de Valdivia, el jueves con Brisas, para cerrar el viernes 8 su incursi\u00f3n en la primera parte del torneo ante la Universidad Cat\u00f3lica.<\/p>\n","protected":false},"excerpt":{"rendered":"<p>La organizaci\u00f3n del Campioni del Domani entreg\u00f3 el fixture de la fase grupal del torneo cestero juvenil m\u00e1s importante del pa\u00eds, certamen en el cual y por tercera vez consecutiva participar\u00e1 el&#8230;<\/p>\n","protected":false},"author":482,"featured_media":65130,"comment_status":"open","ping_status":"open","sticky":false,"template":"","format":"standard","meta":{"advanced_seo_description":"","jetpack_seo_html_title":"","jetpack_seo_noindex":false,"_jetpack_memberships_contains_paid_content":false,"footnotes":""},"categories":[19],"tags":[],"class_list":["post-65129","post","type-post","status-publish","format-standard","has-post-thumbnail","hentry","category-deportes"],"jetpack_featured_media_url":"https:\/\/i0.wp.com\/eltrabajo.cl\/portal\/wp-content\/uploads\/2015\/12\/prat-en-domani.jpg?fit=530%2C350&ssl=1","jetpack_sharing_enabled":true,"jetpack_likes_enabled":true,"jetpack-related-posts":[],"_links":{"self":[{"href":"https:\/\/eltrabajo.cl\/portal\/wp-json\/wp\/v2\/posts\/65129","targetHints":{"allow":["GET"]}}],"collection":[{"href":"https:\/\/eltrabajo.cl\/portal\/wp-json\/wp\/v2\/posts"}],"about":[{"href":"https:\/\/eltrabajo.cl\/portal\/wp-json\/wp\/v2\/types\/post"}],"author":[{"embeddable":true,"href":"https:\/\/eltrabajo.cl\/portal\/wp-json\/wp\/v2\/users\/482"}],"replies":[{"embeddable":true,"href":"https:\/\/eltrabajo.cl\/portal\/wp-json\/wp\/v2\/comments?post=65129"}],"version-history":[{"count":0,"href":"https:\/\/eltrabajo.cl\/portal\/wp-json\/wp\/v2\/posts\/65129\/revisions"}],"wp:featuredmedia":[{"embeddable":true,"href":"https:\/\/eltrabajo.cl\/portal\/wp-json\/wp\/v2\/media\/65130"}],"wp:attachment":[{"href":"https:\/\/eltrabajo.cl\/portal\/wp-json\/wp\/v2\/media?parent=65129"}],"wp:term":[{"taxonomy":"category","embeddable":true,"href":"https:\/\/eltrabajo.cl\/portal\/wp-json\/wp\/v2\/categories?post=65129"},{"taxonomy":"post_tag","embeddable":true,"href":"https:\/\/eltrabajo.cl\/portal\/wp-json\/wp\/v2\/tags?post=65129"}],"curies":[{"name":"wp","href":"https:\/\/api.w.org\/{rel}","templated":true}]}}