{"id":65132,"date":"2015-12-24T14:20:28","date_gmt":"2015-12-24T17:20:28","guid":{"rendered":"http:\/\/www.eltrabajo.cl\/portal\/?p=65132"},"modified":"2015-12-24T14:20:28","modified_gmt":"2015-12-24T17:20:28","slug":"instalan-jaulas-de-metal-para-que-vecinos-reciclen-latas-y-botellas","status":"publish","type":"post","link":"https:\/\/eltrabajo.cl\/portal\/instalan-jaulas-de-metal-para-que-vecinos-reciclen-latas-y-botellas\/","title":{"rendered":"Instalan jaulas de metal para que vecinos reciclen latas y botellas"},"content":{"rendered":"<figure id=\"attachment_65133\" aria-describedby=\"caption-attachment-65133\" style=\"width: 300px\" class=\"wp-caption alignleft\"><img data-recalc-dims=\"1\" loading=\"lazy\" decoding=\"async\" class=\"wp-image-65133 size-medium\" src=\"https:\/\/i0.wp.com\/www.eltrabajo.cl\/portal\/wp-content\/uploads\/2015\/12\/Jaulas33-300x198.jpg?resize=300%2C198\" alt=\"A RECICLAR.- Estas vecinas de villa El Se\u00f1orial decidieron inaugurar estos enormes recipientes de reciclaje, para aprovechar la idea de do\u00f1a Ruth Herrera.\" width=\"300\" height=\"198\" srcset=\"https:\/\/i0.wp.com\/eltrabajo.cl\/portal\/wp-content\/uploads\/2015\/12\/Jaulas33.jpg?resize=300%2C198&amp;ssl=1 300w, https:\/\/i0.wp.com\/eltrabajo.cl\/portal\/wp-content\/uploads\/2015\/12\/Jaulas33.jpg?resize=200%2C132&amp;ssl=1 200w, https:\/\/i0.wp.com\/eltrabajo.cl\/portal\/wp-content\/uploads\/2015\/12\/Jaulas33.jpg?resize=227%2C150&amp;ssl=1 227w, https:\/\/i0.wp.com\/eltrabajo.cl\/portal\/wp-content\/uploads\/2015\/12\/Jaulas33.jpg?resize=400%2C264&amp;ssl=1 400w, https:\/\/i0.wp.com\/eltrabajo.cl\/portal\/wp-content\/uploads\/2015\/12\/Jaulas33.jpg?w=530&amp;ssl=1 530w\" sizes=\"auto, (max-width: 300px) 100vw, 300px\" \/><figcaption id=\"caption-attachment-65133\" class=\"wp-caption-text\">A RECICLAR.- Estas vecinas de villa El Se\u00f1orial decidieron inaugurar estos enormes recipientes de reciclaje, para aprovechar la idea de do\u00f1a Ruth Herrera.<\/figcaption><\/figure>\n<p>Una vecina de la poblaci\u00f3n Juan Pablo II, emprendedora y con muy buenas ideas para ser imitadas, se propuso con su esposo instalar grandes recipientes o jaulas gigantes para que en ellas colectar botellas pl\u00e1sticas y recipientes de aluminio y vidrio.<br \/>\nSe trata del proyecto \u2018Yo Recyclo Aconcagua\u2019, iniciativa que pretende convertirse en un \u00e9xito comunal para do\u00f1a Ruth Herrera, emprendedora sanfelipe\u00f1a.<br \/>\n\u00abLa idea se me ocurri\u00f3 luego de ver con desesperanza la gran cantidad de botellas y otros recipientes tirados en la periferia de nuestra comuna, de hecho esto pasa en todo el pa\u00eds, mi idea es colocar estas enormes jaulas en las comunas que as\u00ed lo soliciten, en una semana, si me llaman, estar\u00e9 instal\u00e1ndolos en la poblaci\u00f3n que sea\u00bb, dijo do\u00f1a Ruth a Diario El Trabajo.<\/p>\n<figure id=\"attachment_65134\" aria-describedby=\"caption-attachment-65134\" style=\"width: 200px\" class=\"wp-caption alignright\"><img data-recalc-dims=\"1\" loading=\"lazy\" decoding=\"async\" class=\"wp-image-65134 size-thumbnail\" src=\"https:\/\/i0.wp.com\/www.eltrabajo.cl\/portal\/wp-content\/uploads\/2015\/12\/Ruth-Herrera-200x132.jpg?resize=200%2C132\" alt=\"Ruth Herrera, emprendedora sanfelipe\u00f1a.\" width=\"200\" height=\"132\" srcset=\"https:\/\/i0.wp.com\/eltrabajo.cl\/portal\/wp-content\/uploads\/2015\/12\/Ruth-Herrera.jpg?resize=200%2C132&amp;ssl=1 200w, https:\/\/i0.wp.com\/eltrabajo.cl\/portal\/wp-content\/uploads\/2015\/12\/Ruth-Herrera.jpg?resize=300%2C198&amp;ssl=1 300w, https:\/\/i0.wp.com\/eltrabajo.cl\/portal\/wp-content\/uploads\/2015\/12\/Ruth-Herrera.jpg?resize=227%2C150&amp;ssl=1 227w, https:\/\/i0.wp.com\/eltrabajo.cl\/portal\/wp-content\/uploads\/2015\/12\/Ruth-Herrera.jpg?resize=400%2C264&amp;ssl=1 400w, https:\/\/i0.wp.com\/eltrabajo.cl\/portal\/wp-content\/uploads\/2015\/12\/Ruth-Herrera.jpg?w=530&amp;ssl=1 530w\" sizes=\"auto, (max-width: 200px) 100vw, 200px\" \/><figcaption id=\"caption-attachment-65134\" class=\"wp-caption-text\">Ruth Herrera, emprendedora sanfelipe\u00f1a.<\/figcaption><\/figure>\n<p>Seg\u00fan explic\u00f3 esta emprendedora mujer, ella pretende reutilizar estos desechos de manera positiva, bien sea para crear arte o jardineras.<br \/>\n\u00abEstoy abierta a m\u00e1s ideas de reciclaje, acepto cart\u00f3n, papel y hasta madera, mi idea es trabajar tambi\u00e9n con otras emprendedoras y juntas vecinales de todo el Valle de Aconcagua\u00bb, agreg\u00f3 Herrera.<br \/>\nDiario El Trabajo tom\u00f3 registro de la primera instalaci\u00f3n de jaulas, las que fueron colocadas en villa El Se\u00f1orial, en donde la junta vecinal acept\u00f3 con gusto involucrarse en esta iniciativa. Las personas o dirigentes de todo el valle, que se interesen en conocer m\u00e1s este proyecto, pueden contactar directamente a do\u00f1a Ruth al cel: 7189 8938.<br \/>\nRoberto Gonz\u00e1lez Short<br \/>\nrgonzalez@eltrabajo.cl<\/p>\n","protected":false},"excerpt":{"rendered":"<p>Una vecina de la poblaci\u00f3n Juan Pablo II, emprendedora y con muy buenas ideas para ser imitadas, se propuso con su esposo instalar grandes recipientes o jaulas gigantes para que en ellas&#8230;<\/p>\n","protected":false},"author":482,"featured_media":65133,"comment_status":"open","ping_status":"open","sticky":false,"template":"","format":"standard","meta":{"advanced_seo_description":"","jetpack_seo_html_title":"","jetpack_seo_noindex":false,"_jetpack_memberships_contains_paid_content":false,"footnotes":""},"categories":[15],"tags":[],"class_list":["post-65132","post","type-post","status-publish","format-standard","has-post-thumbnail","hentry","category-comunidad"],"jetpack_featured_media_url":"https:\/\/i0.wp.com\/eltrabajo.cl\/portal\/wp-content\/uploads\/2015\/12\/Jaulas33.jpg?fit=530%2C350&ssl=1","jetpack_sharing_enabled":true,"jetpack_likes_enabled":true,"jetpack-related-posts":[],"_links":{"self":[{"href":"https:\/\/eltrabajo.cl\/portal\/wp-json\/wp\/v2\/posts\/65132","targetHints":{"allow":["GET"]}}],"collection":[{"href":"https:\/\/eltrabajo.cl\/portal\/wp-json\/wp\/v2\/posts"}],"about":[{"href":"https:\/\/eltrabajo.cl\/portal\/wp-json\/wp\/v2\/types\/post"}],"author":[{"embeddable":true,"href":"https:\/\/eltrabajo.cl\/portal\/wp-json\/wp\/v2\/users\/482"}],"replies":[{"embeddable":true,"href":"https:\/\/eltrabajo.cl\/portal\/wp-json\/wp\/v2\/comments?post=65132"}],"version-history":[{"count":0,"href":"https:\/\/eltrabajo.cl\/portal\/wp-json\/wp\/v2\/posts\/65132\/revisions"}],"wp:featuredmedia":[{"embeddable":true,"href":"https:\/\/eltrabajo.cl\/portal\/wp-json\/wp\/v2\/media\/65133"}],"wp:attachment":[{"href":"https:\/\/eltrabajo.cl\/portal\/wp-json\/wp\/v2\/media?parent=65132"}],"wp:term":[{"taxonomy":"category","embeddable":true,"href":"https:\/\/eltrabajo.cl\/portal\/wp-json\/wp\/v2\/categories?post=65132"},{"taxonomy":"post_tag","embeddable":true,"href":"https:\/\/eltrabajo.cl\/portal\/wp-json\/wp\/v2\/tags?post=65132"}],"curies":[{"name":"wp","href":"https:\/\/api.w.org\/{rel}","templated":true}]}}