{"id":65137,"date":"2015-12-24T14:21:36","date_gmt":"2015-12-24T17:21:36","guid":{"rendered":"http:\/\/www.eltrabajo.cl\/portal\/?p=65137"},"modified":"2015-12-24T14:21:36","modified_gmt":"2015-12-24T17:21:36","slug":"coro-de-iglesia-metodista-pentecostal-por-cuarto-ano-realiza-concierto-para-la-comunidad","status":"publish","type":"post","link":"https:\/\/eltrabajo.cl\/portal\/coro-de-iglesia-metodista-pentecostal-por-cuarto-ano-realiza-concierto-para-la-comunidad\/","title":{"rendered":"Coro de Iglesia Metodista Pentecostal por cuarto a\u00f1o realiza concierto para la comunidad"},"content":{"rendered":"<figure id=\"attachment_65138\" aria-describedby=\"caption-attachment-65138\" style=\"width: 300px\" class=\"wp-caption alignleft\"><img data-recalc-dims=\"1\" loading=\"lazy\" decoding=\"async\" class=\"wp-image-65138 size-medium\" src=\"https:\/\/i0.wp.com\/www.eltrabajo.cl\/portal\/wp-content\/uploads\/2015\/12\/CORO-IGLESIA-EVANGELICA-300x198.jpg?resize=300%2C198\" alt=\"Por cuarto a\u00f1o, se present\u00f3 en el municipio llaylla\u00edno el Coro Polif\u00f3nico del Templo de la Iglesia Metodista Pentecostal de Manuel Montt.\" width=\"300\" height=\"198\" srcset=\"https:\/\/i0.wp.com\/eltrabajo.cl\/portal\/wp-content\/uploads\/2015\/12\/CORO-IGLESIA-EVANGELICA.jpg?resize=300%2C198&amp;ssl=1 300w, https:\/\/i0.wp.com\/eltrabajo.cl\/portal\/wp-content\/uploads\/2015\/12\/CORO-IGLESIA-EVANGELICA.jpg?resize=200%2C132&amp;ssl=1 200w, https:\/\/i0.wp.com\/eltrabajo.cl\/portal\/wp-content\/uploads\/2015\/12\/CORO-IGLESIA-EVANGELICA.jpg?resize=228%2C150&amp;ssl=1 228w, https:\/\/i0.wp.com\/eltrabajo.cl\/portal\/wp-content\/uploads\/2015\/12\/CORO-IGLESIA-EVANGELICA.jpg?resize=400%2C263&amp;ssl=1 400w, https:\/\/i0.wp.com\/eltrabajo.cl\/portal\/wp-content\/uploads\/2015\/12\/CORO-IGLESIA-EVANGELICA.jpg?w=530&amp;ssl=1 530w\" sizes=\"auto, (max-width: 300px) 100vw, 300px\" \/><figcaption id=\"caption-attachment-65138\" class=\"wp-caption-text\">Por cuarto a\u00f1o, se present\u00f3 en el municipio llaylla\u00edno el Coro Polif\u00f3nico del Templo de la Iglesia Metodista Pentecostal de Manuel Montt.<\/figcaption><\/figure>\n<p><strong>LLAY LLAY<\/strong>.- M\u00fasica que inunda el alma con mensajes cargados de amor, paz y armon\u00eda, entreg\u00f3 el Coro Polif\u00f3nico del Templo de la Iglesia Metodista Pentecostal de Manuel Montt. Hace cuatro a\u00f1os que bridan este concierto por Navidad en el Municipio llaylla\u00edno.<br \/>\nEn la actividad estuvo el alcalde Mario Marillanca acompa\u00f1ado por la concejal Margarita Puebla y un p\u00fablico compuesto por vecinos y vecinas.<br \/>\nLos asistentes calificaron de muy hermoso el concierto entregado y de una gran calidad y variedad de repertorio de temas navide\u00f1os.<br \/>\nLa Iglesia Pentecostal, agradeci\u00f3 al alcalde Mario Marillanca por la invitaci\u00f3n a ser parte de la agenda de actividades por Navidad. Y adelantaron un proyecto que materializaran para 2016, a la que denominaron Navidad Solidaria, ya que recorrer\u00e1n los sectores de la comuna llevando mensajes navide\u00f1os, dulces y regalos a los m\u00e1s necesitados.<br \/>\n<strong>Marianela Quevedo<\/strong><\/p>\n","protected":false},"excerpt":{"rendered":"<p>LLAY LLAY.- M\u00fasica que inunda el alma con mensajes cargados de amor, paz y armon\u00eda, entreg\u00f3 el Coro Polif\u00f3nico del Templo de la Iglesia Metodista Pentecostal de Manuel Montt. Hace cuatro a\u00f1os&#8230;<\/p>\n","protected":false},"author":482,"featured_media":65138,"comment_status":"open","ping_status":"open","sticky":false,"template":"","format":"standard","meta":{"advanced_seo_description":"","jetpack_seo_html_title":"","jetpack_seo_noindex":false,"_jetpack_memberships_contains_paid_content":false,"footnotes":""},"categories":[15],"tags":[],"class_list":["post-65137","post","type-post","status-publish","format-standard","has-post-thumbnail","hentry","category-comunidad"],"jetpack_featured_media_url":"https:\/\/i0.wp.com\/eltrabajo.cl\/portal\/wp-content\/uploads\/2015\/12\/CORO-IGLESIA-EVANGELICA.jpg?fit=530%2C349&ssl=1","jetpack_sharing_enabled":true,"jetpack_likes_enabled":true,"jetpack-related-posts":[],"_links":{"self":[{"href":"https:\/\/eltrabajo.cl\/portal\/wp-json\/wp\/v2\/posts\/65137","targetHints":{"allow":["GET"]}}],"collection":[{"href":"https:\/\/eltrabajo.cl\/portal\/wp-json\/wp\/v2\/posts"}],"about":[{"href":"https:\/\/eltrabajo.cl\/portal\/wp-json\/wp\/v2\/types\/post"}],"author":[{"embeddable":true,"href":"https:\/\/eltrabajo.cl\/portal\/wp-json\/wp\/v2\/users\/482"}],"replies":[{"embeddable":true,"href":"https:\/\/eltrabajo.cl\/portal\/wp-json\/wp\/v2\/comments?post=65137"}],"version-history":[{"count":0,"href":"https:\/\/eltrabajo.cl\/portal\/wp-json\/wp\/v2\/posts\/65137\/revisions"}],"wp:featuredmedia":[{"embeddable":true,"href":"https:\/\/eltrabajo.cl\/portal\/wp-json\/wp\/v2\/media\/65138"}],"wp:attachment":[{"href":"https:\/\/eltrabajo.cl\/portal\/wp-json\/wp\/v2\/media?parent=65137"}],"wp:term":[{"taxonomy":"category","embeddable":true,"href":"https:\/\/eltrabajo.cl\/portal\/wp-json\/wp\/v2\/categories?post=65137"},{"taxonomy":"post_tag","embeddable":true,"href":"https:\/\/eltrabajo.cl\/portal\/wp-json\/wp\/v2\/tags?post=65137"}],"curies":[{"name":"wp","href":"https:\/\/api.w.org\/{rel}","templated":true}]}}