{"id":65153,"date":"2015-12-24T14:31:23","date_gmt":"2015-12-24T17:31:23","guid":{"rendered":"http:\/\/www.eltrabajo.cl\/portal\/?p=65153"},"modified":"2015-12-24T14:31:23","modified_gmt":"2015-12-24T17:31:23","slug":"meningitis-viral-comienza-a-alejarse-de-su-periodo-mas-critico-en-el-valle-de-aconcagua","status":"publish","type":"post","link":"https:\/\/eltrabajo.cl\/portal\/meningitis-viral-comienza-a-alejarse-de-su-periodo-mas-critico-en-el-valle-de-aconcagua\/","title":{"rendered":"Meningitis viral comienza a alejarse de su per\u00edodo m\u00e1s cr\u00edtico en el Valle de Aconcagua"},"content":{"rendered":"<figure id=\"attachment_65154\" aria-describedby=\"caption-attachment-65154\" style=\"width: 300px\" class=\"wp-caption alignleft\"><img data-recalc-dims=\"1\" loading=\"lazy\" decoding=\"async\" class=\"wp-image-65154 size-medium\" src=\"https:\/\/i0.wp.com\/www.eltrabajo.cl\/portal\/wp-content\/uploads\/2015\/12\/FOTO-1Mario-Mendez-Jefe-Oficina-Provincial-SEREMI-de-Salud-San-Felipe-300x197.jpg?resize=300%2C197\" alt=\"Mario M\u00e9ndez, Jefe Provincial Oficina Seremi de Salud Aconcagua.\" width=\"300\" height=\"197\" srcset=\"https:\/\/i0.wp.com\/eltrabajo.cl\/portal\/wp-content\/uploads\/2015\/12\/FOTO-1Mario-Mendez-Jefe-Oficina-Provincial-SEREMI-de-Salud-San-Felipe.jpg?resize=300%2C197&amp;ssl=1 300w, https:\/\/i0.wp.com\/eltrabajo.cl\/portal\/wp-content\/uploads\/2015\/12\/FOTO-1Mario-Mendez-Jefe-Oficina-Provincial-SEREMI-de-Salud-San-Felipe.jpg?resize=200%2C131&amp;ssl=1 200w, https:\/\/i0.wp.com\/eltrabajo.cl\/portal\/wp-content\/uploads\/2015\/12\/FOTO-1Mario-Mendez-Jefe-Oficina-Provincial-SEREMI-de-Salud-San-Felipe.jpg?resize=228%2C150&amp;ssl=1 228w, https:\/\/i0.wp.com\/eltrabajo.cl\/portal\/wp-content\/uploads\/2015\/12\/FOTO-1Mario-Mendez-Jefe-Oficina-Provincial-SEREMI-de-Salud-San-Felipe.jpg?resize=400%2C263&amp;ssl=1 400w, https:\/\/i0.wp.com\/eltrabajo.cl\/portal\/wp-content\/uploads\/2015\/12\/FOTO-1Mario-Mendez-Jefe-Oficina-Provincial-SEREMI-de-Salud-San-Felipe.jpg?w=530&amp;ssl=1 530w\" sizes=\"auto, (max-width: 300px) 100vw, 300px\" \/><figcaption id=\"caption-attachment-65154\" class=\"wp-caption-text\">Mario M\u00e9ndez, Jefe Provincial Oficina Seremi de Salud Aconcagua.<\/figcaption><\/figure>\n<ul>\n<li><strong>El \u00faltimo reporte de la autoridad sanitaria revela que Llay Llay, con cinco casos fue la comuna mayormente afectada por el brote, que tuvo su peak de contagio a nivel regional entre el 4 y 7 de noviembre.<\/strong><\/li>\n<\/ul>\n<p>Con casi 340 casos de Meningitis Viral a nivel regional detectados a la fecha, el Dr. Mario M\u00e9ndez, Jefe Provincial Oficina Seremi de Salud Aconcagua, se\u00f1al\u00f3 que afortunadamente las campa\u00f1as que apuntaban a detener el brote de esta patolog\u00eda en el Valle, han resultado efectivas, ya que, poco a poco la enfermedad pareciera ir en retirada.<br \/>\nSi bien un alto porcentaje de los casos se presentaron en las comunas de Valpara\u00edso, Vi\u00f1a del Mar y Villa Alemana, hay que recordar que en Llay Llay se vivieron un par de situaciones que llamaron a intensificar los cuidados, espec\u00edficamente en los establecimientos educacionales de las distintas comunas del Valle<br \/>\nPara M\u00e9ndez el per\u00edodo de contagio m\u00e1s complejo ya ha pasado debido a que \u201cla mayor\u00eda de casos se present\u00f3 durante octubre y noviembre, ya en diciembre vamos francamente a la baja\u201d, se\u00f1al\u00f3.<br \/>\nRespecto del papel fundamental que jug\u00f3 la campa\u00f1a que encabezaron en torno a agudizar las fiscalizaciones en los distintos colegios de la Provincia, el profesional de la salud record\u00f3 que \u201ca trav\u00e9s del trabajo intersectorial con los distintos estamentos de la educaci\u00f3n, para poder recomendar medidas sanitarias tanto en alimentaci\u00f3n, servicios higi\u00e9nicos como agua potable y su uso adecuado en los establecimientos, hemos logrado que este brote vaya en franca baja y se estabilicen las cifras que en un momento fueron muy preocupantes\u201d, enfatiz\u00f3<br \/>\nLas estrategias de difusi\u00f3n para combatir el brote de meningitis viral apuntaron principalmente a los distintos colegios de las provincias de San Felipe y Los Andes, en donde la autoridad sanitaria intensific\u00f3 las fiscalizaciones y amenaz\u00f3 con multas y sumarios sanitarios a los administradores de establecimientos municipales, subvencionados y particulares, hecho que para M\u00e9ndez rindi\u00f3 frutos ya que \u201cen las \u00faltimas inspecciones hemos encontrado que se ha mejorado la condici\u00f3n de los ba\u00f1os y tambi\u00e9n de los servicios de alimentaci\u00f3n y afortunadamente pese a ser una patolog\u00eda muy severa no hemos tenido que lamentar casos fatales\u201d, detall\u00f3<br \/>\nDe casi un centenar de establecimientos fiscalizados en ambas provincias, finalmente fueron s\u00f3lo 9 los sumarios sanitarios decretados a distintas unidades educacionales de Aconcagua y al 11 de diciembre, en el \u00faltimo reporte de la autoridad sanitaria la comuna de Llay Llay era la que pose\u00eda la mayor cantidad de contagios con cinco casos confirmados, seguida de Los Andes con cuatro, San Felipe con tres, Calle Larga y Catemu con dos casos, Rinconada y San Esteban s\u00f3lo con un contagiado de Meningitis Viral respectivamente.<\/p>\n<div class=\"tiled-gallery type-rectangular tiled-gallery-unresized\" data-original-width=\"640\" data-carousel-extra='null' itemscope itemtype=\"http:\/\/schema.org\/ImageGallery\" > <div class=\"gallery-row\" style=\"width: 640px; height: 212px;\" data-original-width=\"640\" data-original-height=\"212\" > <div class=\"gallery-group images-1\" style=\"width: 318px; height: 212px;\" data-original-width=\"318\" data-original-height=\"212\" > <div class=\"tiled-gallery-item tiled-gallery-item-large\" itemprop=\"associatedMedia\" itemscope itemtype=\"http:\/\/schema.org\/ImageObject\"> <a href=\"https:\/\/eltrabajo.cl\/portal\/meningitis-viral-comienza-a-alejarse-de-su-periodo-mas-critico-en-el-valle-de-aconcagua\/foto-4-grafica-que-muestra-el-grupo-etareo-mas-afectado-por-brote-de-meningitis-viral\/\" border=\"0\" itemprop=\"url\"> <meta itemprop=\"width\" content=\"314\"> <meta itemprop=\"height\" content=\"208\"> <img decoding=\"async\" class=\"\" data-attachment-id=\"65156\" data-orig-file=\"https:\/\/eltrabajo.cl\/portal\/wp-content\/uploads\/2015\/12\/FOTO-4-GRAFICA-QUE-MUESTRA-EL-GRUPO-ETAREO-MAS-AFECTADO-POR-BROTE-DE-MENINGITIS-VIRAL.jpg\" data-orig-size=\"528,350\" data-comments-opened=\"1\" data-image-meta=\"{&quot;aperture&quot;:&quot;0&quot;,&quot;credit&quot;:&quot;&quot;,&quot;camera&quot;:&quot;&quot;,&quot;caption&quot;:&quot;&quot;,&quot;created_timestamp&quot;:&quot;0&quot;,&quot;copyright&quot;:&quot;Copyright 2012&quot;,&quot;focal_length&quot;:&quot;0&quot;,&quot;iso&quot;:&quot;0&quot;,&quot;shutter_speed&quot;:&quot;0&quot;,&quot;title&quot;:&quot;&quot;,&quot;orientation&quot;:&quot;0&quot;}\" data-image-title=\"FOTO 4 GRAFICA QUE MUESTRA EL GRUPO ETAREO MAS AFECTADO POR BROTE DE MENINGITIS VIRAL\" data-image-description=\"&lt;p&gt;Gr\u00e1fica que muestra el grupo et\u00e1reo m\u00e1s afectado por brote de meningitis viral.&lt;\/p&gt; \" data-medium-file=\"https:\/\/i0.wp.com\/eltrabajo.cl\/portal\/wp-content\/uploads\/2015\/12\/FOTO-4-GRAFICA-QUE-MUESTRA-EL-GRUPO-ETAREO-MAS-AFECTADO-POR-BROTE-DE-MENINGITIS-VIRAL.jpg?fit=300%2C199&#038;ssl=1\" data-large-file=\"https:\/\/i0.wp.com\/eltrabajo.cl\/portal\/wp-content\/uploads\/2015\/12\/FOTO-4-GRAFICA-QUE-MUESTRA-EL-GRUPO-ETAREO-MAS-AFECTADO-POR-BROTE-DE-MENINGITIS-VIRAL.jpg?fit=528%2C350&#038;ssl=1\" src=\"https:\/\/i0.wp.com\/eltrabajo.cl\/portal\/wp-content\/uploads\/2015\/12\/FOTO-4-GRAFICA-QUE-MUESTRA-EL-GRUPO-ETAREO-MAS-AFECTADO-POR-BROTE-DE-MENINGITIS-VIRAL.jpg?w=314&#038;h=208&#038;ssl=1\" srcset=\"https:\/\/i0.wp.com\/eltrabajo.cl\/portal\/wp-content\/uploads\/2015\/12\/FOTO-4-GRAFICA-QUE-MUESTRA-EL-GRUPO-ETAREO-MAS-AFECTADO-POR-BROTE-DE-MENINGITIS-VIRAL.jpg?w=528&amp;ssl=1 528w, https:\/\/i0.wp.com\/eltrabajo.cl\/portal\/wp-content\/uploads\/2015\/12\/FOTO-4-GRAFICA-QUE-MUESTRA-EL-GRUPO-ETAREO-MAS-AFECTADO-POR-BROTE-DE-MENINGITIS-VIRAL.jpg?resize=200%2C133&amp;ssl=1 200w, https:\/\/i0.wp.com\/eltrabajo.cl\/portal\/wp-content\/uploads\/2015\/12\/FOTO-4-GRAFICA-QUE-MUESTRA-EL-GRUPO-ETAREO-MAS-AFECTADO-POR-BROTE-DE-MENINGITIS-VIRAL.jpg?resize=300%2C199&amp;ssl=1 300w, https:\/\/i0.wp.com\/eltrabajo.cl\/portal\/wp-content\/uploads\/2015\/12\/FOTO-4-GRAFICA-QUE-MUESTRA-EL-GRUPO-ETAREO-MAS-AFECTADO-POR-BROTE-DE-MENINGITIS-VIRAL.jpg?resize=226%2C150&amp;ssl=1 226w, https:\/\/i0.wp.com\/eltrabajo.cl\/portal\/wp-content\/uploads\/2015\/12\/FOTO-4-GRAFICA-QUE-MUESTRA-EL-GRUPO-ETAREO-MAS-AFECTADO-POR-BROTE-DE-MENINGITIS-VIRAL.jpg?resize=400%2C265&amp;ssl=1 400w\" width=\"314\" height=\"208\" loading=\"lazy\" data-original-width=\"314\" data-original-height=\"208\" itemprop=\"http:\/\/schema.org\/image\" title=\"FOTO 4 GRAFICA QUE MUESTRA EL GRUPO ETAREO MAS AFECTADO POR BROTE DE MENINGITIS VIRAL\" alt=\"Gr\u00e1fica que muestra el grupo et\u00e1reo m\u00e1s afectado por brote de meningitis viral.\" style=\"width: 314px; height: 208px;\" \/> <\/a> <div class=\"tiled-gallery-caption\" itemprop=\"caption description\"> Gr\u00e1fica que muestra el grupo et\u00e1reo m\u00e1s afectado por brote de meningitis viral. <\/div> <\/div> <\/div> <!-- close group --> <div class=\"gallery-group images-1\" style=\"width: 322px; height: 212px;\" data-original-width=\"322\" data-original-height=\"212\" > <div class=\"tiled-gallery-item tiled-gallery-item-large\" itemprop=\"associatedMedia\" itemscope itemtype=\"http:\/\/schema.org\/ImageObject\"> <a href=\"https:\/\/eltrabajo.cl\/portal\/meningitis-viral-comienza-a-alejarse-de-su-periodo-mas-critico-en-el-valle-de-aconcagua\/foto-3-momento-peak-del-brote-de-meningitis-viral-durante-el-2015\/\" border=\"0\" itemprop=\"url\"> <meta itemprop=\"width\" content=\"318\"> <meta itemprop=\"height\" content=\"208\"> <img decoding=\"async\" class=\"\" data-attachment-id=\"65155\" data-orig-file=\"https:\/\/eltrabajo.cl\/portal\/wp-content\/uploads\/2015\/12\/FOTO-3-MOMENTO-PEAK-DEL-BROTE-DE-MENINGITIS-VIRAL-DURANTE-EL-2015.jpg\" data-orig-size=\"530,348\" data-comments-opened=\"1\" data-image-meta=\"{&quot;aperture&quot;:&quot;0&quot;,&quot;credit&quot;:&quot;&quot;,&quot;camera&quot;:&quot;&quot;,&quot;caption&quot;:&quot;&quot;,&quot;created_timestamp&quot;:&quot;0&quot;,&quot;copyright&quot;:&quot;Copyright 2012&quot;,&quot;focal_length&quot;:&quot;0&quot;,&quot;iso&quot;:&quot;0&quot;,&quot;shutter_speed&quot;:&quot;0&quot;,&quot;title&quot;:&quot;&quot;,&quot;orientation&quot;:&quot;0&quot;}\" data-image-title=\"FOTO 3 MOMENTO PEAK DEL BROTE DE MENINGITIS VIRAL DURANTE EL 2015\" data-image-description=\"&lt;p&gt;Momento peak del brote de meningitis viral durante el 2015.Momento peak del brote de meningitis viral durante el 2015.&lt;\/p&gt; \" data-medium-file=\"https:\/\/i0.wp.com\/eltrabajo.cl\/portal\/wp-content\/uploads\/2015\/12\/FOTO-3-MOMENTO-PEAK-DEL-BROTE-DE-MENINGITIS-VIRAL-DURANTE-EL-2015.jpg?fit=300%2C197&#038;ssl=1\" data-large-file=\"https:\/\/i0.wp.com\/eltrabajo.cl\/portal\/wp-content\/uploads\/2015\/12\/FOTO-3-MOMENTO-PEAK-DEL-BROTE-DE-MENINGITIS-VIRAL-DURANTE-EL-2015.jpg?fit=530%2C348&#038;ssl=1\" src=\"https:\/\/i0.wp.com\/eltrabajo.cl\/portal\/wp-content\/uploads\/2015\/12\/FOTO-3-MOMENTO-PEAK-DEL-BROTE-DE-MENINGITIS-VIRAL-DURANTE-EL-2015.jpg?w=318&#038;h=208&#038;ssl=1\" srcset=\"https:\/\/i0.wp.com\/eltrabajo.cl\/portal\/wp-content\/uploads\/2015\/12\/FOTO-3-MOMENTO-PEAK-DEL-BROTE-DE-MENINGITIS-VIRAL-DURANTE-EL-2015.jpg?w=530&amp;ssl=1 530w, https:\/\/i0.wp.com\/eltrabajo.cl\/portal\/wp-content\/uploads\/2015\/12\/FOTO-3-MOMENTO-PEAK-DEL-BROTE-DE-MENINGITIS-VIRAL-DURANTE-EL-2015.jpg?resize=200%2C131&amp;ssl=1 200w, https:\/\/i0.wp.com\/eltrabajo.cl\/portal\/wp-content\/uploads\/2015\/12\/FOTO-3-MOMENTO-PEAK-DEL-BROTE-DE-MENINGITIS-VIRAL-DURANTE-EL-2015.jpg?resize=300%2C197&amp;ssl=1 300w, https:\/\/i0.wp.com\/eltrabajo.cl\/portal\/wp-content\/uploads\/2015\/12\/FOTO-3-MOMENTO-PEAK-DEL-BROTE-DE-MENINGITIS-VIRAL-DURANTE-EL-2015.jpg?resize=228%2C150&amp;ssl=1 228w, https:\/\/i0.wp.com\/eltrabajo.cl\/portal\/wp-content\/uploads\/2015\/12\/FOTO-3-MOMENTO-PEAK-DEL-BROTE-DE-MENINGITIS-VIRAL-DURANTE-EL-2015.jpg?resize=400%2C263&amp;ssl=1 400w\" width=\"318\" height=\"208\" loading=\"lazy\" data-original-width=\"318\" data-original-height=\"208\" itemprop=\"http:\/\/schema.org\/image\" title=\"FOTO 3 MOMENTO PEAK DEL BROTE DE MENINGITIS VIRAL DURANTE EL 2015\" alt=\"Momento peak del brote de meningitis viral durante el 2015.Momento peak del brote de meningitis viral durante el 2015.\" style=\"width: 318px; height: 208px;\" \/> <\/a> <div class=\"tiled-gallery-caption\" itemprop=\"caption description\"> Momento peak del brote de meningitis viral durante el 2015.Momento peak del brote de meningitis viral durante el 2015. <\/div> <\/div> <\/div> <!-- close group --> <\/div> <!-- close row --> <\/div>\n","protected":false},"excerpt":{"rendered":"<p>El \u00faltimo reporte de la autoridad sanitaria revela que Llay Llay, con cinco casos fue la comuna mayormente afectada por el brote, que tuvo su peak de contagio a nivel regional entre&#8230;<\/p>\n","protected":false},"author":482,"featured_media":65154,"comment_status":"open","ping_status":"open","sticky":false,"template":"","format":"standard","meta":{"advanced_seo_description":"","jetpack_seo_html_title":"","jetpack_seo_noindex":false,"_jetpack_memberships_contains_paid_content":false,"footnotes":""},"categories":[1],"tags":[],"class_list":["post-65153","post","type-post","status-publish","format-standard","has-post-thumbnail","hentry","category-cronica"],"jetpack_featured_media_url":"https:\/\/i0.wp.com\/eltrabajo.cl\/portal\/wp-content\/uploads\/2015\/12\/FOTO-1Mario-Mendez-Jefe-Oficina-Provincial-SEREMI-de-Salud-San-Felipe.jpg?fit=530%2C348&ssl=1","jetpack_sharing_enabled":true,"jetpack_likes_enabled":true,"jetpack-related-posts":[],"_links":{"self":[{"href":"https:\/\/eltrabajo.cl\/portal\/wp-json\/wp\/v2\/posts\/65153","targetHints":{"allow":["GET"]}}],"collection":[{"href":"https:\/\/eltrabajo.cl\/portal\/wp-json\/wp\/v2\/posts"}],"about":[{"href":"https:\/\/eltrabajo.cl\/portal\/wp-json\/wp\/v2\/types\/post"}],"author":[{"embeddable":true,"href":"https:\/\/eltrabajo.cl\/portal\/wp-json\/wp\/v2\/users\/482"}],"replies":[{"embeddable":true,"href":"https:\/\/eltrabajo.cl\/portal\/wp-json\/wp\/v2\/comments?post=65153"}],"version-history":[{"count":0,"href":"https:\/\/eltrabajo.cl\/portal\/wp-json\/wp\/v2\/posts\/65153\/revisions"}],"wp:featuredmedia":[{"embeddable":true,"href":"https:\/\/eltrabajo.cl\/portal\/wp-json\/wp\/v2\/media\/65154"}],"wp:attachment":[{"href":"https:\/\/eltrabajo.cl\/portal\/wp-json\/wp\/v2\/media?parent=65153"}],"wp:term":[{"taxonomy":"category","embeddable":true,"href":"https:\/\/eltrabajo.cl\/portal\/wp-json\/wp\/v2\/categories?post=65153"},{"taxonomy":"post_tag","embeddable":true,"href":"https:\/\/eltrabajo.cl\/portal\/wp-json\/wp\/v2\/tags?post=65153"}],"curies":[{"name":"wp","href":"https:\/\/api.w.org\/{rel}","templated":true}]}}