{"id":65160,"date":"2015-12-24T14:36:38","date_gmt":"2015-12-24T17:36:38","guid":{"rendered":"http:\/\/www.eltrabajo.cl\/portal\/?p=65160"},"modified":"2015-12-24T14:36:38","modified_gmt":"2015-12-24T17:36:38","slug":"gendarmes-de-san-felipe-inician-movilizacion-que-podria-terminar-en-un-paro-total-de-funciones","status":"publish","type":"post","link":"https:\/\/eltrabajo.cl\/portal\/gendarmes-de-san-felipe-inician-movilizacion-que-podria-terminar-en-un-paro-total-de-funciones\/","title":{"rendered":"Gendarmes de San Felipe inician movilizaci\u00f3n que podr\u00eda terminar en un paro total de funciones"},"content":{"rendered":"<figure id=\"attachment_65161\" aria-describedby=\"caption-attachment-65161\" style=\"width: 300px\" class=\"wp-caption alignleft\"><img data-recalc-dims=\"1\" loading=\"lazy\" decoding=\"async\" class=\"wp-image-65161 size-medium\" src=\"https:\/\/i0.wp.com\/www.eltrabajo.cl\/portal\/wp-content\/uploads\/2015\/12\/FOTO-2-FUNCIONARIOS-ESPERAN-RESPUESTA-DE-GENDARMERIA-ANTES-DE-RADICALIZAR-LA-MOVILIZACION-300x198.jpg?resize=300%2C198\" alt=\"Funcionarios esperan respuesta de gendarmer\u00eda antes de radicalizar la movilizaci\u00f3n.\" width=\"300\" height=\"198\" srcset=\"https:\/\/i0.wp.com\/eltrabajo.cl\/portal\/wp-content\/uploads\/2015\/12\/FOTO-2-FUNCIONARIOS-ESPERAN-RESPUESTA-DE-GENDARMERIA-ANTES-DE-RADICALIZAR-LA-MOVILIZACION.jpg?resize=300%2C198&amp;ssl=1 300w, https:\/\/i0.wp.com\/eltrabajo.cl\/portal\/wp-content\/uploads\/2015\/12\/FOTO-2-FUNCIONARIOS-ESPERAN-RESPUESTA-DE-GENDARMERIA-ANTES-DE-RADICALIZAR-LA-MOVILIZACION.jpg?resize=200%2C132&amp;ssl=1 200w, https:\/\/i0.wp.com\/eltrabajo.cl\/portal\/wp-content\/uploads\/2015\/12\/FOTO-2-FUNCIONARIOS-ESPERAN-RESPUESTA-DE-GENDARMERIA-ANTES-DE-RADICALIZAR-LA-MOVILIZACION.jpg?resize=227%2C150&amp;ssl=1 227w, https:\/\/i0.wp.com\/eltrabajo.cl\/portal\/wp-content\/uploads\/2015\/12\/FOTO-2-FUNCIONARIOS-ESPERAN-RESPUESTA-DE-GENDARMERIA-ANTES-DE-RADICALIZAR-LA-MOVILIZACION.jpg?resize=400%2C264&amp;ssl=1 400w, https:\/\/i0.wp.com\/eltrabajo.cl\/portal\/wp-content\/uploads\/2015\/12\/FOTO-2-FUNCIONARIOS-ESPERAN-RESPUESTA-DE-GENDARMERIA-ANTES-DE-RADICALIZAR-LA-MOVILIZACION.jpg?w=530&amp;ssl=1 530w\" sizes=\"auto, (max-width: 300px) 100vw, 300px\" \/><figcaption id=\"caption-attachment-65161\" class=\"wp-caption-text\">Funcionarios esperan respuesta de gendarmer\u00eda antes de radicalizar la movilizaci\u00f3n.<\/figcaption><\/figure>\n<ul>\n<li><strong>La c\u00e1rcel de San Felipe alberga a 340 reclusos, quienes hoy en d\u00eda est\u00e1n siendo custodiados por no m\u00e1s de 50 uniformados.<\/strong><\/li>\n<\/ul>\n<p>De forma casi ir\u00f3nica, actualmente el personal de Gendarmer\u00eda del Centro de Cumplimiento Penitenciario, CCP San Felipe, se siente preso y condenado a una pena que no tiene salida alternativa m\u00e1s que el inicio de una movilizaci\u00f3n pac\u00edfica que amenaza con radicalizarse.<br \/>\nAs\u00ed al menos lo plante\u00f3 el Sargento Segundo Luis Medina Le\u00f3n, Presidente Provincial de Ansog (Asociaci\u00f3n Nacional de Sub Oficiales Planta 2 Gendarmer\u00eda de Chile), quien asegur\u00f3 que tras conversar con el gobernador provincial Eduardo Le\u00f3n, el Consejero Regional Rolando Stevenson y la Seremi de Justicia de Valpara\u00edso Paz Anastasiadis, el \u00fanico camino por recorrer es una manifestaci\u00f3n que busca respuestas concretas a las demandas realizadas por este Centro Carcelario.<br \/>\nLos grilletes que hoy encadenan a los gendarmes sanfelipe\u00f1os, dicen relaci\u00f3n con que durante el presente a\u00f1o10 funcionarios, por diversos motivos, salieron de la unidad y s\u00f3lo 3 de esos puestos fueron cubiertos en las \u00faltimas semanas. Esto, pese a que el pasado 18 de diciembre hubo un egreso de efectivos desde la Escuela de Formaci\u00f3n Penitenciaria, siendo el CCP San Felipe el \u00fanico Centro de la regi\u00f3n de Valpara\u00edso que no recibi\u00f3 nuevo contingente.<br \/>\nSeg\u00fan Medina Le\u00f3n la respuesta de la autoridad con el env\u00edo de 3 funcionarios no solventa la necesidad real del recinto, asegurando que \u201cnosotros no estamos pidiendo m\u00e1s dotaci\u00f3n, s\u00f3lo queremos que se suplan los puestos de los funcionarios que se han ido\u201d, puntualiz\u00f3.<br \/>\nEn relaci\u00f3n a los aspectos que se han visto trastocados dentro del plantel de control carcelario, el dirigente estipul\u00f3 que \u201cla duplicidad de funciones de los mismos funcionarios y la sobrecarga laboral por los puestos que tenemos que cubrir, ha significado que se trabaje m\u00e1s de lo normal y esto inevitablemente va a decantar en que algunos terminen utilizando licencias m\u00e9dicas por estr\u00e9s laboral\u201d, sostuvo.<br \/>\nRespecto hasta qu\u00e9 punto se podr\u00eda agudizar la situaci\u00f3n, Medina asegur\u00f3 que \u201cEn estos momentos las negociaciones no est\u00e1n cerradas, esperamos que las autoridades no hagan o\u00eddos sordos y si no, esto se puede radicalizar de forma paulatina hasta el cese de funciones, no descartamos el paro si nuestras demandas no son escuchadas\u201d, enfatiz\u00f3<br \/>\nPor \u00faltimo Medina explic\u00f3 que actualmente el personal de Gendarmer\u00eda en San Felipe cuenta con unos 74 funcionarios, de los cuales hay que descontar los profesionales del \u00e1rea administrativa y de la Unidad Forense del Hospital Philippe Pinel, la cual, depende del CCP San Felipe. \u201cSiempre se ha visto que la dotaci\u00f3n total de la unidad est\u00e1 siendo englobada con la de Putaendo, pero esos funcionarios no cumplen labores ac\u00e1, por lo tanto de 74 empezamos a descontar y llegamos a casi 50 efectivos uniformados a cargo de los reclusos\u201d, concluy\u00f3.<br \/>\nHoy en d\u00eda, el CCP San Felipe custodia y resguarda la integridad de cerca de 340 reclusos y de acuerdo a informes mencionados por el propio Medina, la jefatura de unidad en reiteradas ocasiones ha solicitado el aumento de dotaci\u00f3n en alrededor de 40 funcionarios, es decir, hoy por hoy no se est\u00e1 cumpliendo ni siquiera con el 10 % de la necesidad real de la unidad, situaci\u00f3n que si no es analizada y reestudiada por la Direcci\u00f3n Regional de Gendarmer\u00eda, podr\u00eda traer graves consecuencias en un futuro no muy lejano.<\/p>\n<div class=\"tiled-gallery type-rectangular tiled-gallery-unresized\" data-original-width=\"640\" data-carousel-extra='null' itemscope itemtype=\"http:\/\/schema.org\/ImageGallery\" > <div class=\"gallery-row\" style=\"width: 640px; height: 212px;\" data-original-width=\"640\" data-original-height=\"212\" > <div class=\"gallery-group images-1\" style=\"width: 319px; height: 212px;\" data-original-width=\"319\" data-original-height=\"212\" > <div class=\"tiled-gallery-item tiled-gallery-item-large\" itemprop=\"associatedMedia\" itemscope itemtype=\"http:\/\/schema.org\/ImageObject\"> <a href=\"https:\/\/eltrabajo.cl\/portal\/gendarmes-de-san-felipe-inician-movilizacion-que-podria-terminar-en-un-paro-total-de-funciones\/foto-3-frontis-del-centro-de-cumplimiento-penitenciario-ccp-san-felipe-2\/\" border=\"0\" itemprop=\"url\"> <meta itemprop=\"width\" content=\"315\"> <meta itemprop=\"height\" content=\"208\"> <img decoding=\"async\" class=\"\" data-attachment-id=\"65165\" data-orig-file=\"https:\/\/eltrabajo.cl\/portal\/wp-content\/uploads\/2015\/12\/FOTO-3-FRONTIS-DEL-CENTRO-DE-CUMPLIMIENTO-PENITENCIARIO-CCP-SAN-FELIPE-1.jpg\" data-orig-size=\"530,350\" data-comments-opened=\"1\" data-image-meta=\"{&quot;aperture&quot;:&quot;0&quot;,&quot;credit&quot;:&quot;&quot;,&quot;camera&quot;:&quot;&quot;,&quot;caption&quot;:&quot;&quot;,&quot;created_timestamp&quot;:&quot;0&quot;,&quot;copyright&quot;:&quot;Copyright 2012&quot;,&quot;focal_length&quot;:&quot;0&quot;,&quot;iso&quot;:&quot;0&quot;,&quot;shutter_speed&quot;:&quot;0&quot;,&quot;title&quot;:&quot;&quot;,&quot;orientation&quot;:&quot;0&quot;}\" data-image-title=\"FOTO 3 FRONTIS DEL CENTRO DE CUMPLIMIENTO PENITENCIARIO CCP SAN FELIPE\" data-image-description=\"&lt;p&gt;Frontis del centro de cumplimiento penitenciario, CCP San Felipe.&lt;\/p&gt; \" data-medium-file=\"https:\/\/i0.wp.com\/eltrabajo.cl\/portal\/wp-content\/uploads\/2015\/12\/FOTO-3-FRONTIS-DEL-CENTRO-DE-CUMPLIMIENTO-PENITENCIARIO-CCP-SAN-FELIPE-1.jpg?fit=300%2C198&#038;ssl=1\" data-large-file=\"https:\/\/i0.wp.com\/eltrabajo.cl\/portal\/wp-content\/uploads\/2015\/12\/FOTO-3-FRONTIS-DEL-CENTRO-DE-CUMPLIMIENTO-PENITENCIARIO-CCP-SAN-FELIPE-1.jpg?fit=530%2C350&#038;ssl=1\" src=\"https:\/\/i0.wp.com\/eltrabajo.cl\/portal\/wp-content\/uploads\/2015\/12\/FOTO-3-FRONTIS-DEL-CENTRO-DE-CUMPLIMIENTO-PENITENCIARIO-CCP-SAN-FELIPE-1.jpg?w=315&#038;h=208&#038;ssl=1\" srcset=\"https:\/\/i0.wp.com\/eltrabajo.cl\/portal\/wp-content\/uploads\/2015\/12\/FOTO-3-FRONTIS-DEL-CENTRO-DE-CUMPLIMIENTO-PENITENCIARIO-CCP-SAN-FELIPE-1.jpg?w=530&amp;ssl=1 530w, https:\/\/i0.wp.com\/eltrabajo.cl\/portal\/wp-content\/uploads\/2015\/12\/FOTO-3-FRONTIS-DEL-CENTRO-DE-CUMPLIMIENTO-PENITENCIARIO-CCP-SAN-FELIPE-1.jpg?resize=200%2C132&amp;ssl=1 200w, https:\/\/i0.wp.com\/eltrabajo.cl\/portal\/wp-content\/uploads\/2015\/12\/FOTO-3-FRONTIS-DEL-CENTRO-DE-CUMPLIMIENTO-PENITENCIARIO-CCP-SAN-FELIPE-1.jpg?resize=300%2C198&amp;ssl=1 300w, https:\/\/i0.wp.com\/eltrabajo.cl\/portal\/wp-content\/uploads\/2015\/12\/FOTO-3-FRONTIS-DEL-CENTRO-DE-CUMPLIMIENTO-PENITENCIARIO-CCP-SAN-FELIPE-1.jpg?resize=227%2C150&amp;ssl=1 227w, https:\/\/i0.wp.com\/eltrabajo.cl\/portal\/wp-content\/uploads\/2015\/12\/FOTO-3-FRONTIS-DEL-CENTRO-DE-CUMPLIMIENTO-PENITENCIARIO-CCP-SAN-FELIPE-1.jpg?resize=400%2C264&amp;ssl=1 400w\" width=\"315\" height=\"208\" loading=\"lazy\" data-original-width=\"315\" data-original-height=\"208\" itemprop=\"http:\/\/schema.org\/image\" title=\"FOTO 3 FRONTIS DEL CENTRO DE CUMPLIMIENTO PENITENCIARIO CCP SAN FELIPE\" alt=\"Frontis del centro de cumplimiento penitenciario, CCP San Felipe.\" style=\"width: 315px; height: 208px;\" \/> <\/a> <div class=\"tiled-gallery-caption\" itemprop=\"caption description\"> Frontis del centro de cumplimiento penitenciario, CCP San Felipe. <\/div> <\/div> <\/div> <!-- close group --> <div class=\"gallery-group images-1\" style=\"width: 321px; height: 212px;\" data-original-width=\"321\" data-original-height=\"212\" > <div class=\"tiled-gallery-item tiled-gallery-item-large\" itemprop=\"associatedMedia\" itemscope itemtype=\"http:\/\/schema.org\/ImageObject\"> <a href=\"https:\/\/eltrabajo.cl\/portal\/gendarmes-de-san-felipe-inician-movilizacion-que-podria-terminar-en-un-paro-total-de-funciones\/foto-1-sargento-segundo-luis-medina-leon-presidente-provincial-de-la-asociacion-nacional-de-sub-oficiales-planta-2-gendarmeria-de-chile-ansog\/\" border=\"0\" itemprop=\"url\"> <meta itemprop=\"width\" content=\"317\"> <meta itemprop=\"height\" content=\"208\"> <img decoding=\"async\" class=\"\" data-attachment-id=\"65162\" data-orig-file=\"https:\/\/eltrabajo.cl\/portal\/wp-content\/uploads\/2015\/12\/FOTO-1-Sargento-Segundo-Luis-Medina-Leon-Presidente-Provincial-de-la-Asociacion-Nacional-de-Sub-Oficiales-Planta-2-Gendarmer\u00eda-de-Chile-ANSOG.jpg\" data-orig-size=\"530,348\" data-comments-opened=\"1\" data-image-meta=\"{&quot;aperture&quot;:&quot;0&quot;,&quot;credit&quot;:&quot;&quot;,&quot;camera&quot;:&quot;&quot;,&quot;caption&quot;:&quot;&quot;,&quot;created_timestamp&quot;:&quot;0&quot;,&quot;copyright&quot;:&quot;Copyright 2012&quot;,&quot;focal_length&quot;:&quot;0&quot;,&quot;iso&quot;:&quot;0&quot;,&quot;shutter_speed&quot;:&quot;0&quot;,&quot;title&quot;:&quot;&quot;,&quot;orientation&quot;:&quot;0&quot;}\" data-image-title=\"FOTO 1 Sargento Segundo Luis Medina Leon Presidente Provincial de la Asociacion Nacional de Sub Oficiales Planta 2 Gendarmer\u00eda de Chile ANSOG\" data-image-description=\"&lt;p&gt;Sargento Segundo Luis Medina Le\u00f3n, presidente provincial de la Asociaci\u00f3n Nacional de Sub Oficiales Planta 2 Gendarmer\u00eda de Chile, Ansog.&lt;\/p&gt; \" data-medium-file=\"https:\/\/i0.wp.com\/eltrabajo.cl\/portal\/wp-content\/uploads\/2015\/12\/FOTO-1-Sargento-Segundo-Luis-Medina-Leon-Presidente-Provincial-de-la-Asociacion-Nacional-de-Sub-Oficiales-Planta-2-Gendarmer%C3%ADa-de-Chile-ANSOG.jpg?fit=300%2C197&#038;ssl=1\" data-large-file=\"https:\/\/i0.wp.com\/eltrabajo.cl\/portal\/wp-content\/uploads\/2015\/12\/FOTO-1-Sargento-Segundo-Luis-Medina-Leon-Presidente-Provincial-de-la-Asociacion-Nacional-de-Sub-Oficiales-Planta-2-Gendarmer%C3%ADa-de-Chile-ANSOG.jpg?fit=530%2C348&#038;ssl=1\" src=\"https:\/\/i0.wp.com\/eltrabajo.cl\/portal\/wp-content\/uploads\/2015\/12\/FOTO-1-Sargento-Segundo-Luis-Medina-Leon-Presidente-Provincial-de-la-Asociacion-Nacional-de-Sub-Oficiales-Planta-2-Gendarmer%C3%ADa-de-Chile-ANSOG.jpg?w=317&#038;h=208&#038;ssl=1\" width=\"317\" height=\"208\" loading=\"lazy\" data-original-width=\"317\" data-original-height=\"208\" itemprop=\"http:\/\/schema.org\/image\" title=\"FOTO 1 Sargento Segundo Luis Medina Leon Presidente Provincial de la Asociacion Nacional de Sub Oficiales Planta 2 Gendarmer\u00eda de Chile ANSOG\" alt=\"Sargento Segundo Luis Medina Le\u00f3n, presidente provincial de la Asociaci\u00f3n Nacional de Sub Oficiales Planta 2 Gendarmer\u00eda de Chile, Ansog.\" style=\"width: 317px; height: 208px;\" \/> <\/a> <div class=\"tiled-gallery-caption\" itemprop=\"caption description\"> Sargento Segundo Luis Medina Le\u00f3n, presidente provincial de la Asociaci\u00f3n Nacional de Sub Oficiales Planta 2 Gendarmer\u00eda de Chile, Ansog. <\/div> <\/div> <\/div> <!-- close group --> <\/div> <!-- close row --> <\/div>\n<p>&nbsp;<\/p>\n<p>&nbsp;<\/p>\n","protected":false},"excerpt":{"rendered":"<p>La c\u00e1rcel de San Felipe alberga a 340 reclusos, quienes hoy en d\u00eda est\u00e1n siendo custodiados por no m\u00e1s de 50 uniformados. De forma casi ir\u00f3nica, actualmente el personal de Gendarmer\u00eda del&#8230;<\/p>\n","protected":false},"author":482,"featured_media":65161,"comment_status":"open","ping_status":"open","sticky":false,"template":"","format":"standard","meta":{"advanced_seo_description":"","jetpack_seo_html_title":"","jetpack_seo_noindex":false,"_jetpack_memberships_contains_paid_content":false,"footnotes":""},"categories":[1],"tags":[],"class_list":["post-65160","post","type-post","status-publish","format-standard","has-post-thumbnail","hentry","category-cronica"],"jetpack_featured_media_url":"https:\/\/i0.wp.com\/eltrabajo.cl\/portal\/wp-content\/uploads\/2015\/12\/FOTO-2-FUNCIONARIOS-ESPERAN-RESPUESTA-DE-GENDARMERIA-ANTES-DE-RADICALIZAR-LA-MOVILIZACION.jpg?fit=530%2C350&ssl=1","jetpack_sharing_enabled":true,"jetpack_likes_enabled":true,"jetpack-related-posts":[],"_links":{"self":[{"href":"https:\/\/eltrabajo.cl\/portal\/wp-json\/wp\/v2\/posts\/65160","targetHints":{"allow":["GET"]}}],"collection":[{"href":"https:\/\/eltrabajo.cl\/portal\/wp-json\/wp\/v2\/posts"}],"about":[{"href":"https:\/\/eltrabajo.cl\/portal\/wp-json\/wp\/v2\/types\/post"}],"author":[{"embeddable":true,"href":"https:\/\/eltrabajo.cl\/portal\/wp-json\/wp\/v2\/users\/482"}],"replies":[{"embeddable":true,"href":"https:\/\/eltrabajo.cl\/portal\/wp-json\/wp\/v2\/comments?post=65160"}],"version-history":[{"count":0,"href":"https:\/\/eltrabajo.cl\/portal\/wp-json\/wp\/v2\/posts\/65160\/revisions"}],"wp:featuredmedia":[{"embeddable":true,"href":"https:\/\/eltrabajo.cl\/portal\/wp-json\/wp\/v2\/media\/65161"}],"wp:attachment":[{"href":"https:\/\/eltrabajo.cl\/portal\/wp-json\/wp\/v2\/media?parent=65160"}],"wp:term":[{"taxonomy":"category","embeddable":true,"href":"https:\/\/eltrabajo.cl\/portal\/wp-json\/wp\/v2\/categories?post=65160"},{"taxonomy":"post_tag","embeddable":true,"href":"https:\/\/eltrabajo.cl\/portal\/wp-json\/wp\/v2\/tags?post=65160"}],"curies":[{"name":"wp","href":"https:\/\/api.w.org\/{rel}","templated":true}]}}