{"id":65167,"date":"2015-12-24T14:39:18","date_gmt":"2015-12-24T17:39:18","guid":{"rendered":"http:\/\/www.eltrabajo.cl\/portal\/?p=65167"},"modified":"2015-12-24T14:39:18","modified_gmt":"2015-12-24T17:39:18","slug":"alcalde-freire-entrego-folletos-de-autocuidado-en-inmediaciones-de-la-plaza-de-armas","status":"publish","type":"post","link":"https:\/\/eltrabajo.cl\/portal\/alcalde-freire-entrego-folletos-de-autocuidado-en-inmediaciones-de-la-plaza-de-armas\/","title":{"rendered":"Alcalde Freire entreg\u00f3 folletos de autocuidado en inmediaciones de la Plaza de Armas"},"content":{"rendered":"<figure id=\"attachment_65168\" aria-describedby=\"caption-attachment-65168\" style=\"width: 300px\" class=\"wp-caption alignleft\"><img data-recalc-dims=\"1\" loading=\"lazy\" decoding=\"async\" class=\"wp-image-65168 size-medium\" src=\"https:\/\/i0.wp.com\/www.eltrabajo.cl\/portal\/wp-content\/uploads\/2015\/12\/FOTO-2-Alcalde-Patricio-Freire-Canto-se-hizo-parte-de-la-Campana-Nacional-En-estas-fiestas-no-regales-tu-Seguridad-y-entrego-volantes-en-pleno-centro-de-la-ciudad-300x198.jpg?resize=300%2C198\" alt=\"Alcalde Patricio Freire Canto se hizo parte de la Campa\u00f1a Nacional En estas fiestas no regales tu Seguridad y entreg\u00f3 volantes de autocuidado en pleno centro de la ciudad.\" width=\"300\" height=\"198\" srcset=\"https:\/\/i0.wp.com\/eltrabajo.cl\/portal\/wp-content\/uploads\/2015\/12\/FOTO-2-Alcalde-Patricio-Freire-Canto-se-hizo-parte-de-la-Campana-Nacional-En-estas-fiestas-no-regales-tu-Seguridad-y-entrego-volantes-en-pleno-centro-de-la-ciudad.jpg?resize=300%2C198&amp;ssl=1 300w, https:\/\/i0.wp.com\/eltrabajo.cl\/portal\/wp-content\/uploads\/2015\/12\/FOTO-2-Alcalde-Patricio-Freire-Canto-se-hizo-parte-de-la-Campana-Nacional-En-estas-fiestas-no-regales-tu-Seguridad-y-entrego-volantes-en-pleno-centro-de-la-ciudad.jpg?resize=200%2C132&amp;ssl=1 200w, https:\/\/i0.wp.com\/eltrabajo.cl\/portal\/wp-content\/uploads\/2015\/12\/FOTO-2-Alcalde-Patricio-Freire-Canto-se-hizo-parte-de-la-Campana-Nacional-En-estas-fiestas-no-regales-tu-Seguridad-y-entrego-volantes-en-pleno-centro-de-la-ciudad.jpg?resize=227%2C150&amp;ssl=1 227w, https:\/\/i0.wp.com\/eltrabajo.cl\/portal\/wp-content\/uploads\/2015\/12\/FOTO-2-Alcalde-Patricio-Freire-Canto-se-hizo-parte-de-la-Campana-Nacional-En-estas-fiestas-no-regales-tu-Seguridad-y-entrego-volantes-en-pleno-centro-de-la-ciudad.jpg?resize=400%2C264&amp;ssl=1 400w, https:\/\/i0.wp.com\/eltrabajo.cl\/portal\/wp-content\/uploads\/2015\/12\/FOTO-2-Alcalde-Patricio-Freire-Canto-se-hizo-parte-de-la-Campana-Nacional-En-estas-fiestas-no-regales-tu-Seguridad-y-entrego-volantes-en-pleno-centro-de-la-ciudad.jpg?w=530&amp;ssl=1 530w\" sizes=\"auto, (max-width: 300px) 100vw, 300px\" \/><figcaption id=\"caption-attachment-65168\" class=\"wp-caption-text\">Alcalde Patricio Freire Canto se hizo parte de la Campa\u00f1a Nacional En estas fiestas no regales tu Seguridad y entreg\u00f3 volantes de autocuidado en pleno centro de la ciudad.<\/figcaption><\/figure>\n<ul>\n<li><strong>Distribuir la plata en distintos bolsillos, no guardar la billetera en bolsillos traseros, sacar plata de cajeros autom\u00e1ticos en horarios punta, en lugares donde haya mucha concurrencia de p\u00fablico, estacionar el veh\u00edculo en lugares autorizados y nunca dejar paquetes o bolsas de valor a la vista, no portar joyas de valor a la vista, transitar por calles iluminadas y esperar locomoci\u00f3n en lugares habilitados y transitados, son algunas de las recomendaciones que inclu\u00eda el informativo.<\/strong><\/li>\n<\/ul>\n<p>Desafiando el infernal calor que se registraba ayer al mediod\u00eda, el alcalde de San Felipe Patricio Freire, el coordinador del Plan Comunal de Seguridad P\u00fablica Alexis Guerrero y personal de Carabineros, recorrieron las calles aleda\u00f1as a la plaza de Armas para entregar folletos informativos respecto al autocuidado durante las compras en v\u00edsperas de navidad y a\u00f1o nuevo.<br \/>\nLa actividad est\u00e1 enmarcada en la Campa\u00f1a Nacional \u2018En estas fiestas no regales tu seguridad\u2019, que encabeza la Subsecretar\u00eda de Prevenci\u00f3n del Delito y que tiene como objetivo reducir el n\u00famero de delitos en la v\u00eda p\u00fablica durante las fiestas de fin de a\u00f1o.<\/p>\n<figure id=\"attachment_65149\" aria-describedby=\"caption-attachment-65149\" style=\"width: 200px\" class=\"wp-caption alignright\"><img data-recalc-dims=\"1\" loading=\"lazy\" decoding=\"async\" class=\"wp-image-65149 size-thumbnail\" src=\"https:\/\/i0.wp.com\/www.eltrabajo.cl\/portal\/wp-content\/uploads\/2015\/12\/FOTO-1-ALEXIS-GUERRERO-coordinador-del-Plan-Comunal-de-Seguridad-Publica-200x131.jpg?resize=200%2C131\" alt=\"Alexis Guerrero coordinador del Plan Comunal de Seguridad P\u00fablica.\" width=\"200\" height=\"131\" srcset=\"https:\/\/i0.wp.com\/eltrabajo.cl\/portal\/wp-content\/uploads\/2015\/12\/FOTO-1-ALEXIS-GUERRERO-coordinador-del-Plan-Comunal-de-Seguridad-Publica.jpg?resize=200%2C131&amp;ssl=1 200w, https:\/\/i0.wp.com\/eltrabajo.cl\/portal\/wp-content\/uploads\/2015\/12\/FOTO-1-ALEXIS-GUERRERO-coordinador-del-Plan-Comunal-de-Seguridad-Publica.jpg?resize=300%2C197&amp;ssl=1 300w, https:\/\/i0.wp.com\/eltrabajo.cl\/portal\/wp-content\/uploads\/2015\/12\/FOTO-1-ALEXIS-GUERRERO-coordinador-del-Plan-Comunal-de-Seguridad-Publica.jpg?resize=228%2C150&amp;ssl=1 228w, https:\/\/i0.wp.com\/eltrabajo.cl\/portal\/wp-content\/uploads\/2015\/12\/FOTO-1-ALEXIS-GUERRERO-coordinador-del-Plan-Comunal-de-Seguridad-Publica.jpg?resize=400%2C263&amp;ssl=1 400w, https:\/\/i0.wp.com\/eltrabajo.cl\/portal\/wp-content\/uploads\/2015\/12\/FOTO-1-ALEXIS-GUERRERO-coordinador-del-Plan-Comunal-de-Seguridad-Publica.jpg?w=530&amp;ssl=1 530w\" sizes=\"auto, (max-width: 200px) 100vw, 200px\" \/><figcaption id=\"caption-attachment-65149\" class=\"wp-caption-text\">Alexis Guerrero coordinador del Plan Comunal de Seguridad P\u00fablica.<\/figcaption><\/figure>\n<p>Para Alexis Guerrero es imprescindible entregar este tipo de recomendaciones a los vecinos ya que \u201cprincipalmente apuntamos a lo que pasa con la autoprotecci\u00f3n, con la aglomeraci\u00f3n de p\u00fablico, el transporte del dinero y tambi\u00e9n proyectamos a lo que va a suceder en per\u00edodo de vacaciones cuando las familias salgan desde sus casas\u201d, apunt\u00f3.<br \/>\nLa idea es combatir el actuar de los delincuentes y favorecer la seguridad de los sanfelipe\u00f1os y ante esto, el edil Patricio Freire manifest\u00f3 que \u201cqueremos ayudar a los vecinos de la ciudad a que cuiden su billetera y que en estas fiestas puedan andar tranquilos, a que tomen precauciones cuando hacen las compras, por ejemplo con las carteras\u201d, expres\u00f3.<br \/>\nAl mismo tiempo, Freire valor\u00f3 el enorme despliegue de efectivos policiales en el centro de la ciudad, gracias al trabajo mancomunado que ha realizado el municipio con la Segunda Comisar\u00eda, siempre con el \u00fanico af\u00e1n de proteger a los vecinos que en estas fechas se agolpan a las distintas tiendas y supermercados del centro, generando un foco muy atractivo para los antisociales.<br \/>\nDentro de los consejos que se especificaban en el d\u00edptico estaban los relacionados con el transporte de dinero, en el cual, se recomendaba distribuir la plata en distintos bolsillos, no guardar la billetera en bolsillos traseros y sacar plata de cajeros autom\u00e1ticos en horarios punta, en lugares donde haya mucha concurrencia de p\u00fablico.<br \/>\nAdem\u00e1s se consideraban momentos de las compras muy importantes como el estacionar el veh\u00edculo, en ese punto el informativo indicaba hacerlo en lugares autorizados y nunca dejar paquetes o bolsas de valor a la vista.<br \/>\nPor \u00faltimo, se aconsejan normas para los espacios p\u00fablicos tan obvias como necesarias en relaci\u00f3n con no portar joyas de valor a la vista, transitar por calles iluminadas, esperar locomoci\u00f3n en lugares habilitados y transitados.<\/p>\n","protected":false},"excerpt":{"rendered":"<p>Distribuir la plata en distintos bolsillos, no guardar la billetera en bolsillos traseros, sacar plata de cajeros autom\u00e1ticos en horarios punta, en lugares donde haya mucha concurrencia de p\u00fablico, estacionar el veh\u00edculo&#8230;<\/p>\n","protected":false},"author":482,"featured_media":65168,"comment_status":"open","ping_status":"open","sticky":false,"template":"","format":"standard","meta":{"advanced_seo_description":"","jetpack_seo_html_title":"","jetpack_seo_noindex":false,"_jetpack_memberships_contains_paid_content":false,"footnotes":""},"categories":[15],"tags":[],"class_list":["post-65167","post","type-post","status-publish","format-standard","has-post-thumbnail","hentry","category-comunidad"],"jetpack_featured_media_url":"https:\/\/i0.wp.com\/eltrabajo.cl\/portal\/wp-content\/uploads\/2015\/12\/FOTO-2-Alcalde-Patricio-Freire-Canto-se-hizo-parte-de-la-Campana-Nacional-En-estas-fiestas-no-regales-tu-Seguridad-y-entrego-volantes-en-pleno-centro-de-la-ciudad.jpg?fit=530%2C350&ssl=1","jetpack_sharing_enabled":true,"jetpack_likes_enabled":true,"jetpack-related-posts":[],"_links":{"self":[{"href":"https:\/\/eltrabajo.cl\/portal\/wp-json\/wp\/v2\/posts\/65167","targetHints":{"allow":["GET"]}}],"collection":[{"href":"https:\/\/eltrabajo.cl\/portal\/wp-json\/wp\/v2\/posts"}],"about":[{"href":"https:\/\/eltrabajo.cl\/portal\/wp-json\/wp\/v2\/types\/post"}],"author":[{"embeddable":true,"href":"https:\/\/eltrabajo.cl\/portal\/wp-json\/wp\/v2\/users\/482"}],"replies":[{"embeddable":true,"href":"https:\/\/eltrabajo.cl\/portal\/wp-json\/wp\/v2\/comments?post=65167"}],"version-history":[{"count":0,"href":"https:\/\/eltrabajo.cl\/portal\/wp-json\/wp\/v2\/posts\/65167\/revisions"}],"wp:featuredmedia":[{"embeddable":true,"href":"https:\/\/eltrabajo.cl\/portal\/wp-json\/wp\/v2\/media\/65168"}],"wp:attachment":[{"href":"https:\/\/eltrabajo.cl\/portal\/wp-json\/wp\/v2\/media?parent=65167"}],"wp:term":[{"taxonomy":"category","embeddable":true,"href":"https:\/\/eltrabajo.cl\/portal\/wp-json\/wp\/v2\/categories?post=65167"},{"taxonomy":"post_tag","embeddable":true,"href":"https:\/\/eltrabajo.cl\/portal\/wp-json\/wp\/v2\/tags?post=65167"}],"curies":[{"name":"wp","href":"https:\/\/api.w.org\/{rel}","templated":true}]}}