{"id":65176,"date":"2015-12-24T14:43:52","date_gmt":"2015-12-24T17:43:52","guid":{"rendered":"http:\/\/www.eltrabajo.cl\/portal\/?p=65176"},"modified":"2015-12-24T14:43:52","modified_gmt":"2015-12-24T17:43:52","slug":"condenan-a-supermercado-al-pago-de-2-millones-a-cliente-que-sufrio-robo-en-estacionamiento","status":"publish","type":"post","link":"https:\/\/eltrabajo.cl\/portal\/condenan-a-supermercado-al-pago-de-2-millones-a-cliente-que-sufrio-robo-en-estacionamiento\/","title":{"rendered":"Condenan a supermercado al pago de $2 millones a cliente que sufri\u00f3 robo en estacionamiento"},"content":{"rendered":"<figure id=\"attachment_65177\" aria-describedby=\"caption-attachment-65177\" style=\"width: 300px\" class=\"wp-caption alignleft\"><img data-recalc-dims=\"1\" loading=\"lazy\" decoding=\"async\" class=\"wp-image-65177 size-medium\" src=\"https:\/\/i0.wp.com\/www.eltrabajo.cl\/portal\/wp-content\/uploads\/2015\/12\/Maria-Loreto-Allendes-abogado-300x197.jpg?resize=300%2C197\" alt=\"La abogado Mar\u00eda Loreto Allendes llev\u00f3 a juicio el caso en representaci\u00f3n del cliente afectado.\" width=\"300\" height=\"197\" srcset=\"https:\/\/i0.wp.com\/eltrabajo.cl\/portal\/wp-content\/uploads\/2015\/12\/Maria-Loreto-Allendes-abogado.jpg?resize=300%2C197&amp;ssl=1 300w, https:\/\/i0.wp.com\/eltrabajo.cl\/portal\/wp-content\/uploads\/2015\/12\/Maria-Loreto-Allendes-abogado.jpg?resize=200%2C131&amp;ssl=1 200w, https:\/\/i0.wp.com\/eltrabajo.cl\/portal\/wp-content\/uploads\/2015\/12\/Maria-Loreto-Allendes-abogado.jpg?resize=228%2C150&amp;ssl=1 228w, https:\/\/i0.wp.com\/eltrabajo.cl\/portal\/wp-content\/uploads\/2015\/12\/Maria-Loreto-Allendes-abogado.jpg?resize=400%2C263&amp;ssl=1 400w, https:\/\/i0.wp.com\/eltrabajo.cl\/portal\/wp-content\/uploads\/2015\/12\/Maria-Loreto-Allendes-abogado.jpg?w=530&amp;ssl=1 530w\" sizes=\"auto, (max-width: 300px) 100vw, 300px\" \/><figcaption id=\"caption-attachment-65177\" class=\"wp-caption-text\">La abogado Mar\u00eda Loreto Allendes llev\u00f3 a juicio el caso en representaci\u00f3n del cliente afectado.<\/figcaption><\/figure>\n<ul>\n<li><strong>El cliente se querell\u00f3 contra el Supermercado Acuenta de avenida Maip\u00fa de San Felipe, tras descubrir el robo de art\u00edculos electr\u00f3nicos que manten\u00eda al interior de su veh\u00edculo mientras realizaba compras al interior del local comercial.<\/strong><\/li>\n<\/ul>\n<p>El Juzgado de Polic\u00eda Local conden\u00f3 al Supermercado &#8216;A Cuenta&#8217; al pago de una multa consistente en 30 Unidades Tributarias Mensuales por infracci\u00f3n a la Ley 19.496 del Consumidor, acogiendo adem\u00e1s una querella civil por concepto de da\u00f1o moral en dos millones de pesos, a un cliente que sufri\u00f3 el robo de art\u00edculos electr\u00f3nicos que manten\u00eda al interior de su veh\u00edculo mientras realizaba compras en este establecimiento comercial, ubicado en avenida Maip\u00fa 1121 de San Felipe.<br \/>\nLos hechos demandados por la abogado Mar\u00eda Loreto Allendes en representaci\u00f3n del afectado y su grupo familiar, sucedieron el d\u00eda 19 de octubre del a\u00f1o 2014, cuando M\u00e1ximo Vergara Osorio estacion\u00f3 su veh\u00edculo en los estacionamientos habilitados por este supermercado para efectuar compras de bebidas y alimentos a eso del mediod\u00eda.<br \/>\nAl concluir la transacci\u00f3n comercial se percat\u00f3 que una de las chapas de la puerta de su autom\u00f3vil se encontraba descerrajada, comprobando el robo de tres bolsos que conten\u00edan art\u00edculos electr\u00f3nicos como c\u00e1mara filmadora, un notebook y c\u00e1mara fotogr\u00e1fica. Elementos que utilizar\u00eda para registrar un evento donde participar\u00eda su familia en el Estadio Fiscal de San Felipe en las Olimpiadas Interdistritales de Conquistadores y Aventureros de la Iglesia Adventista del S\u00e9ptimo D\u00eda.<br \/>\nTras el descubrimiento del delito, el cliente revel\u00f3 los hechos al personal de seguridad del establecimiento comercial, quienes posteriormente requirieron la presencia de Carabineros que acogieron la denuncia quedando el caso en manos de la Fiscal\u00eda de San Felipe.<br \/>\nSin embargo, los afectados iniciaron una querella civil en contra del supermercado fundamentando el cobro de da\u00f1o emergente y da\u00f1o moral consistente en $31.500.000 que desglosa a todos los componente del n\u00facleo familiar que fue afectado por este delito sufrido.<br \/>\nAdem\u00e1s se pudo constatar durante el juicio que el cliente afectado realiz\u00f3 compras en dicho establecimiento comercial tras la constataci\u00f3n de la boleta electr\u00f3nica que garantiza los derechos del consumidor al encontrarse en las dependencias de esta empresa.<br \/>\nNo obstante el juez Jaime Lepe Fern\u00e1ndez del Juzgado de Polic\u00eda Local, rebaj\u00f3 el concepto por da\u00f1o moral al cliente en la suma de dos millones de pesos y el pago de una multa de 30 UTM por infracci\u00f3n en tres art\u00edculos de la Ley 19.496 del Consumidor.<br \/>\nEn tanto la abogado Mar\u00eda Loreto Allendes que llev\u00f3 el caso a juicio se\u00f1al\u00f3 que tras la condena impuesta la defensor\u00eda del supermercado demandado, apel\u00f3 ante la Corte de Valpara\u00edso quien deber\u00e1 resolver si la sentencia se ajusta a derecho o se anula.<br \/>\n<strong>Pablo Salinas Sald\u00edas<\/strong><\/p>\n","protected":false},"excerpt":{"rendered":"<p>El cliente se querell\u00f3 contra el Supermercado Acuenta de avenida Maip\u00fa de San Felipe, tras descubrir el robo de art\u00edculos electr\u00f3nicos que manten\u00eda al interior de su veh\u00edculo mientras realizaba compras al&#8230;<\/p>\n","protected":false},"author":482,"featured_media":65177,"comment_status":"open","ping_status":"open","sticky":false,"template":"","format":"standard","meta":{"advanced_seo_description":"","jetpack_seo_html_title":"","jetpack_seo_noindex":false,"_jetpack_memberships_contains_paid_content":false,"footnotes":""},"categories":[1],"tags":[],"class_list":["post-65176","post","type-post","status-publish","format-standard","has-post-thumbnail","hentry","category-cronica"],"jetpack_featured_media_url":"https:\/\/i0.wp.com\/eltrabajo.cl\/portal\/wp-content\/uploads\/2015\/12\/Maria-Loreto-Allendes-abogado.jpg?fit=530%2C348&ssl=1","jetpack_sharing_enabled":true,"jetpack_likes_enabled":true,"jetpack-related-posts":[],"_links":{"self":[{"href":"https:\/\/eltrabajo.cl\/portal\/wp-json\/wp\/v2\/posts\/65176","targetHints":{"allow":["GET"]}}],"collection":[{"href":"https:\/\/eltrabajo.cl\/portal\/wp-json\/wp\/v2\/posts"}],"about":[{"href":"https:\/\/eltrabajo.cl\/portal\/wp-json\/wp\/v2\/types\/post"}],"author":[{"embeddable":true,"href":"https:\/\/eltrabajo.cl\/portal\/wp-json\/wp\/v2\/users\/482"}],"replies":[{"embeddable":true,"href":"https:\/\/eltrabajo.cl\/portal\/wp-json\/wp\/v2\/comments?post=65176"}],"version-history":[{"count":0,"href":"https:\/\/eltrabajo.cl\/portal\/wp-json\/wp\/v2\/posts\/65176\/revisions"}],"wp:featuredmedia":[{"embeddable":true,"href":"https:\/\/eltrabajo.cl\/portal\/wp-json\/wp\/v2\/media\/65177"}],"wp:attachment":[{"href":"https:\/\/eltrabajo.cl\/portal\/wp-json\/wp\/v2\/media?parent=65176"}],"wp:term":[{"taxonomy":"category","embeddable":true,"href":"https:\/\/eltrabajo.cl\/portal\/wp-json\/wp\/v2\/categories?post=65176"},{"taxonomy":"post_tag","embeddable":true,"href":"https:\/\/eltrabajo.cl\/portal\/wp-json\/wp\/v2\/tags?post=65176"}],"curies":[{"name":"wp","href":"https:\/\/api.w.org\/{rel}","templated":true}]}}